{"id":2579,"date":"2017-02-20T02:00:15","date_gmt":"2017-02-20T01:00:15","guid":{"rendered":"http:\/\/www.culturalusa.com\/news\/?p=2579"},"modified":"2020-11-04T15:05:01","modified_gmt":"2020-11-04T14:05:01","slug":"espagne-portugal-grande-tension-autour-de-dechets-nucleaires","status":"publish","type":"post","link":"https:\/\/www.culturalusa.com\/news\/portugal\/espagne-portugal-grande-tension-autour-de-dechets-nucleaires\/","title":{"rendered":"Espagne-Portugal: grande tension autour de d\u00e9chets nucl\u00e9aires"},"content":{"rendered":"<p>Non seulement les deux voisins ib\u00e9riques partagent la plus vieille fronti\u00e8re europ\u00e9enne, mais ils peuvent se targuer, malgr\u00e9 les actuelles convulsions, d\u2019entretenir g\u00e9n\u00e9ralement d\u2019excellentes relations bilat\u00e9rales. Ces jours-ci, pourtant, un conflit nucl\u00e9aire d\u2019envergure les oppose violemment. <\/p>\n<p>Du fait de \u00abl\u2019absence de concertation et de consensus\u00bb avec le chef de l\u2019ex\u00e9cutif, Mariano Rajoy, le gouvernement portugais vient de d\u00e9poser une plainte aupr\u00e8s de la justice communautaire et de Bruxelles, accusant Madrid de \u00abviol de la l\u00e9gislation europ\u00e9enne et de rupture de loyaut\u00e9 entre deux Etats-membres\u00bb. <\/p>\n<p>Parall\u00e8lement, l\u2019ensemble de l&rsquo;\u00abAssembl\u00e9e de la R\u00e9publique\u00bb (le Parlement national, \u00e0 Lisbonne) a condamn\u00e9 \u00e0 l\u2019unanimit\u00e9 les agissements de Madrid, accus\u00e9 de \u00abpoursuivre une politique nucl\u00e9aire dangereuse et irresponsable\u00bb<\/p>\n<p>En jeu, la centrale nucl\u00e9aire d\u2019Almaraz, en Estr\u00e9madure, \u00e0 seulement une centaine de kilom\u00e8tres de la fronti\u00e8re portugaise. <\/p>\n<p>Du c\u00f4t\u00e9 de Lisbonne, tous gouvernements confondus, on n\u2019a jamais appr\u00e9ci\u00e9 l\u2019existence de cette centrale si proche, la plus puissante de l\u2019arsenal espagnol avec ses deux r\u00e9acteurs qui \u00e0 eux seuls produisent 26% de l\u2019\u00e9nergie nucl\u00e9aire du pays (qui, elle-m\u00eame, p\u00e8se 20% de la production \u00e9nerg\u00e9tique globale). <\/p>\n<p>Le n\u0153ud du conflit : les autorit\u00e9s \u00e0 Madrid ont approuv\u00e9 la construction d\u2019un site de stockage de r\u00e9sidus nucl\u00e9aires \u00e0 Almaraz, projet confirm\u00e9 par le r\u00e9cent feu vert du minist\u00e8re de l\u2019Environnement. <\/p>\n<p>Ce site aura une superficie de 2 600 m\u00e8tres carr\u00e9s et ne devrait h\u00e9berger les d\u00e9chets de la centrale que \u00abde mani\u00e8re temporaire\u00bb. <\/p>\n<p>Mais, pour Lisbonne, la coupe est pleine, arguant qu\u2019en vertu de la l\u00e9gislation europ\u00e9enne, toute d\u00e9cision li\u00e9e \u00e0 une affaire bilat\u00e9rale ne peut \u00eatre prise qu\u2019apr\u00e8s consultation des deux parties. Or, dans ce cas, le Portugal n\u2019a pas \u00e9t\u00e9 consult\u00e9.<\/p>\n<p>Le sujet de fond, en r\u00e9alit\u00e9, porte moins sur ce lieu de stockage de d\u00e9chets que sur la dur\u00e9e de vie des r\u00e9acteurs. L\u2019ex\u00e9cutif conservateur espagnol est en effet d\u00e9termin\u00e9 \u00e0 prolonger l\u2019existence de ses cinq centrales, la plupart install\u00e9es dans les ann\u00e9es 80. <\/p>\n<p>Dans le cas d\u2019Almaraz, qui date de 1983, son exploitation doit expirer en 2020. Or, l\u2019administration Rajoy vient d\u2019engager les proc\u00e9dures pour que ce d\u00e9lai soit largement \u00e9largi, afin que la centrale puisse souffler ses 50, voire ses 60 bougies, sur le mod\u00e8le des centrales aux Etats-Unis. <\/p>\n<p>En Espagne, la pol\u00e9mique se porte tout autant sur Garo\u00f1a, dans la province de Burgos, la centrale la plus ancienne, qui a d\u00e9j\u00e0 fonctionn\u00e9 pendant quarante ans et avait ferm\u00e9 en 2012. D\u00e9but f\u00e9vrier, le gouvernement a re\u00e7u l\u2019autorisation du Conseil de s\u00e9curit\u00e9 nucl\u00e9aire, le CSN, pour rouvrir ses portes.<\/p>\n<p>R\u00e9unissant trois formations (socialistes, Podemos et Ciudadanos), avec l\u2019appui de toutes les organisations \u00e9cologistes, un front du refus s\u2019est constitu\u00e9, estimant que le CSN n\u2019a pas \u00abr\u00e9alis\u00e9 les investissements n\u00e9cessaires\u00bb. L\u2019estimation du CSN s\u2019\u00e9l\u00e8ve \u00e0 150 millions d\u2019euros. <\/p>\n<p>\u00abEn r\u00e9alit\u00e9, ce serait une authentique folie de r\u00e9activer Garo\u00f1a, qui n\u2019offre aucune garantie suffisante, enrage Francisco Castej\u00f3n, de Ecologistas en Acci\u00f3n. L\u2019enjeu est important : si cette centrale rouvre, la voie est ouverte pour la prolongation de tous les r\u00e9acteurs jusqu\u2019\u00e0 soixante ans d\u2019existence. Voil\u00e0 pourquoi c\u2019est maintenant qu\u2019il faut barrer la route \u00e0 cette irresponsabilit\u00e9.\u00bb <\/p>\n<p>Du c\u00f4t\u00e9 de Greenpeace, comme pour les partis de l\u2019opposition, on voit une strat\u00e9gie derri\u00e8re la construction d\u2019un site de d\u00e9chets \u00e0 Almaraz, n\u00e9e douze ans apr\u00e8s Garo\u00f1a : \u00abSi ce projet voit le jour, souligne Raquel Monton, cela sera une fa\u00e7on de nous mettre devant le fait accompli que la centrale ne sera pas ferm\u00e9e avant belle lurette. (<a style=\"color:#555;\" href=\"http:\/\/www.liberation.fr\/\" target=\"_blank\" rel=\"noopener noreferrer\">s.Libe<\/a>)<\/p>\n","protected":false},"excerpt":{"rendered":"<p>Non seulement les deux voisins ib\u00e9riques partagent la plus vieille fronti\u00e8re europ\u00e9enne, mais ils peuvent se targuer, malgr\u00e9 les actuelles convulsions, d\u2019entretenir g\u00e9n\u00e9ralement d\u2019excellentes relations bilat\u00e9rales. Ces jours-ci, pourtant, un conflit nucl\u00e9aire d\u2019envergure les oppose violemment. Du fait de \u00abl\u2019absence de concertation et de consensus\u00bb avec le chef de l\u2019ex\u00e9cutif, Mariano Rajoy, le gouvernement portugais [&hellip;]<\/p>\n","protected":false},"author":1,"featured_media":2547,"comment_status":"open","ping_status":"closed","sticky":false,"template":"","format":"standard","meta":{"footnotes":""},"categories":[3],"tags":[600,599,407,321],"class_list":["post-2579","post","type-post","status-publish","format-standard","has-post-thumbnail","hentry","category-portugal","tag-centrale-nucleaire-almaraz","tag-dechets-nucleaires","tag-espagne","tag-portugal"],"aioseo_notices":[],"_links":{"self":[{"href":"https:\/\/www.culturalusa.com\/news\/wp-json\/wp\/v2\/posts\/2579","targetHints":{"allow":["GET"]}}],"collection":[{"href":"https:\/\/www.culturalusa.com\/news\/wp-json\/wp\/v2\/posts"}],"about":[{"href":"https:\/\/www.culturalusa.com\/news\/wp-json\/wp\/v2\/types\/post"}],"author":[{"embeddable":true,"href":"https:\/\/www.culturalusa.com\/news\/wp-json\/wp\/v2\/users\/1"}],"replies":[{"embeddable":true,"href":"https:\/\/www.culturalusa.com\/news\/wp-json\/wp\/v2\/comments?post=2579"}],"version-history":[{"count":0,"href":"https:\/\/www.culturalusa.com\/news\/wp-json\/wp\/v2\/posts\/2579\/revisions"}],"wp:featuredmedia":[{"embeddable":true,"href":"https:\/\/www.culturalusa.com\/news\/wp-json\/wp\/v2\/media\/2547"}],"wp:attachment":[{"href":"https:\/\/www.culturalusa.com\/news\/wp-json\/wp\/v2\/media?parent=2579"}],"wp:term":[{"taxonomy":"category","embeddable":true,"href":"https:\/\/www.culturalusa.com\/news\/wp-json\/wp\/v2\/categories?post=2579"},{"taxonomy":"post_tag","embeddable":true,"href":"https:\/\/www.culturalusa.com\/news\/wp-json\/wp\/v2\/tags?post=2579"}],"curies":[{"name":"wp","href":"https:\/\/api.w.org\/{rel}","templated":true}]}}