{"id":2588,"date":"2017-02-25T20:02:16","date_gmt":"2017-02-25T19:02:16","guid":{"rendered":"http:\/\/www.culturalusa.com\/news\/?p=2588"},"modified":"2017-02-25T20:02:16","modified_gmt":"2017-02-25T19:02:16","slug":"paris-nest-plus-paris-selon-donald-trump","status":"publish","type":"post","link":"https:\/\/www.culturalusa.com\/news\/actualite\/paris-nest-plus-paris-selon-donald-trump\/","title":{"rendered":"\u00ab\u00a0Paris n&rsquo;est plus Paris\u00a0\u00bb selon Donald Trump"},"content":{"rendered":"<p><img loading=\"lazy\" decoding=\"async\" src=\"http:\/\/www.culturalusa.com\/news\/wp-content\/uploads\/2016\/11\/Trump.jpg\" alt=\"D. Trump\" width=\"470\" height=\"280\" class=\"aligncenter size-full wp-image-2519\" srcset=\"https:\/\/www.culturalusa.com\/news\/wp-content\/uploads\/2016\/11\/Trump.jpg 470w, https:\/\/www.culturalusa.com\/news\/wp-content\/uploads\/2016\/11\/Trump-275x164.jpg 275w\" sizes=\"auto, (max-width: 470px) 100vw, 470px\" \/>\u00ab\u00a0Paris n&rsquo;est plus Paris\u00a0\u00bb: le pr\u00e9sident am\u00e9ricain Donald Trump a cit\u00e9 vendredi \u00ab\u00a0un ami\u00a0\u00bb qui ne met plus les pieds dans la capitale fran\u00e7aise, pour d\u00e9fendre sa politique migratoire en prenant la France, la Su\u00e8de et l&rsquo;Europe en g\u00e9n\u00e9ral comme contre-exemples.<\/p>\n<p>\u00ab\u00a0La s\u00e9curit\u00e9 nationale commence par la s\u00e9curit\u00e9 aux fronti\u00e8res. Les terroristes \u00e9trangers ne pourront pas frapper l&rsquo;Am\u00e9rique s&rsquo;ils ne peuvent entrer dans notre pays\u00a0\u00bb, a-t-il lanc\u00e9 lors de la grande conf\u00e9rence annuelle des conservateurs CPAC.<\/p>\n<p>\u00ab\u00a0Regardez ce qui se passe en Europe! Regardez ce qui passe en Europe!\u00a0\u00bb, a-t-il martel\u00e9, d\u00e9fendant une nouvelle fois ses propos controvers\u00e9s sur la Su\u00e8de liant l&rsquo;immigration \u00e0 une pr\u00e9sum\u00e9e pouss\u00e9e de violence. \u00ab\u00a0J&rsquo;adore la Su\u00e8de mais les gens l\u00e0-bas comprennent que j&rsquo;ai raison\u00a0\u00bb.<\/p>\n<p>S&rsquo;il a d\u00e9j\u00e0 utilis\u00e9 \u00e0 de nombreuses reprises en campagne cette r\u00e9f\u00e9rence aux attentats perp\u00e9tr\u00e9s en France pour justifier sa politique sur l&rsquo;immigration, le pr\u00e9sident r\u00e9publicain s&rsquo;est attard\u00e9 plus longuement cette fois-ci sur la capitale fran\u00e7aise.<\/p>\n<p>\u00ab\u00a0J&rsquo;ai un ami, c&rsquo;est quelqu&rsquo;un de tr\u00e8s tr\u00e8s important. Il adore la Ville lumi\u00e8re. Pendant des ann\u00e9es, tous les \u00e9t\u00e9s, il allait \u00e0 Paris, avec sa femme et sa famille\u00a0\u00bb, a-t-il racont\u00e9.<\/p>\n<p>\u00ab\u00a0Je ne l&rsquo;avais pas vu depuis longtemps et j&rsquo;ai dit +Jim, comment va Paris ?+; +Je n&rsquo;y vais plus. Paris n&rsquo;est plus Paris+\u00a0\u00bb, a-t-il poursuivi.<\/p>\n<p>\u00ab\u00a0Il n&rsquo;aurait jamais rat\u00e9 une occasion. Aujourd&rsquo;hui, il n&rsquo;envisage m\u00eame plus d&rsquo;y aller\u00a0\u00bb, a encore racont\u00e9 le 45e pr\u00e9sident des Etats-Unis.<\/p>\n<p>Le ministre fran\u00e7ais des Affaires \u00e9trang\u00e8res, Jean-Marc Ayrault, a r\u00e9agi peu apr\u00e8s aux propos du pr\u00e9sident am\u00e9ricain.<\/p>\n<p>\u00ab\u00a03,5 millions de touristes am\u00e9ricains ont visit\u00e9 la France en 2016, ils seront toujours les bienvenus\u00a0\u00bb, a-t-il tweet\u00e9 avec les hashtags #Paris #Trump #Nice et #SurvivorTree (nom donn\u00e9 au seul arbre ayant surv\u00e9cu \u00e0 l&rsquo;effondrement des deux tours du World Trade Center le 11 septembre 2001).<\/p>\n<p>\u00ab\u00a0Au 1er semestre 2017, les r\u00e9servations de touristes am\u00e9ricains \u00e0 Paris sont en hausse de 30% par rapport \u00e0 2016\u00a0\u00bb, a de son c\u00f4t\u00e9 tweet\u00e9 la maire de Paris avec le hashtag humoristique #Donald&#038;Jim. (AFP)<\/p>\n","protected":false},"excerpt":{"rendered":"<p>\u00ab\u00a0Paris n&rsquo;est plus Paris\u00a0\u00bb: le pr\u00e9sident am\u00e9ricain Donald Trump a cit\u00e9 vendredi \u00ab\u00a0un ami\u00a0\u00bb qui ne met plus les pieds dans la capitale fran\u00e7aise, pour d\u00e9fendre sa politique migratoire en prenant la France, la Su\u00e8de et l&rsquo;Europe en g\u00e9n\u00e9ral comme contre-exemples. \u00ab\u00a0La s\u00e9curit\u00e9 nationale commence par la s\u00e9curit\u00e9 aux fronti\u00e8res. Les terroristes \u00e9trangers ne pourront [&hellip;]<\/p>\n","protected":false},"author":1,"featured_media":0,"comment_status":"open","ping_status":"closed","sticky":false,"template":"","format":"standard","meta":{"footnotes":""},"categories":[30],"tags":[574,621],"class_list":["post-2588","post","type-post","status-publish","format-standard","hentry","category-actualite","tag-donald-trump","tag-paris"],"aioseo_notices":[],"_links":{"self":[{"href":"https:\/\/www.culturalusa.com\/news\/wp-json\/wp\/v2\/posts\/2588","targetHints":{"allow":["GET"]}}],"collection":[{"href":"https:\/\/www.culturalusa.com\/news\/wp-json\/wp\/v2\/posts"}],"about":[{"href":"https:\/\/www.culturalusa.com\/news\/wp-json\/wp\/v2\/types\/post"}],"author":[{"embeddable":true,"href":"https:\/\/www.culturalusa.com\/news\/wp-json\/wp\/v2\/users\/1"}],"replies":[{"embeddable":true,"href":"https:\/\/www.culturalusa.com\/news\/wp-json\/wp\/v2\/comments?post=2588"}],"version-history":[{"count":0,"href":"https:\/\/www.culturalusa.com\/news\/wp-json\/wp\/v2\/posts\/2588\/revisions"}],"wp:attachment":[{"href":"https:\/\/www.culturalusa.com\/news\/wp-json\/wp\/v2\/media?parent=2588"}],"wp:term":[{"taxonomy":"category","embeddable":true,"href":"https:\/\/www.culturalusa.com\/news\/wp-json\/wp\/v2\/categories?post=2588"},{"taxonomy":"post_tag","embeddable":true,"href":"https:\/\/www.culturalusa.com\/news\/wp-json\/wp\/v2\/tags?post=2588"}],"curies":[{"name":"wp","href":"https:\/\/api.w.org\/{rel}","templated":true}]}}