{"id":2591,"date":"2017-02-26T00:50:16","date_gmt":"2017-02-25T23:50:16","guid":{"rendered":"http:\/\/www.culturalusa.com\/news\/?p=2591"},"modified":"2020-11-04T15:02:27","modified_gmt":"2020-11-04T14:02:27","slug":"le-nombre-de-touristes-heberges-au-portugal-par-airbnb-cartonne-en-2016","status":"publish","type":"post","link":"https:\/\/www.culturalusa.com\/news\/portugal\/le-nombre-de-touristes-heberges-au-portugal-par-airbnb-cartonne-en-2016\/","title":{"rendered":"Le nombre de touristes h\u00e9berg\u00e9s au Portugal par Airbnb cartonne en 2016"},"content":{"rendered":"<p>Au Portugal, le nombre de touristes h\u00e9berg\u00e9s par la plateforme en 2016 a bondi de 84%, s\u2019\u00e9tablissant \u00e0 1,65 million de visiteurs.<\/p>\n<p>C\u2019est ce que la plateforme de location de logements entre particuliers a annonc\u00e9 hier. Le nombre de locataires ayant s\u00e9journ\u00e9 \u00e0 Lisbonne, qui avait doubl\u00e9 entre 2014 et 2015, a encore augment\u00e9 de 66 % l\u2019an dernier, \u00e0 718 000 visiteurs.<\/p>\n<p>Dans le cadre d\u2019un accord conclu avec la mairie de la capitale portugaise, Airbnb a commenc\u00e9 d\u00e9but mai \u00e0 collecter une taxe touristique d\u2019un euro par nuit pass\u00e9e \u00e0 Lisbonne. Jusqu\u2019\u00e0 fin d\u00e9cembre, la plateforme a ainsi vers\u00e9 1,74 million d\u2019euros \u00e0 la municipalit\u00e9 et \u00e0 l\u2019office du tourisme local. Principale ville du nord du Portugal, Porto a vu le nombre de personnes h\u00e9berg\u00e9es par Airbnb s\u2019envoler de 92 %, \u00e0 293 000 visiteurs en 2016.<\/p>\n<p><strong>Un manque \u00e0 gagner<\/strong><br \/>\nLa plateforme est dans le collimateur de nombreuses agglom\u00e9rations \u00e0 travers le monde, o\u00f9 les r\u00e9sidents sont confront\u00e9s \u00e0 une flamb\u00e9e des prix des logements ou de la fili\u00e8re h\u00f4teli\u00e8re qui estime que le succ\u00e8s de ces sites de location en ligne constitue un manque \u00e0 gagner.<\/p>\n<p>Au Portugal, l\u2019h\u00f4tellerie classique continue toutefois d\u2019encha\u00eener des r\u00e9sultats exceptionnels, accueillant en 2016 un nombre record de 11,4 millions de touristes \u00e9trangers, soit une hausse de 12,7 % face \u00e0 2015. Les recettes du secteur h\u00f4telier ont progress\u00e9 de 17 %, \u00e0 2,9 milliards d\u2019euros, selon des donn\u00e9es publi\u00e9es mercredi par l\u2019Institut national des statistiques. <\/p>\n<p>Pour faire face au d\u00e9veloppement du tourisme, un des principaux moteurs de l\u2019\u00e9conomie portugaise, le gouvernement socialiste envisage de doter Lisbonne d\u2019un a\u00e9roport compl\u00e9mentaire \u00e0 celui qui existe actuellement, et qui est sur le point d\u2019atteindre sa capacit\u00e9 maximale.<\/p>\n<p>Cette nouvelle infrastructure, qui pourrait \u00eatre op\u00e9rationnelle d\u00e8s 2021, sera en principe install\u00e9e \u00e0 Montijo, ville situ\u00e9e sur la rive sud de l\u2019estuaire du Tage et qui dispose d\u00e9j\u00e0 d\u2019une base a\u00e9rienne militaire. (AFP)<\/p>\n","protected":false},"excerpt":{"rendered":"<p>Au Portugal, le nombre de touristes h\u00e9berg\u00e9s par la plateforme en 2016 a bondi de 84%, s\u2019\u00e9tablissant \u00e0 1,65 million de visiteurs. C\u2019est ce que la plateforme de location de logements entre particuliers a annonc\u00e9 hier. Le nombre de locataires ayant s\u00e9journ\u00e9 \u00e0 Lisbonne, qui avait doubl\u00e9 entre 2014 et 2015, a encore augment\u00e9 de [&hellip;]<\/p>\n","protected":false},"author":1,"featured_media":1027,"comment_status":"open","ping_status":"closed","sticky":false,"template":"","format":"standard","meta":{"footnotes":""},"categories":[3],"tags":[576,471],"class_list":["post-2591","post","type-post","status-publish","format-standard","has-post-thumbnail","hentry","category-portugal","tag-airbnb","tag-tourisme-portugal"],"aioseo_notices":[],"_links":{"self":[{"href":"https:\/\/www.culturalusa.com\/news\/wp-json\/wp\/v2\/posts\/2591","targetHints":{"allow":["GET"]}}],"collection":[{"href":"https:\/\/www.culturalusa.com\/news\/wp-json\/wp\/v2\/posts"}],"about":[{"href":"https:\/\/www.culturalusa.com\/news\/wp-json\/wp\/v2\/types\/post"}],"author":[{"embeddable":true,"href":"https:\/\/www.culturalusa.com\/news\/wp-json\/wp\/v2\/users\/1"}],"replies":[{"embeddable":true,"href":"https:\/\/www.culturalusa.com\/news\/wp-json\/wp\/v2\/comments?post=2591"}],"version-history":[{"count":0,"href":"https:\/\/www.culturalusa.com\/news\/wp-json\/wp\/v2\/posts\/2591\/revisions"}],"wp:featuredmedia":[{"embeddable":true,"href":"https:\/\/www.culturalusa.com\/news\/wp-json\/wp\/v2\/media\/1027"}],"wp:attachment":[{"href":"https:\/\/www.culturalusa.com\/news\/wp-json\/wp\/v2\/media?parent=2591"}],"wp:term":[{"taxonomy":"category","embeddable":true,"href":"https:\/\/www.culturalusa.com\/news\/wp-json\/wp\/v2\/categories?post=2591"},{"taxonomy":"post_tag","embeddable":true,"href":"https:\/\/www.culturalusa.com\/news\/wp-json\/wp\/v2\/tags?post=2591"}],"curies":[{"name":"wp","href":"https:\/\/api.w.org\/{rel}","templated":true}]}}