{"id":2600,"date":"2017-03-19T15:02:29","date_gmt":"2017-03-19T14:02:29","guid":{"rendered":"http:\/\/www.culturalusa.com\/news\/?p=2600"},"modified":"2025-06-26T17:05:58","modified_gmt":"2025-06-26T15:05:58","slug":"francois-hollande-met-en-garde-contre-une-sortie-de-leuro","status":"publish","type":"post","link":"https:\/\/www.culturalusa.com\/news\/economie\/francois-hollande-met-en-garde-contre-une-sortie-de-leuro\/","title":{"rendered":"Fran\u00e7ois Hollande met en garde contre une sortie de l&rsquo;euro"},"content":{"rendered":"<h2>F. Hollande a mis en garde les \u00e9lecteurs fran\u00e7ais, appel\u00e9s \u00e0 lui choisir un successeur en avril-mai, contre la tentation d&rsquo;une sortie de l&rsquo;Union europ\u00e9enne et de la zone euro, qui reviendrait selon lui \u00e0 appauvrir le pays.<\/h2>\n<blockquote><p>\u00ab\u00a0La sortie de l&rsquo;euro, la sortie de l&rsquo;Europe, si je puis prendre une formule, c&rsquo;est le village d&rsquo;Ast\u00e9rix sans potion magique\u00a0\u00bb, a-t-il d\u00e9clar\u00e9 lors d&rsquo;un discours \u00e0 Crolles, en Is\u00e8re.<\/p><\/blockquote>\n<p>Le chef de l&rsquo;Etat n&rsquo;a cit\u00e9 aucun des onze candidats \u00e0 la pr\u00e9sidentielle dont certains, \u00e0 l&rsquo;image de Marine Le Pen (Front national) et de Jean-Luc M\u00e9lenchon (La France insoumise), pr\u00f4nent une refonte compl\u00e8te de l&rsquo;UE, voire un divorce pur et simple.<\/p>\n<p>\u00ab\u00a0Aimer la France, c&rsquo;est comprendre la France, ce n&rsquo;est pas l&rsquo;enfermer, la replier, ce n&rsquo;est pas la recroqueviller (&#8230;) Il n&rsquo;y a pas d&rsquo;avenir pour notre pays, ni pour aucun de ses voisins hors de l&rsquo;Europe, contre l&rsquo;Europe, sans l&rsquo;Europe\u00a0\u00bb, a encore dit Fran\u00e7ois Hollande.<\/p>\n<p>\u00ab\u00a0La sortie de l&rsquo;euro, la sortie de l&rsquo;Union, ce serait une sortie de route, une sortie de l&rsquo;histoire, elle signifierait l&rsquo;appauvrissement des Fran\u00e7aises et des Fran\u00e7ais.\u00a0\u00bb<\/p>\n<p>\u00ab\u00a0Ce serait aussi un abaissement de la France, moins de d\u00e9bouch\u00e9s pour les produits, moins de croissance pour les entreprises, moins d&rsquo;investissements, moins d&#8217;emplois\u00a0\u00bb, a insist\u00e9 le pr\u00e9sident fran\u00e7ais.<\/p>\n<p>Son successeur sera choisi le 7 mai, \u00e0 l&rsquo;occasion du second tour de la pr\u00e9sidentielle. (Reuters)<\/p>\n","protected":false},"excerpt":{"rendered":"<p>F. Hollande a mis en garde les \u00e9lecteurs fran\u00e7ais, appel\u00e9s \u00e0 lui choisir un successeur en avril-mai, contre la tentation d&rsquo;une sortie de l&rsquo;Union europ\u00e9enne et de la zone euro, qui reviendrait selon lui \u00e0 appauvrir le pays. \u00ab\u00a0La sortie de l&rsquo;euro, la sortie de l&rsquo;Europe, si je puis prendre une formule, c&rsquo;est le village [&hellip;]<\/p>\n","protected":false},"author":1,"featured_media":1984,"comment_status":"open","ping_status":"closed","sticky":false,"template":"","format":"standard","meta":{"footnotes":""},"categories":[1],"tags":[368,627],"class_list":["post-2600","post","type-post","status-publish","format-standard","has-post-thumbnail","hentry","category-economie","tag-francois-hollande","tag-sortie-de-leuro"],"aioseo_notices":[],"_links":{"self":[{"href":"https:\/\/www.culturalusa.com\/news\/wp-json\/wp\/v2\/posts\/2600","targetHints":{"allow":["GET"]}}],"collection":[{"href":"https:\/\/www.culturalusa.com\/news\/wp-json\/wp\/v2\/posts"}],"about":[{"href":"https:\/\/www.culturalusa.com\/news\/wp-json\/wp\/v2\/types\/post"}],"author":[{"embeddable":true,"href":"https:\/\/www.culturalusa.com\/news\/wp-json\/wp\/v2\/users\/1"}],"replies":[{"embeddable":true,"href":"https:\/\/www.culturalusa.com\/news\/wp-json\/wp\/v2\/comments?post=2600"}],"version-history":[{"count":2,"href":"https:\/\/www.culturalusa.com\/news\/wp-json\/wp\/v2\/posts\/2600\/revisions"}],"predecessor-version":[{"id":13493,"href":"https:\/\/www.culturalusa.com\/news\/wp-json\/wp\/v2\/posts\/2600\/revisions\/13493"}],"wp:featuredmedia":[{"embeddable":true,"href":"https:\/\/www.culturalusa.com\/news\/wp-json\/wp\/v2\/media\/1984"}],"wp:attachment":[{"href":"https:\/\/www.culturalusa.com\/news\/wp-json\/wp\/v2\/media?parent=2600"}],"wp:term":[{"taxonomy":"category","embeddable":true,"href":"https:\/\/www.culturalusa.com\/news\/wp-json\/wp\/v2\/categories?post=2600"},{"taxonomy":"post_tag","embeddable":true,"href":"https:\/\/www.culturalusa.com\/news\/wp-json\/wp\/v2\/tags?post=2600"}],"curies":[{"name":"wp","href":"https:\/\/api.w.org\/{rel}","templated":true}]}}