{"id":2617,"date":"2017-04-21T12:25:24","date_gmt":"2017-04-21T10:25:24","guid":{"rendered":"http:\/\/www.culturalusa.com\/news\/?p=2617"},"modified":"2017-04-21T12:25:24","modified_gmt":"2017-04-21T10:25:24","slug":"sujet-passionnel-leurope-sest-imposee-dans-la-campagne-presidentielle-francaise","status":"publish","type":"post","link":"https:\/\/www.culturalusa.com\/news\/actualite\/sujet-passionnel-leurope-sest-imposee-dans-la-campagne-presidentielle-francaise\/","title":{"rendered":"Sujet passionnel: l&rsquo;Europe s&rsquo;est impos\u00e9e dans la campagne pr\u00e9sidentielle fran\u00e7aise"},"content":{"rendered":"<p><img loading=\"lazy\" decoding=\"async\" src=\"http:\/\/www.culturalusa.com\/news\/wp-content\/uploads\/2017\/04\/elections_presidentielles.jpg\" alt=\"elections presidentielles\" width=\"470\" height=\"240\" class=\"aligncenter size-full wp-image-2618\" srcset=\"https:\/\/www.culturalusa.com\/news\/wp-content\/uploads\/2017\/04\/elections_presidentielles.jpg 470w, https:\/\/www.culturalusa.com\/news\/wp-content\/uploads\/2017\/04\/elections_presidentielles-275x140.jpg 275w\" sizes=\"auto, (max-width: 470px) 100vw, 470px\" \/>L&rsquo;une veut en sortir au plus vite, l&rsquo;autre entend la ren\u00e9gocier de fond en comble, les deux autres la d\u00e9fendent avec plus ou moins d&rsquo;ardeur: l&rsquo;Europe s&rsquo;est impos\u00e9e comme un th\u00e8me majeur des quatre principaux candidats au fil de la campagne pr\u00e9sidentielle fran\u00e7aise.<\/p>\n<p>\u00ab\u00a0Rarement la question europ\u00e9enne aura occup\u00e9 une place aussi pr\u00e9\u00e9minente dans les programmes que lors de cette campagne \u00e9lectorale. L&rsquo;Europe est devenue l&rsquo;une des principales lignes de fracture entre les candidats\u00a0\u00bb, \u00e9crit l&rsquo;ex-diplomate europ\u00e9en Pierre Vimont dans une note de la fondation Carnegie Europe.<\/p>\n<p>Le contexte a chang\u00e9 par rapport \u00e0 la pr\u00e9c\u00e9dente \u00e9lection de 2012. La mont\u00e9e des populismes, le choc du Brexit, la crise migratoire sont pass\u00e9s par l\u00e0, remettant au coeur du d\u00e9bat l&rsquo;Union europ\u00e9enne, source de tous les maux pour certains, garantie de paix pour les autres.<\/p>\n<p>La ligne de partage semble assez claire entre les candidats du quatuor de t\u00eate: d&rsquo;un c\u00f4t\u00e9, le conservateur Fran\u00e7ois Fillon et le centriste Emmanuel Macron, europ\u00e9ens compatibles, oppos\u00e9s \u00e0 toute sortie de l&rsquo;euro et de l&rsquo;UE, partisans d&rsquo;un axe franco-allemand.<\/p>\n<p>De l&rsquo;autre, Marine Le Pen \u00e0 l&rsquo;extr\u00eame droite et Jean-Luc M\u00e9lenchon, le chef de la \u00ab\u00a0France Insoumise\u00a0\u00bb, \u00e0 l&rsquo;autre extr\u00eame, qui vilipendent l&rsquo;Europe et pr\u00f4nent une politique de rupture, jusqu&rsquo;\u00e0 un possible \u00ab\u00a0Frexit\u00a0\u00bb.<\/p>\n<p>\u00ab\u00a0Les positions se sont radicalis\u00e9es. M\u00e9lenchon a \u00e9t\u00e9 tr\u00e8s marqu\u00e9 par ce qui est arriv\u00e9 \u00e0 Syriza (le parti anti-aust\u00e9rit\u00e9 de gauche radicale grec, qui a finalement c\u00e9d\u00e9 aux exigences europ\u00e9ennes apr\u00e8s des mois de crise, NDLR). Quant \u00e0 Le Pen, elle surfe sur la vague Brexit et la vague Trump\u00a0\u00bb, estime Manuel Lafont Rapnouil, directeur du bureau parisien de l&rsquo;European Council on foreign relations.<\/p>\n<p>Les fondements id\u00e9ologiques de leur projet respectif n&rsquo;ont rien \u00e0 voir. \u00ab\u00a0Souverainet\u00e9\u00a0\u00bb \u00e9conomique, mon\u00e9taire, territoriale et \u00ab\u00a0pr\u00e9f\u00e9rence nationale\u00a0\u00bb constituent les arguments massue de la patronne du Front National qui exige le retrait du drapeau europ\u00e9en sur le plateau de t\u00e9l\u00e9vision o\u00f9 on l&rsquo;invite. Politiques sociales, refus de l&rsquo;aust\u00e9rit\u00e9 et des \u00ab\u00a0diktats\u00a0\u00bb de l&rsquo;Allemagne sont mis en avant par Jean-Luc M\u00e9lenchon.<\/p>\n<p>Mais dans les deux cas, les candidats promettent un bras de fer avec Bruxelles et se posent en ma\u00eetres de futures n\u00e9gociations, qu&rsquo;ils se disent certains de pouvoir remporter, arguant du poids de la France dans l&rsquo;Union europ\u00e9enne.<\/p>\n<p><strong> Inqui\u00e9tudes<\/strong><br \/>\nMme Le Pen annonce six mois de discussions avec l&rsquo;UE pour sortir de Schengen, de l&rsquo;euro, avant d&rsquo;organiser la tenue d&rsquo;un r\u00e9f\u00e9rendum sur l&rsquo;appartenance de la France \u00e0 l&rsquo;Union.<\/p>\n<p>\u00ab\u00a0L&rsquo;UE, on la change ou on la quitte\u00a0\u00bb, ass\u00e8ne pour sa part M. M\u00e9lenchon, r\u00e9sumant ainsi son \u00ab\u00a0plan A\u00a0\u00bb (sortie des trait\u00e9s europ\u00e9ens et ren\u00e9gociation) et son \u00ab\u00a0plan B\u00a0\u00bb (rupture).<\/p>\n<p>Paradoxalement, cette radicalit\u00e9 s&rsquo;exprime dans un pays o\u00f9 plus de 70% des Fran\u00e7ais se disent oppos\u00e9s \u00e0 la sortie de l&rsquo;euro et de l&rsquo;UE. L&rsquo;inqui\u00e9tude est patente dans les milieux \u00e9conomiques et chez les \u00ab\u00a0\u00e9lites\u00a0\u00bb, b\u00eates noires des deux candidats, et pourrait se diffuser plus largement dans l&rsquo;\u00e9lectorat.<\/p>\n<p>\u00ab\u00a0L&rsquo;\u00e9lectorat frontiste est plus divis\u00e9 qu&rsquo;il n&rsquo;y para\u00eet sur cette question, notamment chez les plus jeunes, et beaucoup d&rsquo;\u00e9lecteurs se posent la question: comment on fait? quel est le sc\u00e9nario?\u00a0\u00bb, rel\u00e8ve Jean-Yves Camus, sp\u00e9cialiste du FN.<\/p>\n<p>\u00ab\u00a0Les Fran\u00e7ais ne sont pas devenus anti-europ\u00e9ens ou europhobes\u00a0\u00bb, assure pour sa part dans une note Jean-Dominique Giuliani, pr\u00e9sident de la fondation Robert Schuman.<\/p>\n<p>A quelques jours du premier tour, M. M\u00e9lenchon s&rsquo;est voulu d&rsquo;ailleurs rassurant, affirmant qu&rsquo;il ne souhaitait sortir ni de l&rsquo;Europe ni de l&rsquo;euro. Quant \u00e0 Marine Le Pen, elle a recentr\u00e9 son discours sur les fondamentaux du FN: l&rsquo;immigration et la s\u00e9curit\u00e9.<\/p>\n<p>Dans le camp \u00ab\u00a0pro-europ\u00e9en\u00a0\u00bb, le centriste Emmanuel Macron, qui affirme avoir l'\u00a0\u00bbEurope au coeur, mais pas l&rsquo;Europe na\u00efve\u00a0\u00bb, et le conservateur Fran\u00e7ois Fillon, ont tous deux \u00e9t\u00e9 re\u00e7us par Angela Merkel pendant la campagne. Macron pr\u00f4ne le renforcement de la zone euro et reste le seul candidat favorable au CETA, le trait\u00e9 de libre \u00e9change entre l&rsquo;UE et le Canada. Fillon, plus souverainiste, souhaite un r\u00e9\u00e9quilibre des pouvoirs entre les institutions de Bruxelles et les \u00c9tats membres. Mais les deux hommes repr\u00e9sentent la continuit\u00e9.<\/p>\n<p>Trop, aux yeux de certains comme Jean-Dominique Giuliani, qui d\u00e9plore \u00ab\u00a0les propositions bien peu imaginatives\u00a0\u00bb avanc\u00e9es pour relancer l&rsquo;UE et plaide pour un \u00ab\u00a0retour de la France en Europe\u00a0\u00bb. (AFP)<\/p>\n","protected":false},"excerpt":{"rendered":"<p>L&rsquo;une veut en sortir au plus vite, l&rsquo;autre entend la ren\u00e9gocier de fond en comble, les deux autres la d\u00e9fendent avec plus ou moins d&rsquo;ardeur: l&rsquo;Europe s&rsquo;est impos\u00e9e comme un th\u00e8me majeur des quatre principaux candidats au fil de la campagne pr\u00e9sidentielle fran\u00e7aise. \u00ab\u00a0Rarement la question europ\u00e9enne aura occup\u00e9 une place aussi pr\u00e9\u00e9minente dans les [&hellip;]<\/p>\n","protected":false},"author":1,"featured_media":0,"comment_status":"open","ping_status":"closed","sticky":false,"template":"","format":"standard","meta":{"footnotes":""},"categories":[30],"tags":[634],"class_list":["post-2617","post","type-post","status-publish","format-standard","hentry","category-actualite","tag-campagne-presidentielle-francaise"],"aioseo_notices":[],"_links":{"self":[{"href":"https:\/\/www.culturalusa.com\/news\/wp-json\/wp\/v2\/posts\/2617","targetHints":{"allow":["GET"]}}],"collection":[{"href":"https:\/\/www.culturalusa.com\/news\/wp-json\/wp\/v2\/posts"}],"about":[{"href":"https:\/\/www.culturalusa.com\/news\/wp-json\/wp\/v2\/types\/post"}],"author":[{"embeddable":true,"href":"https:\/\/www.culturalusa.com\/news\/wp-json\/wp\/v2\/users\/1"}],"replies":[{"embeddable":true,"href":"https:\/\/www.culturalusa.com\/news\/wp-json\/wp\/v2\/comments?post=2617"}],"version-history":[{"count":0,"href":"https:\/\/www.culturalusa.com\/news\/wp-json\/wp\/v2\/posts\/2617\/revisions"}],"wp:attachment":[{"href":"https:\/\/www.culturalusa.com\/news\/wp-json\/wp\/v2\/media?parent=2617"}],"wp:term":[{"taxonomy":"category","embeddable":true,"href":"https:\/\/www.culturalusa.com\/news\/wp-json\/wp\/v2\/categories?post=2617"},{"taxonomy":"post_tag","embeddable":true,"href":"https:\/\/www.culturalusa.com\/news\/wp-json\/wp\/v2\/tags?post=2617"}],"curies":[{"name":"wp","href":"https:\/\/api.w.org\/{rel}","templated":true}]}}