{"id":2619,"date":"2017-04-21T11:27:33","date_gmt":"2017-04-21T09:27:33","guid":{"rendered":"http:\/\/www.culturalusa.com\/news\/?p=2619"},"modified":"2017-04-21T12:32:36","modified_gmt":"2017-04-21T10:32:36","slug":"attentat-champs-elysees-le-profil-de-lassaillant-est-au-coeur-de-lenquete","status":"publish","type":"post","link":"https:\/\/www.culturalusa.com\/news\/actualite\/attentat-champs-elysees-le-profil-de-lassaillant-est-au-coeur-de-lenquete\/","title":{"rendered":"Attentat Champs-Elys\u00e9es: le profil de l&rsquo;assaillant est au coeur de l&rsquo;enqu\u00eate"},"content":{"rendered":"<p><img loading=\"lazy\" decoding=\"async\" src=\"http:\/\/www.culturalusa.com\/news\/wp-content\/uploads\/2017\/04\/atentados_campos_elisios.jpg\" alt=\"atentats champs elys\u00e9es\" width=\"470\" height=\"300\" class=\"aligncenter size-full wp-image-2620\" srcset=\"https:\/\/www.culturalusa.com\/news\/wp-content\/uploads\/2017\/04\/atentados_campos_elisios.jpg 470w, https:\/\/www.culturalusa.com\/news\/wp-content\/uploads\/2017\/04\/atentados_campos_elisios-275x176.jpg 275w\" sizes=\"auto, (max-width: 470px) 100vw, 470px\" \/>L&rsquo;enqu\u00eate sur l&rsquo;attentat des Champs-Elys\u00e9es, qui a co\u00fbt\u00e9 la vie \u00e0 un policier, se concentrait vendredi, \u00e0 l&rsquo;avant-veille de l&rsquo;\u00e9lection pr\u00e9sidentielle, sur le profil de l&rsquo;assaillant dont trois proches \u00e9taient entendus en garde \u00e0 vue.<\/p>\n<p>Un policier a \u00e9t\u00e9 tu\u00e9 dans la fusillade jeudi soir, portant \u00e0 239 le nombre de morts dans des attentats en France depuis 2015. L&rsquo;agresseur a ensuite \u00e9t\u00e9 abattu apr\u00e8s avoir bless\u00e9 deux autres policiers &#8211;dont l&rsquo;un gri\u00e8vement par une balle qui a touch\u00e9 son bassin&#8211;, ainsi qu&rsquo;une touriste allemande, a pr\u00e9cis\u00e9 une source polici\u00e8re.<\/p>\n<p>Fran\u00e7ois Hollande s&rsquo;est rendu au chevet du policier le plus s\u00e9rieusement atteint, apr\u00e8s avoir pr\u00e9sid\u00e9 un Conseil de d\u00e9fense vendredi. Il est ensuite all\u00e9 \u00e0 la pr\u00e9fecture de police apr\u00e8s avoir promis la veille une \u00ab\u00a0vigilance absolue\u00a0\u00bb pour s\u00e9curiser la pr\u00e9sidentielle. Plusieurs candidats ont annul\u00e9 leurs d\u00e9placements pr\u00e9vus vendredi.<\/p>\n<p>L&rsquo;attaque, vers 21H00, a \u00e9t\u00e9 aussit\u00f4t revendiqu\u00e9e par le groupe jihadiste Etat islamique (EI): Il s&rsquo;agit du combattant \u00ab\u00a0Abu Yussef le Belge\u00a0\u00bb, affirme un communiqu\u00e9 de son organe de propagande Amaq.<\/p>\n<p>Or, selon des sources proches de l&rsquo;enqu\u00eate, l&rsquo;assaillant est un Fran\u00e7ais de 39 ans, Karim Cheurfi, qui faisait l&rsquo;objet d&rsquo;une enqu\u00eate antiterroriste. Cela pose donc la question de savoir si l&rsquo;EI a revendiqu\u00e9 l&rsquo;attentat avec le nom de l&rsquo;assaillant des Champs-Elys\u00e9es.<\/p>\n<p>D&rsquo;autant qu&rsquo;un avis de recherche belge, visant un homme portant le m\u00eame pr\u00e9nom que celui de la revendication de l&rsquo;EI, avait \u00e9t\u00e9 transmis jeudi \u00ab\u00a0aux services fran\u00e7ais\u00a0\u00bb. Et cet homme s&rsquo;est pr\u00e9sent\u00e9 vendredi matin dans un commissariat d&rsquo;Anvers, a affirm\u00e9 le porte-parole du minist\u00e8re de l&rsquo;Int\u00e9rieur Pierre-Henry Brandet.<\/p>\n<p>&#8211; Rel\u00e2ch\u00e9 par la justice &#8211;<\/p>\n<p>Karim Cheurfi, qui avait manifest\u00e9 son intention de tuer des policiers, avait \u00e9t\u00e9 arr\u00eat\u00e9 le 23 f\u00e9vrier puis rel\u00e2ch\u00e9 le lendemain, la justice estimant ne pas disposer d&rsquo;assez d&rsquo;\u00e9l\u00e9ments, selon des sources proches de l&rsquo;enqu\u00eate.<\/p>\n<p>Il avait d\u00e9j\u00e0 \u00e9t\u00e9 condamn\u00e9 en 2005 \u00e0 quinze ans de r\u00e9clusion pour tentatives d&rsquo;homicide volontaire notamment sur un policier en Seine-et-Marne.<\/p>\n<p>Une perquisition a \u00e9t\u00e9 men\u00e9e jeudi soir \u00e0 Chelles, dans ce d\u00e9partement, au domicile de l&rsquo;assaillant, titulaire de la carte grise du v\u00e9hicule utilis\u00e9 pour l&rsquo;attaque. Il semble avoir agi seul mais l&rsquo;enqu\u00eate devra d\u00e9terminer s&rsquo;il a b\u00e9n\u00e9fici\u00e9 de complicit\u00e9s, selon le procureur de la R\u00e9publique de Paris, Fran\u00e7ois Molins.<\/p>\n<p>Salim, un ami de la famille, le d\u00e9crit aupr\u00e8s de l&rsquo;AFP comme un type qui \u00ab\u00a0a un grain\u00a0\u00bb et \u00ab\u00a0a pass\u00e9 une bonne partie de sa vie en prison\u00a0\u00bb. Pour un voisin, qui dit le conna\u00eetre depuis une vingtaine d&rsquo;ann\u00e9es, \u00ab\u00a0ses actes, ses r\u00e9actions, sa fa\u00e7on de marcher, son attitude \u00e9taient en d\u00e9calage, comme s&rsquo;il venait de Mars\u00a0\u00bb.<\/p>\n<p>Jeudi il \u00e9tait arriv\u00e9 en voiture, dans laquelle a \u00e9t\u00e9 retrouv\u00e9 un fusil \u00e0 pompe, deux gros couteaux et un s\u00e9cateur, selon une source proche de l&rsquo;enqu\u00eate. \u00ab\u00a0Il est sorti. Il a ouvert le feu sur un car de police \u00e0 l&rsquo;arme automatique, a tu\u00e9 l&rsquo;un des policiers et a essay\u00e9 de s&rsquo;en prendre aux autres en courant\u00a0\u00bb, avait racont\u00e9 \u00e0 l&rsquo;AFP une source polici\u00e8re. Le quartier a \u00e9t\u00e9 boucl\u00e9 et d&rsquo;importantes forces de police d\u00e9ploy\u00e9es sur la plus c\u00e9l\u00e8bre art\u00e8re de la capitale.<\/p>\n<p>Vendredi matin, sur les Champs-Elys\u00e9es, touristes et commer\u00e7ants restaient anxieux.<\/p>\n<p>\u00ab\u00a0On est sous le choc mais il faut continuer \u00e0 vivre normalement. On est en s\u00e9curit\u00e9 nulle part\u00a0\u00bb, a d\u00e9clar\u00e9 \u00e0 l&rsquo;AFP Delphine Sousa, 55 ans, qui travaille dans le quartier.<\/p>\n<p>\u00ab\u00a0On est un peu effray\u00e9s. Mais le r\u00e9ceptionniste de l&rsquo;h\u00f4tel nous a dit que tout allait bien, que tout \u00e9tait r\u00e9gl\u00e9\u00a0\u00bb, dit Yue Wu, une touriste chinoise de 24 ans devant l&rsquo;Arc de Triomphe.<\/p>\n<p>La pr\u00e9sidentielle, tr\u00e8s ind\u00e9cise, se tiendra sous le r\u00e9gime de l&rsquo;\u00e9tat d&rsquo;urgence, instaur\u00e9 dans la foul\u00e9e des attentats du 13 novembre 2015. \u00ab\u00a0Rien ne doit entraver (le) rendez-vous d\u00e9mocratique\u00a0\u00bb de la pr\u00e9sidentielle, a d\u00e9clar\u00e9 le Premier ministre Bernard Cazeneuve.<\/p>\n<p>\u00ab\u00a0Dimanche constitue pour nous une journ\u00e9e de tous les dangers\u00a0\u00bb, a rappel\u00e9 C\u00e9line Berthon, secr\u00e9taire g\u00e9n\u00e9rale du syndicat des commissaires de police (SCPN), affirmant sur Europe1 que \u00ab\u00a0le maximum sera fait\u00a0\u00bb.<\/p>\n<p>Les derniers attentats meurtriers remontent \u00e0 l&rsquo;\u00e9t\u00e9, \u00e0 Nice (86 morts) et Saint-Etienne-du-Rouvray (un pr\u00eatre \u00e9gorg\u00e9). Un policier et sa compagne avaient \u00e9t\u00e9 tu\u00e9s en juin en r\u00e9gion parisienne, devenant le symbole des forces de l&rsquo;ordre particuli\u00e8rement vis\u00e9es par les jihadistes.<\/p>\n<p>Un nouvel attentat a \u00e9t\u00e9 d\u00e9jou\u00e9 mardi selon les autorit\u00e9s avec l&rsquo;arrestation \u00e0 Marseille de deux hommes soup\u00e7onn\u00e9s de pr\u00e9parer \u00ab\u00a0une action violente\u00a0\u00bb en pleine p\u00e9riode \u00e9lectorale. (AFP)<\/p>\n","protected":false},"excerpt":{"rendered":"<p>L&rsquo;enqu\u00eate sur l&rsquo;attentat des Champs-Elys\u00e9es, qui a co\u00fbt\u00e9 la vie \u00e0 un policier, se concentrait vendredi, \u00e0 l&rsquo;avant-veille de l&rsquo;\u00e9lection pr\u00e9sidentielle, sur le profil de l&rsquo;assaillant dont trois proches \u00e9taient entendus en garde \u00e0 vue. Un policier a \u00e9t\u00e9 tu\u00e9 dans la fusillade jeudi soir, portant \u00e0 239 le nombre de morts dans des attentats [&hellip;]<\/p>\n","protected":false},"author":1,"featured_media":0,"comment_status":"open","ping_status":"closed","sticky":false,"template":"","format":"standard","meta":{"footnotes":""},"categories":[30],"tags":[635],"class_list":["post-2619","post","type-post","status-publish","format-standard","hentry","category-actualite","tag-attentat-champs-elysees"],"aioseo_notices":[],"_links":{"self":[{"href":"https:\/\/www.culturalusa.com\/news\/wp-json\/wp\/v2\/posts\/2619","targetHints":{"allow":["GET"]}}],"collection":[{"href":"https:\/\/www.culturalusa.com\/news\/wp-json\/wp\/v2\/posts"}],"about":[{"href":"https:\/\/www.culturalusa.com\/news\/wp-json\/wp\/v2\/types\/post"}],"author":[{"embeddable":true,"href":"https:\/\/www.culturalusa.com\/news\/wp-json\/wp\/v2\/users\/1"}],"replies":[{"embeddable":true,"href":"https:\/\/www.culturalusa.com\/news\/wp-json\/wp\/v2\/comments?post=2619"}],"version-history":[{"count":0,"href":"https:\/\/www.culturalusa.com\/news\/wp-json\/wp\/v2\/posts\/2619\/revisions"}],"wp:attachment":[{"href":"https:\/\/www.culturalusa.com\/news\/wp-json\/wp\/v2\/media?parent=2619"}],"wp:term":[{"taxonomy":"category","embeddable":true,"href":"https:\/\/www.culturalusa.com\/news\/wp-json\/wp\/v2\/categories?post=2619"},{"taxonomy":"post_tag","embeddable":true,"href":"https:\/\/www.culturalusa.com\/news\/wp-json\/wp\/v2\/tags?post=2619"}],"curies":[{"name":"wp","href":"https:\/\/api.w.org\/{rel}","templated":true}]}}