{"id":2632,"date":"2017-05-02T20:17:55","date_gmt":"2017-05-02T18:17:55","guid":{"rendered":"http:\/\/www.culturalusa.com\/news\/?p=2632"},"modified":"2021-05-20T13:06:51","modified_gmt":"2021-05-20T11:06:51","slug":"presidentielle-seul-un-tiers-des-militants-de-la-gauche-radicale-compte-voter-macron","status":"publish","type":"post","link":"https:\/\/www.culturalusa.com\/news\/actualite\/presidentielle-seul-un-tiers-des-militants-de-la-gauche-radicale-compte-voter-macron\/","title":{"rendered":"Pr\u00e9sidentielle: seul un tiers des militants de la gauche radicale compte voter Macron"},"content":{"rendered":"<p><strong>Les deux tiers des partisans du candidat de la <span style=\"color: #800000;\">Gauche Radicale<\/span> Jean-Luc M\u00e9lenchon<\/strong> comptent s&rsquo;abstenir ou voter blanc dimanche au second tour de l&rsquo;\u00e9lection pr\u00e9sidentielle, et seuls 35% veulent voter pour le centriste Emmanuel Macron, selon les r\u00e9sultats d&rsquo;une consultation sur internet.<\/p>\n<blockquote><p>Parmi les quelque 243.000 votants, 36% ont choisi le vote blanc ou nul et 29% l&rsquo;abstention, d&rsquo;apr\u00e8s les r\u00e9sultats annonc\u00e9s mardi. Le choix d&rsquo;un vote pour la candidate Marine Le Pen, qui affrontera le candidat Macron dimanche, n&rsquo;\u00e9tait pas propos\u00e9.<\/p><\/blockquote>\n<p>M. M\u00e9lenchon, qui, \u00e0 la t\u00eate du mouvement \u00ab\u00a0La France insoumise\u00a0\u00bb, a obtenu 19,5% des voix au premier tour du scrutin le 23 avril, s&rsquo;est clairement prononc\u00e9 contre Marine Le Pen, qui courtise activement une partie de son \u00e9lectorat hostile au \u00ab\u00a0syst\u00e8me\u00a0\u00bb, \u00e0 \u00ab\u00a0l&rsquo;oligarchie\u00a0\u00bb et au capitalisme.<\/p>\n<p>Mais il n&rsquo;a pas pour autant clairement appel\u00e9 \u00e0 voter Emmanuel Macron, accus\u00e9 d&rsquo;incarner le lib\u00e9ralisme \u00e9conomique.<\/p>\n<p>\u00ab\u00a0Vous n&rsquo;avez pas besoin de moi pour savoir ce que vous avez \u00e0 faire, je ne suis pas un gourou\u00a0\u00bb, a-t-il dit la semaine derni\u00e8re, refusant de donner une consigne de vote pr\u00e9cise, d&rsquo;o\u00f9 de nombreuses critiques \u00e0 son encontre au sein de la classe politique.<\/p>\n<p>La consultation organis\u00e9e aupr\u00e8s des 430.000 personnes inscrites sur sa plateforme internet ne visait pas \u00e0 \u00ab\u00a0d\u00e9terminer une consigne de vote\u00a0\u00bb mais \u00e0 permettre \u00e0 ses partisans d&rsquo;exprimer leur choix pour le deuxi\u00e8me tour, avait-il expliqu\u00e9.<\/p>\n<p>Les sondages donnent actuellement l&rsquo;avantage \u00e0 Emmanuel Macron avec environ 60% des intentions de vote contre 40% \u00e0 sa rivale, mais l&rsquo;\u00e9cart entre les deux candidats s&rsquo;est l\u00e9g\u00e8rement resserr\u00e9 ces derniers jours. Beaucoup s&rsquo;inqui\u00e8tent du fait que l&rsquo;abstention finisse par profiter \u00e0 l&rsquo;extr\u00eame droite.<\/p>\n<p>Artistes, politiques, patrons, militants associatifs, grands m\u00e9dias : les tribunes et les p\u00e9titions en faveur du jeune centriste, candidat du mouvement \u00ab\u00a0En marche\u00a0\u00bb, se sont multipli\u00e9s pour faire barrage \u00e0 Marine Le Pen qui s&rsquo;efforce de convaincre les d\u00e9\u00e7us du premier tour, les ind\u00e9cis et les abstentionnistes, \u00e0 cinq jours de la pr\u00e9sidentielle. (AFP)<\/p>\n","protected":false},"excerpt":{"rendered":"<p>Les deux tiers des partisans du candidat de la Gauche Radicale Jean-Luc M\u00e9lenchon comptent s&rsquo;abstenir ou voter blanc dimanche au second tour de l&rsquo;\u00e9lection pr\u00e9sidentielle, et seuls 35% veulent voter pour le centriste Emmanuel Macron, selon les r\u00e9sultats d&rsquo;une consultation sur internet. Parmi les quelque 243.000 votants, 36% ont choisi le vote blanc ou nul [&hellip;]<\/p>\n","protected":false},"author":1,"featured_media":2627,"comment_status":"open","ping_status":"closed","sticky":false,"template":"","format":"standard","meta":{"footnotes":""},"categories":[30],"tags":[642,641,643],"class_list":["post-2632","post","type-post","status-publish","format-standard","has-post-thumbnail","hentry","category-actualite","tag-emmanuel-macron","tag-gauche-radicale","tag-le-pen"],"aioseo_notices":[],"_links":{"self":[{"href":"https:\/\/www.culturalusa.com\/news\/wp-json\/wp\/v2\/posts\/2632","targetHints":{"allow":["GET"]}}],"collection":[{"href":"https:\/\/www.culturalusa.com\/news\/wp-json\/wp\/v2\/posts"}],"about":[{"href":"https:\/\/www.culturalusa.com\/news\/wp-json\/wp\/v2\/types\/post"}],"author":[{"embeddable":true,"href":"https:\/\/www.culturalusa.com\/news\/wp-json\/wp\/v2\/users\/1"}],"replies":[{"embeddable":true,"href":"https:\/\/www.culturalusa.com\/news\/wp-json\/wp\/v2\/comments?post=2632"}],"version-history":[{"count":0,"href":"https:\/\/www.culturalusa.com\/news\/wp-json\/wp\/v2\/posts\/2632\/revisions"}],"wp:featuredmedia":[{"embeddable":true,"href":"https:\/\/www.culturalusa.com\/news\/wp-json\/wp\/v2\/media\/2627"}],"wp:attachment":[{"href":"https:\/\/www.culturalusa.com\/news\/wp-json\/wp\/v2\/media?parent=2632"}],"wp:term":[{"taxonomy":"category","embeddable":true,"href":"https:\/\/www.culturalusa.com\/news\/wp-json\/wp\/v2\/categories?post=2632"},{"taxonomy":"post_tag","embeddable":true,"href":"https:\/\/www.culturalusa.com\/news\/wp-json\/wp\/v2\/tags?post=2632"}],"curies":[{"name":"wp","href":"https:\/\/api.w.org\/{rel}","templated":true}]}}