{"id":2636,"date":"2017-05-05T02:07:50","date_gmt":"2017-05-05T00:07:50","guid":{"rendered":"http:\/\/www.culturalusa.com\/news\/?p=2636"},"modified":"2017-05-05T02:21:46","modified_gmt":"2017-05-05T00:21:46","slug":"presidentielle-insinuations-de-marine-le-pen-concernant-un-pretendu-compte-offshore-de-macron","status":"publish","type":"post","link":"https:\/\/www.culturalusa.com\/news\/actualite\/presidentielle-insinuations-de-marine-le-pen-concernant-un-pretendu-compte-offshore-de-macron\/","title":{"rendered":"Pr\u00e9sidentielle: insinuations de Marine Le Pen concernant un pr\u00e9tendu compte offshore de Macron"},"content":{"rendered":"<p><img loading=\"lazy\" decoding=\"async\" src=\"http:\/\/www.culturalusa.com\/news\/wp-content\/uploads\/2017\/04\/Presidentielle-2017.jpg\" alt=\"\" width=\"470\" height=\"324\" class=\"aligncenter size-full wp-image-2627\" srcset=\"https:\/\/www.culturalusa.com\/news\/wp-content\/uploads\/2017\/04\/Presidentielle-2017.jpg 470w, https:\/\/www.culturalusa.com\/news\/wp-content\/uploads\/2017\/04\/Presidentielle-2017-275x190.jpg 275w\" sizes=\"auto, (max-width: 470px) 100vw, 470px\" \/>La campagne pr\u00e9sidentielle a d\u00e9bord\u00e9 jeudi sur le terrain judiciaire avec la plainte d&rsquo;Emmanuel Macron, apr\u00e8s les insinuations de Marine Le Pen concernant un pr\u00e9tendu <strong>compte offshore aux Bahamas<\/strong>.<\/p>\n<p>A trois jours du second tour, le candidat d&rsquo;En Marche! a par ailleurs re\u00e7u un soutien de marque, celui de l&rsquo;ancien pr\u00e9sident am\u00e9ricain Barack Obama, avant que les deux finalistes repartent une derni\u00e8re fois \u00e0 la rencontre des \u00e9lecteurs sur le terrain.<\/p>\n<p>Emmanuel Macron a \u00e9t\u00e9 vivement interpell\u00e9 par des militants syndicaux \u00e0 Albi sur la loi travail et Marine Le Pen a \u00e9t\u00e9 accueillie en Bretagne en d\u00e9but d&rsquo;apr\u00e8s-midi par des jets d&rsquo;oeufs lanc\u00e9s par un groupe d&rsquo;opposants. <\/p>\n<p>En soir\u00e9e, ils ont chacun profit\u00e9 du dernier meeting de campagne pour lancer des appels \u00e0 la mobilisation.<\/p>\n<p>Sur les terres de Jean Jaur\u00e8s \u00e0 Albi, l&rsquo;ancien ministre de l&rsquo;Economie a promis de mener le \u00ab\u00a0renouvellement jusqu&rsquo;au bout\u00a0\u00bb, et assur\u00e9 qu&rsquo;il entendait \u00ab\u00a0cette col\u00e8re qui existe dans le peuple\u00a0\u00bb.<\/p>\n<p>Dans un entretien \u00e0 La Provence, il a aussi regrett\u00e9 les \u00ab\u00a0pudeurs de gazelle\u00a0\u00bb des \u00e9lecteurs de gauche h\u00e9sitant \u00e0 voter pour lui, en d\u00e9pit de la \u00ab\u00a0recomposition, de la social-d\u00e9mocratie au gaullisme\u00a0\u00bb, qu&rsquo;il promet.<\/p>\n<p>Quant \u00e0 Marine Le Pen, elle est all\u00e9e finir sa campagne dans une \u00ab\u00a0grande f\u00eate populaire\u00a0\u00bb du village picard d&rsquo;Ennemain, empreinte d&rsquo;une sourde ambiance de d\u00e9faite.<\/p>\n<p>\u00ab\u00a0Ma parole a \u00e9t\u00e9 l&rsquo;\u00e9cho de la violence sociale qui va exploser dans notre pays, la voix du peuple de France qui n&rsquo;en peut plus (et que) les \u00e9lites snobent, m\u00e9prisent, traitent par l&rsquo;arrogance et le d\u00e9dain\u00a0\u00bb, a-t-elle dit, en r\u00e9f\u00e9rence au d\u00e9bat t\u00e9l\u00e9vis\u00e9.<\/p>\n<p>Au lendemain de ce d\u00e9bat, l&rsquo;entourage d&rsquo;Emmanuel Macron a annonc\u00e9 que le candidat avait d\u00e9pos\u00e9 plainte contre X pour \u00ab\u00a0faux, usage de faux et propagation de fausse nouvelle destin\u00e9e \u00e0 influencer le scrutin\u00a0\u00bb. Le parquet de Paris a ouvert dans la foul\u00e9e une enqu\u00eate pr\u00e9liminaire.<\/p>\n<p>\u00ab\u00a0J&rsquo;esp\u00e8re que l&rsquo;on n&rsquo;apprendra pas que vous avez un compte offshore aux Bahamas&#8230;\u00a0\u00bb, avait gliss\u00e9 la candidate du Front national. \u00ab\u00a0De la diffamation\u00a0\u00bb, avait r\u00e9pliqu\u00e9 le candidat d&rsquo;En Marche!<\/p>\n<p>\u00ab\u00a0Nous n&rsquo;h\u00e9siterons pas \u00e0 poursuivre en diffamation quiconque reprendra cette fausse information\u00a0\u00bb, a pr\u00e9cis\u00e9 l&rsquo;entourage de M. Macron jeudi. Un peu plus t\u00f4t, l&rsquo;ancien ministre avait accus\u00e9 Mme Le Pen de propager des \u00ab\u00a0fausses annonces et mensonges\u00a0\u00bb \u00e9manant de \u00ab\u00a0sites pour certains li\u00e9s \u00e0 des int\u00e9r\u00eats russes\u00a0\u00bb.<\/p>\n<p>La candidate, re\u00e7ue avant le premier tour par Vladimir Poutine au Kremlin, avait reconnu jeudi matin ne pas \u00ab\u00a0avoir de preuve\u00a0\u00bb.<\/p>\n<p>Obama en soutien<\/p>\n<p>En d\u00e9but d&rsquo;apr\u00e8s-midi, En marche! a diffus\u00e9 une vid\u00e9o dans laquelle l&rsquo;ancien pr\u00e9sident am\u00e9ricain Barack Obama fait savoir qu&rsquo;il \u00ab\u00a0soutient\u00a0\u00bb le candidat, lequel s&rsquo;en est dit \u00ab\u00a0tr\u00e8s tr\u00e8s heureux\u00a0\u00bb.<\/p>\n<p>Jugeant le scrutin \u00ab\u00a0d&rsquo;une importance capitale pour l&rsquo;avenir de la France et les valeurs que nous ch\u00e9rissons\u00a0\u00bb, M. Obama y affirme qu&rsquo;il \u00ab\u00a0admire\u00a0\u00bb la campagne du candidat de 39 ans qui s&rsquo;adresse aux \u00ab\u00a0\u00a0\u00bbespoirs\u00a0\u00bb et non aux \u00ab\u00a0peurs\u00a0\u00bb.<\/p>\n<p>Ces d\u00e9veloppements sont intervenus au lendemain d&rsquo;un d\u00e9bat t\u00e9l\u00e9vis\u00e9 jug\u00e9 \u00ab\u00a0d&rsquo;une brutalit\u00e9 in\u00e9dite\u00a0\u00bb et improductif par nombre de commentateurs. Pour Fran\u00e7ois Hollande, ce d\u00e9bat \u00ab\u00a0p\u00e9nible \u00e0 suivre\u00a0\u00bb a \u00e9t\u00e9 \u00ab\u00a0utile\u00a0\u00bb en r\u00e9v\u00e9lant le projet \u00ab\u00a0non seulement incoh\u00e9rent mais dangereux\u00a0\u00bb de Marine Le Pen.<\/p>\n<p>Ce d\u00e9bat \u00ab\u00a0n&rsquo;a pas fait bouger les lignes\u00a0\u00bb, a consid\u00e9r\u00e9 Alexis Corbi\u00e8re, porte-parole de Jean-Luc M\u00e9lenchon, alors que deux tiers des adh\u00e9rents de La France insoumise privil\u00e9gient le vote blanc ou nul, ou l&rsquo;abstention.<\/p>\n<p>Plusieurs soutiens de Mme Le Pen interrog\u00e9s par l&rsquo;AFP se sont dits, sous couvert d&rsquo;anonymat, d\u00e9\u00e7us par sa prestation. \u00ab\u00a0MLP catastrophique sur l&rsquo;euro. Voil\u00e0\u00a0\u00bb, a tweet\u00e9 Julien Rochedy, ex-pr\u00e9sident du FN Jeunesse [&#8230;] <\/p>\n<p>Le journaliste et candidat aux l\u00e9gislatives, soutenu par La France insoumise, Fran\u00e7ois Ruffin a averti Emmanuel Macron qu&rsquo;il \u00e9tait un candidat \u00ab\u00a0ha\u00ef\u00a0\u00bb, et qu&rsquo;il n&rsquo;aurait qu&rsquo;une \u00ab\u00a0l\u00e9gitimit\u00e9 fragile\u00a0\u00bb en cas de victoire. (AFP)<\/p>\n","protected":false},"excerpt":{"rendered":"<p>La campagne pr\u00e9sidentielle a d\u00e9bord\u00e9 jeudi sur le terrain judiciaire avec la plainte d&rsquo;Emmanuel Macron, apr\u00e8s les insinuations de Marine Le Pen concernant un pr\u00e9tendu compte offshore aux Bahamas. A trois jours du second tour, le candidat d&rsquo;En Marche! a par ailleurs re\u00e7u un soutien de marque, celui de l&rsquo;ancien pr\u00e9sident am\u00e9ricain Barack Obama, avant [&hellip;]<\/p>\n","protected":false},"author":1,"featured_media":0,"comment_status":"open","ping_status":"closed","sticky":false,"template":"","format":"standard","meta":{"footnotes":""},"categories":[30],"tags":[648],"class_list":["post-2636","post","type-post","status-publish","format-standard","hentry","category-actualite","tag-compte-offshore"],"aioseo_notices":[],"_links":{"self":[{"href":"https:\/\/www.culturalusa.com\/news\/wp-json\/wp\/v2\/posts\/2636","targetHints":{"allow":["GET"]}}],"collection":[{"href":"https:\/\/www.culturalusa.com\/news\/wp-json\/wp\/v2\/posts"}],"about":[{"href":"https:\/\/www.culturalusa.com\/news\/wp-json\/wp\/v2\/types\/post"}],"author":[{"embeddable":true,"href":"https:\/\/www.culturalusa.com\/news\/wp-json\/wp\/v2\/users\/1"}],"replies":[{"embeddable":true,"href":"https:\/\/www.culturalusa.com\/news\/wp-json\/wp\/v2\/comments?post=2636"}],"version-history":[{"count":0,"href":"https:\/\/www.culturalusa.com\/news\/wp-json\/wp\/v2\/posts\/2636\/revisions"}],"wp:attachment":[{"href":"https:\/\/www.culturalusa.com\/news\/wp-json\/wp\/v2\/media?parent=2636"}],"wp:term":[{"taxonomy":"category","embeddable":true,"href":"https:\/\/www.culturalusa.com\/news\/wp-json\/wp\/v2\/categories?post=2636"},{"taxonomy":"post_tag","embeddable":true,"href":"https:\/\/www.culturalusa.com\/news\/wp-json\/wp\/v2\/tags?post=2636"}],"curies":[{"name":"wp","href":"https:\/\/api.w.org\/{rel}","templated":true}]}}