{"id":2637,"date":"2017-05-08T02:16:14","date_gmt":"2017-05-08T00:16:14","guid":{"rendered":"http:\/\/www.culturalusa.com\/news\/?p=2637"},"modified":"2025-08-27T17:46:33","modified_gmt":"2025-08-27T15:46:33","slug":"macron-elu-president-de-la-republique-francaise","status":"publish","type":"post","link":"https:\/\/www.culturalusa.com\/news\/actualite\/macron-elu-president-de-la-republique-francaise\/","title":{"rendered":"Macron \u00e9lu pr\u00e9sident de la r\u00e9publique fran\u00e7aise"},"content":{"rendered":"<h2>Emmanuel Macron a \u00e9t\u00e9 \u00e9lu dimanche pr\u00e9sident de la R\u00e9publique en battant largement Marine Le Pen lors d&rsquo;un second tour marqu\u00e9 par une forte abstention, mais de nombreux d\u00e9fis attendent cet homme jeune \u00e0 l&rsquo;ascension fulgurante, \u00e0 commencer par l&rsquo;obtention d&rsquo;une majorit\u00e9 \u00e0 l&rsquo;Assembl\u00e9e.<\/h2>\n<blockquote><p>Le candidat centriste, 39 ans, va devenir le huiti\u00e8me pr\u00e9sident de la Ve R\u00e9publique, le plus jeune de l&rsquo;Histoire, en obtenant pr\u00e8s de 65,7% des voix face \u00e0 la candidate d&rsquo;extr\u00eame droite (34,3%), selon les estimations actualis\u00e9es dimanche soir.<\/p><\/blockquote>\n<p>En fin de soir\u00e9e, M. Macron a retrouv\u00e9 ses partisans, qui s&rsquo;\u00e9taient mass\u00e9s par milliers devant la pyramide du Louvre, apr\u00e8s une travers\u00e9e solennelle de la cour de l&rsquo;ancien palais royal, sous les notes de l&rsquo;hymne europ\u00e9en.<\/p>\n<p>\u00ab\u00a0Ce que nous avons fait (&#8230;) tout le monde nous disait que c&rsquo;\u00e9tait impossible, mais ils ne connaissaient pas la France!\u00a0\u00bb, a-t-il jubil\u00e9.<\/p>\n<p>Mais le candidat a reconnu que sa large victoire n&rsquo;\u00e9tait pas \u00ab\u00a0un blanc-seing\u00a0\u00bb, disant qu&rsquo;il ferait \u00ab\u00a0tout pour\u00a0\u00bb qu&rsquo;il n&rsquo;y ait plus \u00ab\u00a0aucune raison de voter pour les extr\u00eames\u00a0\u00bb.<\/p>\n<p>\u00ab\u00a0La t\u00e2che est immense (&#8230;) je vous servirai!\u00a0\u00bb, a-t-il martel\u00e9, avant d&rsquo;\u00eatre rejoint sur sc\u00e8ne par son \u00e9pouse Brigitte, de 24 ans son a\u00een\u00e9e.<\/p>\n<p>En d\u00e9but de soir\u00e9e, devant ses propres partisans r\u00e9unis dans le bois de Vincennes, Marine Le Pen s&rsquo;\u00e9tait r\u00e9jouie, malgr\u00e9 la nette d\u00e9faite, de son \u00ab\u00a0r\u00e9sultat historique et massif\u00a0\u00bb pour un parti \u00ab\u00a0devenu la premi\u00e8re force d&rsquo;opposition\u00a0\u00bb.<\/p>\n<p>Elle devrait totaliser plus de 10 millions de voix, d\u00e9passant largement son record du premier tour (plus de 7,6 millions de voix). Son p\u00e8re Jean-Marie Le Pen, lui, avait peu progress\u00e9 face \u00e0 Jacques Chirac entre les deux tours en 2002.<\/p>\n<p>Le second tour a \u00e9t\u00e9 marqu\u00e9 par la plus forte abstention depuis 1969 (plus de 25% selon les sondeurs). Contrairement \u00e0 2002 o\u00f9 la pr\u00e9sence du Front national avait mobilis\u00e9, l&rsquo;abstention augmente nettement par rapport au 1er tour (22,23%).<\/p>\n<p>Les blancs et nuls approchent les 9% des inscrits (plus de 4,2 millions), un record pour une pr\u00e9sidentielle.<\/p>\n<p>Entre l&rsquo;abstention, les votes blancs et nuls, plus d&rsquo;un Fran\u00e7ais sur trois a refus\u00e9 de choisir dimanche entre les deux candidats.<\/p>\n<p>\u00ab\u00a0Marine Le Pen arrive troisi\u00e8me de ce deuxi\u00e8me tour, apr\u00e8s M. Macron, et l&rsquo;abstention et les votes blancs\u00a0\u00bb, a d&rsquo;ailleurs affirm\u00e9 le leader de la France insoumise Jean-Luc M\u00e9lenchon, qui n&rsquo;avait pas appel\u00e9 \u00e0 voter Macron.<\/p>\n<p>A l&rsquo;Elys\u00e9e, Fran\u00e7ois Hollande a \u00ab\u00a0f\u00e9licit\u00e9 chaleureusement\u00a0\u00bb son ex-conseiller dont la \u00ab\u00a0large victoire\u00a0\u00bb confirme l&rsquo;attachement \u00ab\u00a0aux valeurs de la R\u00e9publique\u00a0\u00bb et \u00ab\u00a0\u00e0 l&rsquo;Union europ\u00e9enne\u00a0\u00bb.<\/p>\n<p>A l&rsquo;\u00e9tranger, le pr\u00e9sident de la Commission europ\u00e9enne Jean-Claude Juncker et la chanceli\u00e8re allemande Angela Merkel, premi\u00e8re dirigeante avec qui a convers\u00e9 M. Macron apr\u00e8s son \u00e9lection, ont salu\u00e9 une bonne nouvelle pour l&rsquo;Europe. Le pr\u00e9sident am\u00e9ricain Donald Trump a f\u00e9licit\u00e9 le vainqueur pour sa \u00ab\u00a0large victoire\u00a0\u00bb.<\/p>\n<p>Emmanuel Macron accomplit un exploit retentissant: jamais \u00e9lu auparavant, comme Charles de Gaulle; et plus jeune des 25 pr\u00e9sidents de la R\u00e9publique juste devant Louis Napol\u00e9on-Bonaparte (40 ans en 1848).<\/p>\n<p>Natif d&rsquo;Amiens, cet \u00e9narque, inspecteur des finances puis banquier d&rsquo;affaires, acc\u00e8de \u00e0 l&rsquo;Elys\u00e9e sans jamais avoir \u00e9t\u00e9 parlementaire. Secr\u00e9taire g\u00e9n\u00e9ral adjoint et conseiller \u00e9conomique du pr\u00e9sident Hollande depuis 2012, il est sorti de l&rsquo;anonymat en entrant en 2014 au minist\u00e8re de l&rsquo;Economie o\u00f9 il est rest\u00e9 moins de deux ans.<\/p>\n<p>&#8211; Passation le week-end prochain &#8211;<\/p>\n<p>A la t\u00eate d&rsquo;En Marche! cr\u00e9\u00e9 il y a un an, avec son programme \u00ab\u00a0et de droite, et de gauche\u00a0\u00bb, il a \u00e9cart\u00e9 les deux grands partis de gouvernement, le PS et Les R\u00e9publicains (LR), bout\u00e9s hors de l&rsquo;Elys\u00e9e pour la premi\u00e8re fois depuis 1981.<\/p>\n<p>Malgr\u00e9 le renfort du souverainiste Nicolas Dupont-Aignan et un d\u00e9but d&rsquo;entre-deux tours poussif de M. Macron, Marine Le Pen a lourdement but\u00e9 sur la derni\u00e8re marche, avec une prestation lors du duel t\u00e9l\u00e9vis\u00e9 qui a d\u00e9\u00e7u jusque dans ses propres rangs.<\/p>\n<p>Emmanuel Macron doit d\u00e9sormais d\u00e9voiler son Premier ministre et la composition de son gouvernement avant de solliciter une majorit\u00e9 aux l\u00e9gislatives (11-18 juin).<\/p>\n<p>\u00ab\u00a0Je n&rsquo;aurai pas d&rsquo;\u00e9tat de gr\u00e2ce\u00a0\u00bb, a lui-m\u00eame pr\u00e9venu M. Macron vendredi.<\/p>\n<p>Pour sa premi\u00e8re apparition, dans une d\u00e9claration t\u00e9l\u00e9vis\u00e9e depuis son QG, l&rsquo;air et le ton grave, M. Macron avait estim\u00e9 que sa \u00ab\u00a0responsabilit\u00e9\u00a0\u00bb serait \u00ab\u00a0d&rsquo;apaiser les peurs, de nous faire renouer avec l&rsquo;optimisme\u00a0\u00bb, promettant d&rsquo;agir avec \u00ab\u00a0humilit\u00e9, d\u00e9vouement et d\u00e9termination\u00a0\u00bb.<\/p>\n<p>Le mandat de Fran\u00e7ois Hollande expire officiellement dimanche prochain et la passation aura lieu durant le week-end.<\/p>\n<p>M. Macron accompagnera auparavant M. Hollande d\u00e8s lundi pour les comm\u00e9morations du 8 mai 1945, ainsi qu&rsquo;\u00e0 la Journ\u00e9e nationale des m\u00e9moires de l&rsquo;esclavage mercredi, juste apr\u00e8s le dernier Conseil des ministres du quinquennat Hollande.<\/p>\n<p>Si la presse fran\u00e7aise et internationale salue une victoire contre le \u00ab\u00a0populisme\u00a0\u00bb, plusieurs journaux relativisent le succ\u00e8s. Emmanuel Macron sera \u00ab\u00a0le pr\u00e9sident dont la l\u00e9gitimit\u00e9 sortie des urnes sera, probablement, la plus rapidement remise en cause\u00a0\u00bb, juge ainsi Le Monde.<\/p>\n<p>L&rsquo;une des premi\u00e8res mesures annonc\u00e9es est le d\u00e9p\u00f4t d&rsquo;une loi sur la \u00ab\u00a0moralisation politique\u00a0\u00bb. M. Macron souhaite par ailleurs \u00ab\u00a0d\u00e8s l&rsquo;\u00e9t\u00e9\u00a0\u00bb r\u00e9former le droit du travail par ordonnances, malgr\u00e9 l&rsquo;opposition du PS, du PCF et de la France insoumise de Jean-Luc M\u00e9lenchon.<\/p>\n<p>En Marche! doit trancher cette semaine les d\u00e9licates investitures pour les l\u00e9gislatives, avec une force place promise au \u00ab\u00a0renouvellement\u00a0\u00bb.<\/p>\n<p>Principal parti de l&rsquo;Assembl\u00e9e sortante mais balay\u00e9 de la pr\u00e9sidentielle avec les 6% de Beno\u00eet Hamon, le PS est en grand danger, pris en tenaille entre MM. Macron et M\u00e9lenchon.<\/p>\n<p>Absente du second tour pour la premi\u00e8re fois depuis 1958 apr\u00e8s l&rsquo;\u00e9limination de Fran\u00e7ois Fillon, la droite tentera d&rsquo;imposer \u00e0 M. Macron une cohabitation, avec Fran\u00e7ois Baroin comme meneur de campagne.<\/p>\n<p>Mais plusieurs responsables de la droite pourraient \u00eatre tent\u00e9s de rejoindre M. Macron, tel Bruno Le Maire, pr\u00eat \u00e0 \u00ab\u00a0travailler dans une majorit\u00e9 de gouvernement\u00a0\u00bb. Si tel est le cas, il aura un adversaire LR aux l\u00e9gislatives, a r\u00e9pliqu\u00e9 M. Baroin.<\/p>\n<p>Le Front national, qui n&rsquo;a que deux \u00e9lus sortants dans l&rsquo;Assembl\u00e9e, vise a minima l&rsquo;obtention d&rsquo;un groupe parlementaire.<\/p>\n<p>Marine Le Pen a annonc\u00e9 \u00ab\u00a0une transformation profonde de notre mouvement afin de composer une nouvelle force politique\u00a0\u00bb. (AFP)<\/p>\n","protected":false},"excerpt":{"rendered":"<p>Emmanuel Macron a \u00e9t\u00e9 \u00e9lu dimanche pr\u00e9sident de la R\u00e9publique en battant largement Marine Le Pen lors d&rsquo;un second tour marqu\u00e9 par une forte abstention, mais de nombreux d\u00e9fis attendent cet homme jeune \u00e0 l&rsquo;ascension fulgurante, \u00e0 commencer par l&rsquo;obtention d&rsquo;une majorit\u00e9 \u00e0 l&rsquo;Assembl\u00e9e. Le candidat centriste, 39 ans, va devenir le huiti\u00e8me pr\u00e9sident de [&hellip;]<\/p>\n","protected":false},"author":1,"featured_media":4800,"comment_status":"open","ping_status":"closed","sticky":false,"template":"","format":"standard","meta":{"footnotes":""},"categories":[30],"tags":[642,649],"class_list":["post-2637","post","type-post","status-publish","format-standard","has-post-thumbnail","hentry","category-actualite","tag-emmanuel-macron","tag-president-de-la-republique"],"aioseo_notices":[],"_links":{"self":[{"href":"https:\/\/www.culturalusa.com\/news\/wp-json\/wp\/v2\/posts\/2637","targetHints":{"allow":["GET"]}}],"collection":[{"href":"https:\/\/www.culturalusa.com\/news\/wp-json\/wp\/v2\/posts"}],"about":[{"href":"https:\/\/www.culturalusa.com\/news\/wp-json\/wp\/v2\/types\/post"}],"author":[{"embeddable":true,"href":"https:\/\/www.culturalusa.com\/news\/wp-json\/wp\/v2\/users\/1"}],"replies":[{"embeddable":true,"href":"https:\/\/www.culturalusa.com\/news\/wp-json\/wp\/v2\/comments?post=2637"}],"version-history":[{"count":2,"href":"https:\/\/www.culturalusa.com\/news\/wp-json\/wp\/v2\/posts\/2637\/revisions"}],"predecessor-version":[{"id":13684,"href":"https:\/\/www.culturalusa.com\/news\/wp-json\/wp\/v2\/posts\/2637\/revisions\/13684"}],"wp:featuredmedia":[{"embeddable":true,"href":"https:\/\/www.culturalusa.com\/news\/wp-json\/wp\/v2\/media\/4800"}],"wp:attachment":[{"href":"https:\/\/www.culturalusa.com\/news\/wp-json\/wp\/v2\/media?parent=2637"}],"wp:term":[{"taxonomy":"category","embeddable":true,"href":"https:\/\/www.culturalusa.com\/news\/wp-json\/wp\/v2\/categories?post=2637"},{"taxonomy":"post_tag","embeddable":true,"href":"https:\/\/www.culturalusa.com\/news\/wp-json\/wp\/v2\/tags?post=2637"}],"curies":[{"name":"wp","href":"https:\/\/api.w.org\/{rel}","templated":true}]}}