{"id":2644,"date":"2017-05-14T01:26:21","date_gmt":"2017-05-13T23:26:21","guid":{"rendered":"http:\/\/www.culturalusa.com\/news\/?p=2644"},"modified":"2025-04-22T10:41:33","modified_gmt":"2025-04-22T08:41:33","slug":"deux-bergers-de-fatima-declares-saints-par-le-pape-devant-500-000-fideles","status":"publish","type":"post","link":"https:\/\/www.culturalusa.com\/news\/actualite\/deux-bergers-de-fatima-declares-saints-par-le-pape-devant-500-000-fideles\/","title":{"rendered":"Deux bergers de Fatima d\u00e9clar\u00e9s saints par le pape devant 500.000 fid\u00e8les"},"content":{"rendered":"<h2>Deux petits bergers portugais, Francisco Marto et sa s\u0153ur Jacinta, ont \u00e9t\u00e9 d\u00e9clar\u00e9s saints par le pape Fran\u00e7ois devant une foule de 500.000 p\u00e8lerins rassembl\u00e9s au sanctuaire de Fatima, o\u00f9 la Vierge serait apparue voici cent ans.<\/h2>\n<p>Apr\u00e8s s&rsquo;\u00eatre recueilli sur les tombes des voyants dans la Basilique Notre-Dame du Rosaire, le pape Fran\u00e7ois a prononc\u00e9 la rituelle formule de canonisation en portugais, sous les applaudissements des fid\u00e8les, dont certains en pleurs.<\/p>\n<p>Environ 500.000 personnes \u00e9taient mass\u00e9es sur l&rsquo;esplanade comble du sanctuaire sous un ciel nuageux, alors que des dizaines de milliers de p\u00e8lerins devaient se contenter d&rsquo;\u00e9crans g\u00e9ants dans les rues adjacentes.<\/p>\n<p>Au total, un demi-million de croyants ont assist\u00e9 \u00e0 la messe de samedi, soit autant que lors de la visite du pape Beno\u00eet XVI en 2010, selon une estimation des autorit\u00e9s portugaises cit\u00e9e par le Vatican.<\/p>\n<p>\u00ab\u00a0Nous avons comme exemples devant les yeux Saint Fran\u00e7ois Marto et Sainte Jacinthe\u00a0\u00bb, qui par leur foi ont eu \u00ab\u00a0la force de surmonter les contrari\u00e9t\u00e9s et les souffrances\u00a0\u00bb, a d\u00e9clar\u00e9 le pape dans une hom\u00e9lie, \u00e0 propos des enfants morts de la grippe espagnole en 1919 et 1920.<\/p>\n<p>Notre-Dame de Fatima est \u00ab\u00a0un manteau de lumi\u00e8re\u00a0\u00bb prot\u00e9geant les catholiques, a soulign\u00e9 le pontife argentin, qui voue une grande d\u00e9votion \u00e0 la Vierge.<\/p>\n<p>De nombreux p\u00e8lerins, les traits tir\u00e9s, avaient pass\u00e9 la nuit \u00e0 la belle \u00e9toile. D&rsquo;autres ont afflu\u00e9 d\u00e8s l&rsquo;aube vers la ville-sanctuaire du centre du Portugal, petites chaises pliantes sous le bras ou arborant le drapeau de leur pays: Espagne, Pologne, Chili, France ou encore Afrique du Sud.<\/p>\n<h3><strong>Promesses et miracles<\/strong><\/h3>\n<p>Luisa Pacheco, une couturi\u00e8re portugaise de 48 ans, faisait son premier p\u00e8lerinage pour tenir une promesse faite voici 30 ans: \u00ab\u00a0je suis tomb\u00e9e malade et j&rsquo;ai promis \u00e0 Notre-Dame que je viendrais \u00e0 Fatima si j&rsquo;\u00e9tais encore en vie pour le centenaire des apparitions\u00a0\u00bb.<\/p>\n<p>Qu&rsquo;importe si elle a dormi dans sa voiture: \u00ab\u00a0Ce sont nos petits bergers \u00e0 nous, \u00e7a signifie tout pour nous\u00a0\u00bb.<\/p>\n<p>Pour Pedro Pestana, un avocat de 46 ans, \u00ab\u00a0tout ce qui entoure Fatima est un myst\u00e8re\u00a0\u00bb et \u00ab\u00a0si Fatima n&rsquo;existait pas, l&rsquo;histoire de la religion au Portugal ces cent derni\u00e8res ann\u00e9es serait compl\u00e8tement diff\u00e9rente\u00a0\u00bb.<\/p>\n<p>En 1917, dans le contexte tragique de la Premi\u00e8re Guerre mondiale et d&rsquo;un gouvernement portugais anticl\u00e9rical, Francisco (9 ans), Jacinta (7 ans) et leur cousine Lucia dos Santos (10 ans), bergers pieux et illettr\u00e9s d&rsquo;un village isol\u00e9, affirm\u00e8rent que Marie leur \u00e9tait apparue \u00e0 six reprises tous les 13 du mois, \u00e0 partir de mai.<\/p>\n<p>Les enfants furent consid\u00e9r\u00e9s par les autorit\u00e9s locales comme des perturbateurs de l&rsquo;ordre public, au point d&rsquo;\u00eatre mis bri\u00e8vement au cachot, avant d&rsquo;\u00eatre lib\u00e9r\u00e9s sous la pression populaire.<\/p>\n<p>Les apparitions de la \u00ab\u00a0dame en blanc\u00a0\u00bb, vues seulement par les trois petits paysans, furent ensuite accompagn\u00e9es de ph\u00e9nom\u00e8nes insolites constat\u00e9s le 13 octobre par une foule de 50.000 \u00e0 70.000 curieux \u00e9voquant une \u00ab\u00a0danse du soleil\u00a0\u00bb.<\/p>\n<p>Miracle ou hallucination collective renforc\u00e9e par un ph\u00e9nom\u00e8ne naturel? Les avis divergent dans l&rsquo;Eglise. L&rsquo;\u00e9pisode sera en tout cas suffisamment d\u00e9cisif pour que l&rsquo;Eglise d\u00e9clare en 1930 les apparitions dignes de foi et autorise le culte de Notre-Dame de Fatima.<\/p>\n<p>Si les apparitions racont\u00e9es par les bergers ne constituent pas un dogme auquel doivent croire tous les catholiques, leur canonisation est une cons\u00e9cration supr\u00eame.<\/p>\n<h3><strong>Trois secrets<\/strong><\/h3>\n<p>Les parents d&rsquo;un jeune gar\u00e7on br\u00e9silien ont racont\u00e9 jeudi \u00e0 Fatima l&rsquo;histoire de son r\u00e9tablissement \u00e9clair, attribu\u00e9 aux bergers, apr\u00e8s une grave chute, le second \u00ab\u00a0miracle\u00a0\u00bb n\u00e9cessaire \u00e0 leur canonisation.<\/p>\n<p>L&rsquo;Eglise catholique reconna\u00eet, comme les autres religions, une place au surnaturel. En commen\u00e7ant par la vie de J\u00e9sus, jalonn\u00e9e de nombreux miracles.<\/p>\n<p>La reconnaissance d&rsquo;autres apparitions ou gu\u00e9risons inexplicables suit une proc\u00e9dure longue et prudente, pour ne pas mettre en risque la cr\u00e9dibilit\u00e9 de l&rsquo;Eglise.<\/p>\n<p>Francisco et Jacinta sont morts jeunes, mais leur cousine Lucia vivra jusqu&rsquo;\u00e0 97 ans avec pour mission de divulguer \u00e0 l&rsquo;Eglise le message compos\u00e9 de trois secrets \u00ab\u00a0proph\u00e9tiques\u00a0\u00bb que lui aurait confi\u00e9 Marie.<\/p>\n<p>Son proc\u00e8s en b\u00e9atification a \u00e9t\u00e9 initi\u00e9 en 2008, trois ans apr\u00e8s sa mort. Le Saint-Si\u00e8ge s&rsquo;est longtemps montr\u00e9 extr\u00eamement frileux sur les nombreux \u00e9crits de l&rsquo;unique survivante, vite \u00e9loign\u00e9e de Fatima et qui deviendra une religieuse carm\u00e9lite.<\/p>\n<p>Le dernier secret de Notre-Dame de Fatima fut m\u00eame consult\u00e9 en 1959 et en 1965 par deux papes, qui s&#8217;empress\u00e8rent de remettre le texte \u00e0 l&rsquo;abri dans les archives secr\u00e8tes du Vatican!<\/p>\n<p>Il ne fut divulgu\u00e9 qu&rsquo;en 2000, en m\u00eame temps que la b\u00e9atification des deux petits bergers par le pape Jean-Paul II, venu trois fois \u00e0 Fatima. Pour le pontife polonais, le secret, qui a fait l&rsquo;objet de nombreuses interpr\u00e9tations plus symboliques, annon\u00e7ait l&rsquo;attentat perp\u00e9tr\u00e9 contre lui sur la place Saint-Pierre \u00e0 Rome, le 13 mai 1981. (AFP)<\/p>\n","protected":false},"excerpt":{"rendered":"<p>Deux petits bergers portugais, Francisco Marto et sa s\u0153ur Jacinta, ont \u00e9t\u00e9 d\u00e9clar\u00e9s saints par le pape Fran\u00e7ois devant une foule de 500.000 p\u00e8lerins rassembl\u00e9s au sanctuaire de Fatima, o\u00f9 la Vierge serait apparue voici cent ans. Apr\u00e8s s&rsquo;\u00eatre recueilli sur les tombes des voyants dans la Basilique Notre-Dame du Rosaire, le pape Fran\u00e7ois a [&hellip;]<\/p>\n","protected":false},"author":1,"featured_media":2645,"comment_status":"open","ping_status":"closed","sticky":false,"template":"","format":"standard","meta":{"footnotes":""},"categories":[30],"tags":[638,350],"class_list":["post-2644","post","type-post","status-publish","format-standard","has-post-thumbnail","hentry","category-actualite","tag-bergers-de-fatima","tag-pape-francois"],"aioseo_notices":[],"_links":{"self":[{"href":"https:\/\/www.culturalusa.com\/news\/wp-json\/wp\/v2\/posts\/2644","targetHints":{"allow":["GET"]}}],"collection":[{"href":"https:\/\/www.culturalusa.com\/news\/wp-json\/wp\/v2\/posts"}],"about":[{"href":"https:\/\/www.culturalusa.com\/news\/wp-json\/wp\/v2\/types\/post"}],"author":[{"embeddable":true,"href":"https:\/\/www.culturalusa.com\/news\/wp-json\/wp\/v2\/users\/1"}],"replies":[{"embeddable":true,"href":"https:\/\/www.culturalusa.com\/news\/wp-json\/wp\/v2\/comments?post=2644"}],"version-history":[{"count":2,"href":"https:\/\/www.culturalusa.com\/news\/wp-json\/wp\/v2\/posts\/2644\/revisions"}],"predecessor-version":[{"id":13326,"href":"https:\/\/www.culturalusa.com\/news\/wp-json\/wp\/v2\/posts\/2644\/revisions\/13326"}],"wp:featuredmedia":[{"embeddable":true,"href":"https:\/\/www.culturalusa.com\/news\/wp-json\/wp\/v2\/media\/2645"}],"wp:attachment":[{"href":"https:\/\/www.culturalusa.com\/news\/wp-json\/wp\/v2\/media?parent=2644"}],"wp:term":[{"taxonomy":"category","embeddable":true,"href":"https:\/\/www.culturalusa.com\/news\/wp-json\/wp\/v2\/categories?post=2644"},{"taxonomy":"post_tag","embeddable":true,"href":"https:\/\/www.culturalusa.com\/news\/wp-json\/wp\/v2\/tags?post=2644"}],"curies":[{"name":"wp","href":"https:\/\/api.w.org\/{rel}","templated":true}]}}