{"id":2655,"date":"2017-05-17T16:13:46","date_gmt":"2017-05-17T14:13:46","guid":{"rendered":"http:\/\/www.culturalusa.com\/news\/?p=2655"},"modified":"2025-08-27T17:43:00","modified_gmt":"2025-08-27T15:43:00","slug":"un-gouvernement-paritaire-collomb-hulot-et-bayrou-nommes-ministres-detat","status":"publish","type":"post","link":"https:\/\/www.culturalusa.com\/news\/actualite\/un-gouvernement-paritaire-collomb-hulot-et-bayrou-nommes-ministres-detat\/","title":{"rendered":"Un gouvernement paritaire: Collomb, Hulot et Bayrou nomm\u00e9s ministres d&rsquo;Etat"},"content":{"rendered":"<h2>Emmanuel Macron a nomm\u00e9 mercredi un gouvernement paritaire de 22 membres dont trois ministres d&rsquo;Etat, le centriste Fran\u00e7ois Bayrou \u00e0 la Justice, l&rsquo;ex-animateur de t\u00e9l\u00e9vision Nicolas Hulot \u00e0 la Transition \u00e9cologique et le s\u00e9nateur-maire (PS) de Lyon G\u00e9rard Collomb \u00e0 l&rsquo;Int\u00e9rieur, ainsi que l&rsquo;ancien ministre LR Bruno Le Maire.<\/h2>\n<blockquote><p>Figure de la cause environnementale, Nicolas Hulot int\u00e8gre pour la premi\u00e8re fois un gouvernement \u00e0 62 ans, apr\u00e8s avoir \u00e9t\u00e9 sollicit\u00e9 par Fran\u00e7ois Hollande en 2016, apr\u00e8s Jacques Chirac. Il a \u00e9t\u00e9 pendant trois ans \u00ab\u00a0l&rsquo;envoy\u00e9 sp\u00e9cial pour la plan\u00e8te\u00a0\u00bb de M. Hollande dans la perspective de la Conf\u00e9rence de Paris sur le climat de 2015.<\/p><\/blockquote>\n<p>A gauche, G\u00e9rard Collomb h\u00e9rite de l&rsquo;Int\u00e9rieur. Membre de l\u2019aile droite du PS, s\u00e9nateur-maire de Lyon, soutien de la premi\u00e8re heure d\u2019Emmanuel Macron, en larmes pendant la passation des pouvoirs dimanche \u00e0 l&rsquo;Elys\u00e9e, il int\u00e8gre pour la premi\u00e8re fois, \u00e0 70 ans, un gouvernement. Jean-Yves Le Drian, ministre de la D\u00e9fense de Fran\u00e7ois Hollande pendant cinq ans, devient ministre des Affaires \u00e9trang\u00e8res.<\/p>\n<p>Un seul autre membre de l&rsquo;\u00e9quipe sortante de Bernard Cazeneuve reste au gouvernement: Annick Girardin, qui obtient le portefeuille de l&rsquo;Outre-mer.<\/p>\n<p>A droite, dans la foul\u00e9e de la nomination d&rsquo;Edouard Philippe \u00e0 Matignon, Bruno Le Maire est nomm\u00e9 ministre de l&rsquo;Economie. Le sarkozyste G\u00e9rald Darmanin est nomm\u00e9 ministre de l&rsquo;Action et des Comptes publics.<\/p>\n<p>Le gouvernement fait \u00e9galement la part belle aux centristes, avec le retour, pour la premi\u00e8re fois depuis 1997 au sein d&rsquo;un ex\u00e9cutif, de Fran\u00e7ois Bayrou, accompagn\u00e9 de Marielle de Sarnez, ministre des Affaires europ\u00e9ennes de plein exercice, et Sylvie Goulard, qui h\u00e9rite des Arm\u00e9es.<\/p>\n<p>Parmi les fid\u00e8les d&rsquo;Emmanuel Macron, Richard Ferrand, d\u00e9put\u00e9 PS sortant et secr\u00e9taire g\u00e9n\u00e9ral de La R\u00e9publique En Marche!, devient ministre de la Coh\u00e9sion et des Territoires. Jacques M\u00e9zard, patron du groupe RDSE (radicaux) au S\u00e9nat, est nomm\u00e9 ministre de l&rsquo;Agriculture.<\/p>\n<p>L&rsquo;actuel directeur g\u00e9n\u00e9ral de l&rsquo;Essec Jean-Michel Blanquer est nomm\u00e9 ministre de l&rsquo;Education nationale. L&rsquo;\u00e9ditrice Fran\u00e7oise Nyssen h\u00e9rite du portefeuille de la Culture. Agn\u00e8s Buzyn est nomm\u00e9e ministre des Solidarit\u00e9s et de la Sant\u00e9. Muriel P\u00e9nicaud h\u00e9rite du portefeuille du Travail.<\/p>\n<p>L&rsquo;ancienne championne d&rsquo;escrime Laura Flessel est, elle, nomm\u00e9e ministre des Sports.<\/p>\n<p>Le gouvernement dirig\u00e9 par Edouard Philippe (LR) compte \u00e9galement quatre secr\u00e9taires d&rsquo;Etat rattach\u00e9s \u00e0 Matignon: Christophe Castaner h\u00e9rite des Relations avec le Parlement et devient porte-parole du gouvernement, Marl\u00e8ne Schiappa de l&rsquo;\u00e9galit\u00e9 homme-femme, Sophie Cluzel des handicap\u00e9s et Mounir Mahjoubi du Num\u00e9rique. (AFP)<\/p>\n<h3><strong>Le gouvernement d&rsquo;Edouard Philippe<\/strong> :<\/h3>\n<p>Ministre d&rsquo;Etat, ministre de l&rsquo;Int\u00e9rieur: G\u00e9rard Collomb<br \/>\nMinistre d&rsquo;Etat, ministre de la Transition \u00e9cologique et solidaire: Nicolas Hulot<br \/>\nMinistre d&rsquo;Etat, garde des Sceaux, ministre de la Justice: Fran\u00e7ois Bayrou<br \/>\nMinistre des Arm\u00e9es: Sylvie Goulard<br \/>\nMinistre de l&rsquo;Europe et des Affaires \u00e9trang\u00e8res: Jean-Yves Le Drian<br \/>\nMinistre de la Coh\u00e9sion des Territoires: Richard Ferrand<br \/>\nMinistre des Solidarit\u00e9s et de la Sant\u00e9: Agn\u00e8s Buzyn<br \/>\nMinistre de la Culture: Fran\u00e7oise Nyssen<br \/>\nMinistre de l&rsquo;Economie: Bruno Le Maire<br \/>\nMinistre du Travail: Muriel P\u00e9nicaud<br \/>\nMinistre de l&rsquo;Education nationale: Jean-Michel Blanquer<br \/>\nMinistre de l&rsquo;Agriculture et de l&rsquo;alimentation: Jacques M\u00e9zard<br \/>\nMinistre de l&rsquo;Action et des comptes publiques: G\u00e9rald Darmanin<br \/>\nMinistre de l&rsquo;Enseignement sup\u00e9rieur, de la recherche et de l&rsquo;innovation: Fr\u00e9d\u00e9rique Vidal<br \/>\nMinistre des Outre-mer: Annick Girardin<br \/>\nMinistre des Sports: Laura Flessel<br \/>\nMinistre aupr\u00e8s du ministre d&rsquo;Etat, ministre de la Transition \u00e9cologique, charg\u00e9e des Transports: Elisabeth Borne<br \/>\nMinistre aupr\u00e8s du ministre de l&rsquo;Europe et des Affaires \u00e9trang\u00e8res, charg\u00e9e des Affaires europ\u00e9ennes: Marielle de Sarnez<br \/>\nSecr\u00e9taires d&rsquo;Etat aupr\u00e8s du Premier ministre:<br \/>\nCharg\u00e9 des Relations avec le Parlement, porte-parole du gouvernement: Christophe Castaner<br \/>\nCharg\u00e9e de l&rsquo;Egalit\u00e9 entre les femmes et les hommes: Marl\u00e8ne Schiappa<br \/>\nCharg\u00e9e des personnes handicap\u00e9es: Sophie Cluzel<br \/>\nCharg\u00e9 du num\u00e9rique: Mounir Mahjoubi<\/p>\n","protected":false},"excerpt":{"rendered":"<p>Emmanuel Macron a nomm\u00e9 mercredi un gouvernement paritaire de 22 membres dont trois ministres d&rsquo;Etat, le centriste Fran\u00e7ois Bayrou \u00e0 la Justice, l&rsquo;ex-animateur de t\u00e9l\u00e9vision Nicolas Hulot \u00e0 la Transition \u00e9cologique et le s\u00e9nateur-maire (PS) de Lyon G\u00e9rard Collomb \u00e0 l&rsquo;Int\u00e9rieur, ainsi que l&rsquo;ancien ministre LR Bruno Le Maire. Figure de la cause environnementale, Nicolas [&hellip;]<\/p>\n","protected":false},"author":1,"featured_media":10698,"comment_status":"open","ping_status":"closed","sticky":false,"template":"","format":"standard","meta":{"footnotes":""},"categories":[30],"tags":[659,657,656,658,660],"class_list":["post-2655","post","type-post","status-publish","format-standard","has-post-thumbnail","hentry","category-actualite","tag-bayrou","tag-collomb","tag-gouvernement","tag-hulot","tag-ministres-detat"],"aioseo_notices":[],"_links":{"self":[{"href":"https:\/\/www.culturalusa.com\/news\/wp-json\/wp\/v2\/posts\/2655","targetHints":{"allow":["GET"]}}],"collection":[{"href":"https:\/\/www.culturalusa.com\/news\/wp-json\/wp\/v2\/posts"}],"about":[{"href":"https:\/\/www.culturalusa.com\/news\/wp-json\/wp\/v2\/types\/post"}],"author":[{"embeddable":true,"href":"https:\/\/www.culturalusa.com\/news\/wp-json\/wp\/v2\/users\/1"}],"replies":[{"embeddable":true,"href":"https:\/\/www.culturalusa.com\/news\/wp-json\/wp\/v2\/comments?post=2655"}],"version-history":[{"count":2,"href":"https:\/\/www.culturalusa.com\/news\/wp-json\/wp\/v2\/posts\/2655\/revisions"}],"predecessor-version":[{"id":13682,"href":"https:\/\/www.culturalusa.com\/news\/wp-json\/wp\/v2\/posts\/2655\/revisions\/13682"}],"wp:featuredmedia":[{"embeddable":true,"href":"https:\/\/www.culturalusa.com\/news\/wp-json\/wp\/v2\/media\/10698"}],"wp:attachment":[{"href":"https:\/\/www.culturalusa.com\/news\/wp-json\/wp\/v2\/media?parent=2655"}],"wp:term":[{"taxonomy":"category","embeddable":true,"href":"https:\/\/www.culturalusa.com\/news\/wp-json\/wp\/v2\/categories?post=2655"},{"taxonomy":"post_tag","embeddable":true,"href":"https:\/\/www.culturalusa.com\/news\/wp-json\/wp\/v2\/tags?post=2655"}],"curies":[{"name":"wp","href":"https:\/\/api.w.org\/{rel}","templated":true}]}}