{"id":2664,"date":"2017-05-29T02:00:06","date_gmt":"2017-05-29T00:00:06","guid":{"rendered":"http:\/\/www.culturalusa.com\/news\/?p=2664"},"modified":"2025-03-24T17:27:34","modified_gmt":"2025-03-24T16:27:34","slug":"donnees-personnelles-internet-la-presse-sinquiete-dun-projet-europeen-restrictif","status":"publish","type":"post","link":"https:\/\/www.culturalusa.com\/news\/actualite\/donnees-personnelles-internet-la-presse-sinquiete-dun-projet-europeen-restrictif\/","title":{"rendered":"Donn\u00e9es personnelles internet: la presse s&rsquo;inqui\u00e8te d&rsquo;un projet europ\u00e9en restrictif"},"content":{"rendered":"<h2>Une trentaine d&rsquo;\u00e9diteurs de presse europ\u00e9ens r\u00e9clament la r\u00e9vision d&rsquo;un projet de r\u00e8glement de Bruxelles sur les donn\u00e9es personnelles, qui menace selon eux leur mod\u00e8le \u00e9conomique sur internet, dans une lettre ouverte \u00e0 para\u00eetre lundi.<\/h2>\n<blockquote><p>Ce projet en cours de discussion, appel\u00e9 \u00e0 remplacer l&rsquo;actuelle directive \u00ab\u00a0ePrivacy\u00a0\u00bb, permettrait \u00e0 chaque internaute de d\u00e9cider d\u00e8s sa premi\u00e8re connexion du niveau de protection qu&rsquo;il souhaite pour l&rsquo;ensemble des sites qu&rsquo;il visitera par la suite.<\/p><\/blockquote>\n<p>Il ne d\u00e9ciderait donc qu&rsquo;une seule fois d&rsquo;accepter ou non les \u00ab\u00a0cookies\u00a0\u00bb, ces fichiers invisibles qui se greffent sur un ordinateur pour capter des donn\u00e9es personnelles, et non site par site.<\/p>\n<p>Ce projet \u00ab\u00a0prive les \u00e9diteurs de presse de la capacit\u00e9 d&rsquo;informer chacun des lecteurs sur les raisons pour lesquelles leur consentement est sollicit\u00e9, d\u2019expliquer les avantages de contenus journalistiques et marketing personnalis\u00e9s, et de rappeler l&rsquo;importance de l&rsquo;abonnement et de la publicit\u00e9 dans le mod\u00e8le \u00e9conomique d&rsquo;une presse de qualit\u00e9\u00a0\u00bb, regrettent les 33 \u00e9diteurs signataires dans cette lettre ouverte.<\/p>\n<p>\u00ab\u00a0En privant les \u00e9diteurs de presse de proposer des publicit\u00e9s cibl\u00e9es \u00e0 leurs lecteurs, ePrivacy (la nouvelle version, ndlr) favorise la r\u00e9orientation des annonceurs publicitaires de la presse vers les plateformes num\u00e9riques dominantes, et diminue donc l&rsquo;investissement possible dans le journalisme de qualit\u00e9\u00a0\u00bb, poursuit le texte, qui d\u00e9plore aussi \u00ab\u00a0une concentration des donn\u00e9es des citoyens num\u00e9riques europ\u00e9ens aux mains de quelques entreprises mondiales\u00a0\u00bb.<\/p>\n<p>\u00ab\u00a0La presse n&rsquo;a jamais eu autant de lecteurs gr\u00e2ce \u00e0 ses d\u00e9veloppements num\u00e9riques (&#8230;). Ces performances ne permettront l&rsquo;\u00e9mergence d&rsquo;un mod\u00e8le \u00e9conomique de la presse digitale qu&rsquo;\u00e0 la condition que les \u00e9diteurs puissent conna\u00eetre leurs lecteurs et d\u00e9velopper une relation directe avec eux\u00a0\u00bb, fait valoir dans un communiqu\u00e9 dimanche le Syndicat (fran\u00e7ais) de la presse quotidienne nationale (SPQN), \u00e0 l&rsquo;initiative de cette lettre adress\u00e9e au Parlement europ\u00e9en et au Conseil de l&rsquo;UE.<\/p>\n<p>\u00ab\u00a0Le recueil de donn\u00e9es anonymis\u00e9es (&#8230;) permet aux r\u00e9dactions de mieux connaitre les centres d&rsquo;int\u00e9r\u00eats \u00e9ditoriaux de chaque lecteur et de d\u00e9velopper des offres de contenus adapt\u00e9es\u00a0\u00bb, explique le SPQN.<\/p>\n<p>\u00ab\u00a0Il est aussi essentiel pour adresser aux internautes des publicit\u00e9s cibl\u00e9es, donc utiles et accept\u00e9es\u00a0\u00bb, poursuit-il.<\/p>\n<p>\u00ab\u00a0C&rsquo;est pourquoi la presse europ\u00e9enne pense indispensable, afin qu&rsquo;elle puisse mieux remplir son r\u00f4le d\u2019information, que +ePrivacy+ soit profond\u00e9ment revu\u00a0\u00bb, conclut le SPQN. (AFP)<\/p>\n","protected":false},"excerpt":{"rendered":"<p>Une trentaine d&rsquo;\u00e9diteurs de presse europ\u00e9ens r\u00e9clament la r\u00e9vision d&rsquo;un projet de r\u00e8glement de Bruxelles sur les donn\u00e9es personnelles, qui menace selon eux leur mod\u00e8le \u00e9conomique sur internet, dans une lettre ouverte \u00e0 para\u00eetre lundi. Ce projet en cours de discussion, appel\u00e9 \u00e0 remplacer l&rsquo;actuelle directive \u00ab\u00a0ePrivacy\u00a0\u00bb, permettrait \u00e0 chaque internaute de d\u00e9cider d\u00e8s sa [&hellip;]<\/p>\n","protected":false},"author":1,"featured_media":1102,"comment_status":"open","ping_status":"closed","sticky":false,"template":"","format":"standard","meta":{"footnotes":""},"categories":[30],"tags":[663,664],"class_list":["post-2664","post","type-post","status-publish","format-standard","has-post-thumbnail","hentry","category-actualite","tag-donnees-personnelles","tag-internet"],"aioseo_notices":[],"_links":{"self":[{"href":"https:\/\/www.culturalusa.com\/news\/wp-json\/wp\/v2\/posts\/2664","targetHints":{"allow":["GET"]}}],"collection":[{"href":"https:\/\/www.culturalusa.com\/news\/wp-json\/wp\/v2\/posts"}],"about":[{"href":"https:\/\/www.culturalusa.com\/news\/wp-json\/wp\/v2\/types\/post"}],"author":[{"embeddable":true,"href":"https:\/\/www.culturalusa.com\/news\/wp-json\/wp\/v2\/users\/1"}],"replies":[{"embeddable":true,"href":"https:\/\/www.culturalusa.com\/news\/wp-json\/wp\/v2\/comments?post=2664"}],"version-history":[{"count":2,"href":"https:\/\/www.culturalusa.com\/news\/wp-json\/wp\/v2\/posts\/2664\/revisions"}],"predecessor-version":[{"id":13293,"href":"https:\/\/www.culturalusa.com\/news\/wp-json\/wp\/v2\/posts\/2664\/revisions\/13293"}],"wp:featuredmedia":[{"embeddable":true,"href":"https:\/\/www.culturalusa.com\/news\/wp-json\/wp\/v2\/media\/1102"}],"wp:attachment":[{"href":"https:\/\/www.culturalusa.com\/news\/wp-json\/wp\/v2\/media?parent=2664"}],"wp:term":[{"taxonomy":"category","embeddable":true,"href":"https:\/\/www.culturalusa.com\/news\/wp-json\/wp\/v2\/categories?post=2664"},{"taxonomy":"post_tag","embeddable":true,"href":"https:\/\/www.culturalusa.com\/news\/wp-json\/wp\/v2\/tags?post=2664"}],"curies":[{"name":"wp","href":"https:\/\/api.w.org\/{rel}","templated":true}]}}