{"id":2665,"date":"2017-05-29T02:11:51","date_gmt":"2017-05-29T00:11:51","guid":{"rendered":"http:\/\/www.culturalusa.com\/news\/?p=2665"},"modified":"2017-05-29T02:11:51","modified_gmt":"2017-05-29T00:11:51","slug":"merkel-pouvoir-compter-les-uns-sur-les-autres-est-quasiment-revolue","status":"publish","type":"post","link":"https:\/\/www.culturalusa.com\/news\/economie\/merkel-pouvoir-compter-les-uns-sur-les-autres-est-quasiment-revolue\/","title":{"rendered":"Merkel: pouvoir compter les uns sur les autres est quasiment r\u00e9volue"},"content":{"rendered":"<p><img loading=\"lazy\" decoding=\"async\" src=\"http:\/\/www.culturalusa.com\/news\/wp-content\/uploads\/2017\/05\/Merkel.jpg\" alt=\"\" width=\"470\" height=\"300\" class=\"aligncenter size-full wp-image-2666\" srcset=\"https:\/\/www.culturalusa.com\/news\/wp-content\/uploads\/2017\/05\/Merkel.jpg 470w, https:\/\/www.culturalusa.com\/news\/wp-content\/uploads\/2017\/05\/Merkel-275x176.jpg 275w\" sizes=\"auto, (max-width: 470px) 100vw, 470px\" \/>La chanceli\u00e8re allemande Angela Merkel a qualifi\u00e9 de \u00ab\u00a0quasiment r\u00e9volue\u00a0\u00bb l&rsquo;\u00e9poque o\u00f9 la confiance pr\u00e9valait, dans une apparente allusion \u00e0 la relation entre l&rsquo;Europe et les Etats-Unis, mise \u00e0 rude \u00e9preuve lors du voyage en Europe du pr\u00e9sident am\u00e9ricain Donald Trump.<\/p>\n<p>\u00ab\u00a0L&rsquo;\u00e9poque o\u00f9 nous pouvions enti\u00e8rement compter les uns sur les autres est quasiment r\u00e9volue. C&rsquo;est mon exp\u00e9rience de ces derniers jours\u00a0\u00bb, a dit Mme Merkel lors d&rsquo;un meeting \u00e0 Munich, dans le Sud de l&rsquo;Allemagne.<\/p>\n<p>\u00ab\u00a0Nous, Europ\u00e9ens, devons prendre notre destin en main\u00a0\u00bb, a-t-elle ajout\u00e9. \u00ab\u00a0Nous devons nous battre pour notre propre destin\u00a0\u00bb, a poursuivi la cheffe du gouvernement allemand, selon qui les relations avec le pr\u00e9sident fran\u00e7ais Emmanuel Macron doivent \u00eatre d&rsquo;autant plus \u00e9troites.<\/p>\n<p>Angela Merkel s&rsquo;exprimait dans la capitale bavaroise au lendemain d&rsquo;un sommet du G7 (Allemagne, France, Italie, Japon, Canada, Etats-Unis, Royaume-Uni) \u00e0 Taormina, en Sicile, o\u00f9 l&rsquo;unit\u00e9 des sept pays parmi les plus riches du monde s&rsquo;est bris\u00e9e face \u00e0 un Donald Trump refusant de s&rsquo;engager en faveur de l&rsquo;accord de Paris contre le r\u00e9chauffement climatique.<\/p>\n<p>La chanceli\u00e8re allemande avait d&rsquo;ailleurs jug\u00e9 les discussions de vendredi et samedi sur le climat \u00ab\u00a0pas du tout satisfaisantes\u00a0\u00bb.<\/p>\n<p>Au cours du premier voyage \u00e0 l&rsquo;\u00e9tranger de sa pr\u00e9sidence, M. Trump s&rsquo;est \u00e9galement rendu \u00e0 Bruxelles o\u00f9 il a inflig\u00e9 une s\u00e9rieuse d\u00e9convenue \u00e0 ses alli\u00e9s de l&rsquo;Otan en refusant de s&rsquo;engager explicitement en faveur de leur d\u00e9fense collective.<\/p>\n<p>Il y a aussi qualifi\u00e9 les pratiques commerciales des Allemands de \u00ab\u00a0mauvaises, tr\u00e8s mauvaises\u00a0\u00bb, selon l&rsquo;hebdomadaire allemand Der Spiegel. (AFP)<\/p>\n","protected":false},"excerpt":{"rendered":"<p>La chanceli\u00e8re allemande Angela Merkel a qualifi\u00e9 de \u00ab\u00a0quasiment r\u00e9volue\u00a0\u00bb l&rsquo;\u00e9poque o\u00f9 la confiance pr\u00e9valait, dans une apparente allusion \u00e0 la relation entre l&rsquo;Europe et les Etats-Unis, mise \u00e0 rude \u00e9preuve lors du voyage en Europe du pr\u00e9sident am\u00e9ricain Donald Trump. \u00ab\u00a0L&rsquo;\u00e9poque o\u00f9 nous pouvions enti\u00e8rement compter les uns sur les autres est quasiment r\u00e9volue. [&hellip;]<\/p>\n","protected":false},"author":1,"featured_media":0,"comment_status":"open","ping_status":"closed","sticky":false,"template":"","format":"standard","meta":{"footnotes":""},"categories":[1],"tags":[513,85,193],"class_list":["post-2665","post","type-post","status-publish","format-standard","hentry","category-economie","tag-etats-unis","tag-europe","tag-merkel"],"aioseo_notices":[],"_links":{"self":[{"href":"https:\/\/www.culturalusa.com\/news\/wp-json\/wp\/v2\/posts\/2665","targetHints":{"allow":["GET"]}}],"collection":[{"href":"https:\/\/www.culturalusa.com\/news\/wp-json\/wp\/v2\/posts"}],"about":[{"href":"https:\/\/www.culturalusa.com\/news\/wp-json\/wp\/v2\/types\/post"}],"author":[{"embeddable":true,"href":"https:\/\/www.culturalusa.com\/news\/wp-json\/wp\/v2\/users\/1"}],"replies":[{"embeddable":true,"href":"https:\/\/www.culturalusa.com\/news\/wp-json\/wp\/v2\/comments?post=2665"}],"version-history":[{"count":0,"href":"https:\/\/www.culturalusa.com\/news\/wp-json\/wp\/v2\/posts\/2665\/revisions"}],"wp:attachment":[{"href":"https:\/\/www.culturalusa.com\/news\/wp-json\/wp\/v2\/media?parent=2665"}],"wp:term":[{"taxonomy":"category","embeddable":true,"href":"https:\/\/www.culturalusa.com\/news\/wp-json\/wp\/v2\/categories?post=2665"},{"taxonomy":"post_tag","embeddable":true,"href":"https:\/\/www.culturalusa.com\/news\/wp-json\/wp\/v2\/tags?post=2665"}],"curies":[{"name":"wp","href":"https:\/\/api.w.org\/{rel}","templated":true}]}}