{"id":2673,"date":"2017-06-06T01:15:58","date_gmt":"2017-06-05T23:15:58","guid":{"rendered":"http:\/\/www.culturalusa.com\/news\/?p=2673"},"modified":"2017-06-06T01:15:58","modified_gmt":"2017-06-05T23:15:58","slug":"le-montenegro-devient-le-29eme-membre-de-lotan","status":"publish","type":"post","link":"https:\/\/www.culturalusa.com\/news\/actualite\/le-montenegro-devient-le-29eme-membre-de-lotan\/","title":{"rendered":"Le Mont\u00e9n\u00e9gro devient le 29\u00e8me membre de l&rsquo;Otan"},"content":{"rendered":"<p><img loading=\"lazy\" decoding=\"async\" src=\"http:\/\/www.culturalusa.com\/news\/wp-content\/uploads\/2017\/06\/Podgorica-montenegro.jpg\" alt=\"\" width=\"470\" height=\"330\" class=\"aligncenter size-full wp-image-2674\" srcset=\"https:\/\/www.culturalusa.com\/news\/wp-content\/uploads\/2017\/06\/Podgorica-montenegro.jpg 470w, https:\/\/www.culturalusa.com\/news\/wp-content\/uploads\/2017\/06\/Podgorica-montenegro-275x193.jpg 275w\" sizes=\"auto, (max-width: 470px) 100vw, 470px\" \/>Le Mont\u00e9n\u00e9gro est officiellement devenu lundi le 29e membre de l&rsquo;Otan, au moment o\u00f9 le pr\u00e9sident am\u00e9ricain Donald Trump envoie des signaux ambigus \u00e0 l&rsquo;\u00e9gard de l&rsquo;Alliance atlantique.<\/p>\n<p>Le ministre des Affaires \u00e9trang\u00e8res Srdjan Darmanovic a remis lundi l&rsquo;instrument d&rsquo;accession de son petit pays de 620.000 habitants \u00e0 l&rsquo;Alliance, dans une c\u00e9r\u00e9monie en milieu de journ\u00e9e au d\u00e9partement d&rsquo;Etat am\u00e9ricain en pr\u00e9sence du Premier ministre Dusko Markovic.<\/p>\n<p>\u00ab\u00a0Nous c\u00e9l\u00e9brons aujourd&rsquo;hui le fait que plus jamais quelqu&rsquo;un d\u00e9cidera dans notre dos \u00e0 notre place et \u00e0 la place de notre Etat, comme cela a \u00e9t\u00e9 le cas dans le pass\u00e9\u00a0\u00bb, a d\u00e9clar\u00e9 M. Markovic pendant la c\u00e9r\u00e9monie.<\/p>\n<p>L&rsquo;entr\u00e9e dans l&rsquo;Otan \u00ab\u00a0est un \u00e9v\u00e8nement historique\u00a0\u00bb pour un pays qui a d\u00fb \u00ab\u00a0endurer d&rsquo;\u00e9normes sacrifices au 19\u00e8me et au 20\u00e8me si\u00e8cle pour (&#8230;) \u00eatre reconnu par le monde sous son propre nom et ses propres symboles\u00a0\u00bb, a-t-il \u00e9galement indiqu\u00e9.<\/p>\n<p>L&rsquo;entr\u00e9e du Mont\u00e9n\u00e9gro favorisera \u00ab\u00a0la stabilit\u00e9 dans l&rsquo;ouest des Balkans\u00a0\u00bb, et \u00ab\u00a0la paix et la s\u00e9curit\u00e9 internationale\u00a0\u00bb, a soulign\u00e9 de son c\u00f4t\u00e9 le secr\u00e9taire g\u00e9n\u00e9ral de l&rsquo;Otan Jens Stoltenberg.<\/p>\n<p>L&rsquo;int\u00e9gration dans l&rsquo;Otan de ce pays qui faisait partie de l&rsquo;ex-Yougoslavie communiste est vue par Moscou comme une \u00ab\u00a0provocation\u00a0\u00bb.<\/p>\n<p>L&rsquo;Otan contr\u00f4le d\u00e9sormais avec cette int\u00e9gration tout le littoral nord de la M\u00e9diterran\u00e9e, depuis le d\u00e9troit de Gibraltar jusqu&rsquo;\u00e0 la Syrie. (AFP)<\/p>\n","protected":false},"excerpt":{"rendered":"<p>Le Mont\u00e9n\u00e9gro est officiellement devenu lundi le 29e membre de l&rsquo;Otan, au moment o\u00f9 le pr\u00e9sident am\u00e9ricain Donald Trump envoie des signaux ambigus \u00e0 l&rsquo;\u00e9gard de l&rsquo;Alliance atlantique. Le ministre des Affaires \u00e9trang\u00e8res Srdjan Darmanovic a remis lundi l&rsquo;instrument d&rsquo;accession de son petit pays de 620.000 habitants \u00e0 l&rsquo;Alliance, dans une c\u00e9r\u00e9monie en milieu de [&hellip;]<\/p>\n","protected":false},"author":1,"featured_media":0,"comment_status":"open","ping_status":"closed","sticky":false,"template":"","format":"standard","meta":{"footnotes":""},"categories":[30],"tags":[666,667],"class_list":["post-2673","post","type-post","status-publish","format-standard","hentry","category-actualite","tag-montenegro","tag-otan"],"aioseo_notices":[],"_links":{"self":[{"href":"https:\/\/www.culturalusa.com\/news\/wp-json\/wp\/v2\/posts\/2673","targetHints":{"allow":["GET"]}}],"collection":[{"href":"https:\/\/www.culturalusa.com\/news\/wp-json\/wp\/v2\/posts"}],"about":[{"href":"https:\/\/www.culturalusa.com\/news\/wp-json\/wp\/v2\/types\/post"}],"author":[{"embeddable":true,"href":"https:\/\/www.culturalusa.com\/news\/wp-json\/wp\/v2\/users\/1"}],"replies":[{"embeddable":true,"href":"https:\/\/www.culturalusa.com\/news\/wp-json\/wp\/v2\/comments?post=2673"}],"version-history":[{"count":0,"href":"https:\/\/www.culturalusa.com\/news\/wp-json\/wp\/v2\/posts\/2673\/revisions"}],"wp:attachment":[{"href":"https:\/\/www.culturalusa.com\/news\/wp-json\/wp\/v2\/media?parent=2673"}],"wp:term":[{"taxonomy":"category","embeddable":true,"href":"https:\/\/www.culturalusa.com\/news\/wp-json\/wp\/v2\/categories?post=2673"},{"taxonomy":"post_tag","embeddable":true,"href":"https:\/\/www.culturalusa.com\/news\/wp-json\/wp\/v2\/tags?post=2673"}],"curies":[{"name":"wp","href":"https:\/\/api.w.org\/{rel}","templated":true}]}}