{"id":2680,"date":"2017-06-12T09:42:45","date_gmt":"2017-06-12T07:42:45","guid":{"rendered":"http:\/\/www.culturalusa.com\/news\/?p=2680"},"modified":"2017-06-12T09:42:45","modified_gmt":"2017-06-12T07:42:45","slug":"france-legislatives-le-parti-de-macron-et-ses-allies-en-tete-avec-32","status":"publish","type":"post","link":"https:\/\/www.culturalusa.com\/news\/actualite\/france-legislatives-le-parti-de-macron-et-ses-allies-en-tete-avec-32\/","title":{"rendered":"France l\u00e9gislatives: le parti de Macron et ses alli\u00e9s en t\u00eate avec 32%"},"content":{"rendered":"<p><img loading=\"lazy\" decoding=\"async\" src=\"http:\/\/www.culturalusa.com\/news\/wp-content\/uploads\/2017\/05\/EmmanuelMacron.jpg\" alt=\"\" width=\"470\" height=\"288\" class=\"aligncenter size-full wp-image-2638\" srcset=\"https:\/\/www.culturalusa.com\/news\/wp-content\/uploads\/2017\/05\/EmmanuelMacron.jpg 470w, https:\/\/www.culturalusa.com\/news\/wp-content\/uploads\/2017\/05\/EmmanuelMacron-275x169.jpg 275w\" sizes=\"auto, (max-width: 470px) 100vw, 470px\" \/>France l\u00e9gislatives: le parti de Macron et ses alli\u00e9s en t\u00eate avec 32,32%<\/p>\n<p>Le mouvement pr\u00e9sidentiel, La R\u00e9publique En Marche (LREM) et ses alli\u00e9s centristes, forts d&rsquo;un tiers des voix environ, raviraient au second tour dimanche prochain une tr\u00e8s large majorit\u00e9 absolue, selon les projections des instituts de sondage.<\/p>\n<p>Le parti centriste du pr\u00e9sident fran\u00e7ais Emmanuel Macron et ses alli\u00e9s sont arriv\u00e9s dimanche largement en t\u00eate du premier tour des \u00e9lections l\u00e9gislatives avec 32,32% des suffrages exprim\u00e9s, selon les r\u00e9sultats d\u00e9finitifs.<\/p>\n<p>Le parti de M. Macron, La R\u00e9publique en marche (LREM), et ses alli\u00e9s centristes du MoDem devancent largement la droite (21,56%) et le Front national (extr\u00eame droite, 13,20%), selon les r\u00e9sultats d\u00e9finitifs du minist\u00e8re de l&rsquo;Int\u00e9rieur publi\u00e9s lundi \u00e0 01h30 (dimanche 23h30 GMT).<\/p>\n<p>La France insoumise (LFI), le parti de gauche radicale de Jean-Luc M\u00e9lenchon, et le Parti communiste ont obtenu 13,74% des voix, et le Parti socialiste et ses alli\u00e9s 9,51%, selon ces r\u00e9sultats. Les listes \u00e9cologistes ont recueilli 4,30% des suffrages.<\/p>\n<p>L&rsquo;abstention a atteint le niveau record de 51,29%.<\/p>\n","protected":false},"excerpt":{"rendered":"<p>France l\u00e9gislatives: le parti de Macron et ses alli\u00e9s en t\u00eate avec 32,32% Le mouvement pr\u00e9sidentiel, La R\u00e9publique En Marche (LREM) et ses alli\u00e9s centristes, forts d&rsquo;un tiers des voix environ, raviraient au second tour dimanche prochain une tr\u00e8s large majorit\u00e9 absolue, selon les projections des instituts de sondage. Le parti centriste du pr\u00e9sident fran\u00e7ais [&hellip;]<\/p>\n","protected":false},"author":1,"featured_media":0,"comment_status":"open","ping_status":"closed","sticky":false,"template":"","format":"standard","meta":{"footnotes":""},"categories":[30],"tags":[670],"class_list":["post-2680","post","type-post","status-publish","format-standard","hentry","category-actualite","tag-france-legislatives"],"aioseo_notices":[],"_links":{"self":[{"href":"https:\/\/www.culturalusa.com\/news\/wp-json\/wp\/v2\/posts\/2680","targetHints":{"allow":["GET"]}}],"collection":[{"href":"https:\/\/www.culturalusa.com\/news\/wp-json\/wp\/v2\/posts"}],"about":[{"href":"https:\/\/www.culturalusa.com\/news\/wp-json\/wp\/v2\/types\/post"}],"author":[{"embeddable":true,"href":"https:\/\/www.culturalusa.com\/news\/wp-json\/wp\/v2\/users\/1"}],"replies":[{"embeddable":true,"href":"https:\/\/www.culturalusa.com\/news\/wp-json\/wp\/v2\/comments?post=2680"}],"version-history":[{"count":0,"href":"https:\/\/www.culturalusa.com\/news\/wp-json\/wp\/v2\/posts\/2680\/revisions"}],"wp:attachment":[{"href":"https:\/\/www.culturalusa.com\/news\/wp-json\/wp\/v2\/media?parent=2680"}],"wp:term":[{"taxonomy":"category","embeddable":true,"href":"https:\/\/www.culturalusa.com\/news\/wp-json\/wp\/v2\/categories?post=2680"},{"taxonomy":"post_tag","embeddable":true,"href":"https:\/\/www.culturalusa.com\/news\/wp-json\/wp\/v2\/tags?post=2680"}],"curies":[{"name":"wp","href":"https:\/\/api.w.org\/{rel}","templated":true}]}}