{"id":2696,"date":"2017-06-19T02:51:31","date_gmt":"2017-06-19T00:51:31","guid":{"rendered":"http:\/\/www.culturalusa.com\/news\/?p=2696"},"modified":"2017-06-19T02:51:31","modified_gmt":"2017-06-19T00:51:31","slug":"majorite-absolue-pour-les-deputes-de-macron-a-lassemblee-nationale","status":"publish","type":"post","link":"https:\/\/www.culturalusa.com\/news\/actualite\/majorite-absolue-pour-les-deputes-de-macron-a-lassemblee-nationale\/","title":{"rendered":"Majorit\u00e9 absolue pour les d\u00e9put\u00e9s de Macron \u00e0 l\u2019Assembl\u00e9e nationale"},"content":{"rendered":"<p><img loading=\"lazy\" decoding=\"async\" src=\"http:\/\/www.culturalusa.com\/news\/wp-content\/uploads\/2017\/05\/EmmanuelMacron.jpg\" alt=\"\" width=\"470\" height=\"288\" class=\"aligncenter size-full wp-image-2638\" srcset=\"https:\/\/www.culturalusa.com\/news\/wp-content\/uploads\/2017\/05\/EmmanuelMacron.jpg 470w, https:\/\/www.culturalusa.com\/news\/wp-content\/uploads\/2017\/05\/EmmanuelMacron-275x169.jpg 275w\" sizes=\"auto, (max-width: 470px) 100vw, 470px\" \/>Emmanuel Macron a parachev\u00e9 dimanche sa conqu\u00eate du pouvoir \u00e0 marche forc\u00e9e, un an seulement apr\u00e8s avoir lanc\u00e9 son parti qui fait une entr\u00e9e massive \u00e0 l&rsquo;Assembl\u00e9e nationale et doit lui donner les cl\u00e9s pour mener son programme de r\u00e9formes.<\/p>\n<p>\u00ab\u00a0Maintenant ce n&rsquo;est plus En marche !, mais En avant !\u00a0\u00bb, r\u00e9sumait dimanche Jean-Paul Delevoye, le \u00ab\u00a0M. investitures\u00a0\u00bb du parti pr\u00e9sidentiel, \u00e0 la fois \u00ab\u00a0content du r\u00e9sultat\u00a0\u00bb mais aussi saisi par \u00ab\u00a0la gravit\u00e9 et la responsabilit\u00e9\u00a0\u00bb.<\/p>\n<p>Car c&rsquo;est d\u00e9sormais un boulevard institutionnel qui s&rsquo;ouvre pour Emmanuel Macron, \u00e9lu le 7 mai \u00e0 la pr\u00e9sidence de la R\u00e9publique et renforc\u00e9 six semaines plus tard par une \u00e9crasante majorit\u00e9 au Palais-Bourbon, avec quelque 360 d\u00e9put\u00e9s avec son alli\u00e9 MoDem, selon les premi\u00e8res projections dimanche soir.<\/p>\n<p>Certes, l&rsquo;abstention record pour des \u00e9lections l\u00e9gislatives (autour de 56 % au deuxi\u00e8me tour) assombrit quelque peu le tableau idyllique pour le nouveau locataire de l&rsquo;Elys\u00e9e, et le rappelle \u00e0 sa promesse de parvenir \u00e0 r\u00e9concilier les Fran\u00e7ais avec la vie politique. Certes encore, la mar\u00e9e est moins importante que pr\u00e9vu, apr\u00e8s d&rsquo;impressionnants coefficients annonc\u00e9s dans l&rsquo;entre-deux-tours (450 d\u00e9put\u00e9s).<\/p>\n<p>De quoi pousser les proches de M. Macron, dont la pr\u00e9sidente par int\u00e9rim du parti Catherine Barbaroux, \u00e0 accueillir \u00ab\u00a0cette victoire avec beaucoup de lucidit\u00e9&#8230; et d&rsquo;humilit\u00e9\u00a0\u00bb.<\/p>\n<p>Mais 14 mois apr\u00e8s avoir mis sur pied \u00ab\u00a0En Marche !\u00a0\u00bb, sa petite entreprise politique sigl\u00e9e de ses initiales et d\u00e9sormais rebaptis\u00e9e La R\u00e9publique en marche, le pari d&rsquo;Emmanuel Macron est r\u00e9ussi: il sera parvenu \u00e0 dynamiter le paysage politique traditionnel, r\u00e9duisant Parti socialiste (50 d\u00e9put\u00e9s) et dans une moindre mesure Les R\u00e9publicains (130 d\u00e9put\u00e9s) \u00e0 la portion congrue dans l&rsquo;h\u00e9micycle. Un tour de force accompli apr\u00e8s une campagne des l\u00e9gislatives \u00e9clair, men\u00e9e en trois semaines avec un large bataillon d&rsquo;inconnus en gage de renouvellement des visages comme des usages.<\/p>\n<p>Les voyants sont donc au vert pour faire adopter les grandes r\u00e9formes du quinquennat qui s&rsquo;ouvre, \u00e0 commencer par la r\u00e9forme du droit du travail, et la loi \u00ab\u00a0pour la confiance dans notre vie d\u00e9mocratique\u00a0\u00bb port\u00e9e par Fran\u00e7ois Bayrou.<\/p>\n<p>Que reste-t-il pour perturber cet alignement des plan\u00e8tes, qui a marqu\u00e9 toute l&rsquo;ascension vers le pouvoir de M. Macron, ancien banquier d&rsquo;affaires inconnu du grand public il y a encore trois ans ?<br \/>\nSoigner tous les maillons<\/p>\n<p>Pour pr\u00e9venir les difficult\u00e9s, le chef de l&rsquo;Etat entend soigner l&rsquo;articulation entre l&rsquo;Elys\u00e9e, Matignon, le groupe parlementaire et le parti. Une th\u00e9matique qui va \u00eatre abord\u00e9e le week-end prochain lors du s\u00e9minaire r\u00e9unissant les d\u00e9put\u00e9s de la REM \u00e0 l&rsquo;h\u00f4tel de Lassay.<\/p>\n<p>Car M. Macron doit canaliser la vague enthousiaste mais inexp\u00e9riment\u00e9e qui va d\u00e9ferler dans les prochains jours dans les couloirs du Palais Bourbon. Les postes-cl\u00e9s \u00e0 l&rsquo;Assembl\u00e9e (perchoir, pr\u00e9sidence du groupe et de commissions&#8230;) devaient dans cette perspective \u00eatre discut\u00e9s ce week-end \u00e0 l&rsquo;Elys\u00e9e autour du chef de l&rsquo;Etat, selon un proche.<\/p>\n<p>La feuille de route sera aussi claire pour les d\u00e9put\u00e9s qui ont sign\u00e9 un \u00ab\u00a0contrat avec la nation\u00a0\u00bb autour des grands chantiers du programme de M. Macron: fini les amendements qui retardent la proc\u00e9dure parlementaire, place \u00e0 l&rsquo;efficacit\u00e9.<\/p>\n<p>Les parlementaires seront en revanche invit\u00e9s \u00e0 s&rsquo;appuyer davantage sur le terrain, leurs comit\u00e9s locaux, pour faire remonter des propositions. Et \u00e0 mettre l&rsquo;accent sur l&rsquo;\u00e9valuation des politiques publiques.<\/p>\n<p>N\u00e9anmoins, ce vaste groupe peut-il porter les ferments d&rsquo;une fronde, crainte de M. Macron qui garde un souvenir acide de la r\u00e9volte d&rsquo;une frange des d\u00e9put\u00e9s socialistes lorsqu&rsquo;il \u00e9tait secr\u00e9taire g\u00e9n\u00e9ral adjoint de l&rsquo;Elys\u00e9e (2012-2014) puis ministre de l&rsquo;Economie (2014-2016) ?<\/p>\n<p>\u00ab\u00a0Les d\u00e9put\u00e9s vont \u00eatre disciplin\u00e9s. Ils doivent tout \u00e0 Emmanuel Macron, ils savent que ce ne sont pas eux qui ont gagn\u00e9\u00a0\u00bb, temp\u00e8re un proche du pr\u00e9sident.<\/p>\n<p>M. Macron doit dans le m\u00eame temps r\u00e9ussir la transformation de son mouvement, pour montrer qu&rsquo;il n&rsquo;\u00e9tait pas qu&rsquo;une simple machine \u00e9lectorale au service de ses ambitions.<\/p>\n<p>D&rsquo;importantes r\u00e9flexions sur les statuts et la gouvernance sont en cours et doivent aboutir avant le 15 juillet, date butoir d&rsquo;un congr\u00e8s fondateur. Sous l&rsquo;oeil \u00ab\u00a0attentif\u00a0\u00bb de M. Macron, qui a conscience qu'\u00a0\u00bbaucun des maillons\u00a0\u00bb de la cha\u00eene entre le parti et l&rsquo;Elys\u00e9e, \u00ab\u00a0ne r\u00e9ussira sans l&rsquo;autre\u00a0\u00bb, souffle un membre du premier cercle. (AFP)<\/p>\n","protected":false},"excerpt":{"rendered":"<p>Emmanuel Macron a parachev\u00e9 dimanche sa conqu\u00eate du pouvoir \u00e0 marche forc\u00e9e, un an seulement apr\u00e8s avoir lanc\u00e9 son parti qui fait une entr\u00e9e massive \u00e0 l&rsquo;Assembl\u00e9e nationale et doit lui donner les cl\u00e9s pour mener son programme de r\u00e9formes. \u00ab\u00a0Maintenant ce n&rsquo;est plus En marche !, mais En avant !\u00a0\u00bb, r\u00e9sumait dimanche Jean-Paul Delevoye, [&hellip;]<\/p>\n","protected":false},"author":1,"featured_media":0,"comment_status":"open","ping_status":"closed","sticky":false,"template":"","format":"standard","meta":{"footnotes":""},"categories":[30],"tags":[679,680],"class_list":["post-2696","post","type-post","status-publish","format-standard","hentry","category-actualite","tag-assemblee-nationale","tag-legislatives"],"aioseo_notices":[],"_links":{"self":[{"href":"https:\/\/www.culturalusa.com\/news\/wp-json\/wp\/v2\/posts\/2696","targetHints":{"allow":["GET"]}}],"collection":[{"href":"https:\/\/www.culturalusa.com\/news\/wp-json\/wp\/v2\/posts"}],"about":[{"href":"https:\/\/www.culturalusa.com\/news\/wp-json\/wp\/v2\/types\/post"}],"author":[{"embeddable":true,"href":"https:\/\/www.culturalusa.com\/news\/wp-json\/wp\/v2\/users\/1"}],"replies":[{"embeddable":true,"href":"https:\/\/www.culturalusa.com\/news\/wp-json\/wp\/v2\/comments?post=2696"}],"version-history":[{"count":0,"href":"https:\/\/www.culturalusa.com\/news\/wp-json\/wp\/v2\/posts\/2696\/revisions"}],"wp:attachment":[{"href":"https:\/\/www.culturalusa.com\/news\/wp-json\/wp\/v2\/media?parent=2696"}],"wp:term":[{"taxonomy":"category","embeddable":true,"href":"https:\/\/www.culturalusa.com\/news\/wp-json\/wp\/v2\/categories?post=2696"},{"taxonomy":"post_tag","embeddable":true,"href":"https:\/\/www.culturalusa.com\/news\/wp-json\/wp\/v2\/tags?post=2696"}],"curies":[{"name":"wp","href":"https:\/\/api.w.org\/{rel}","templated":true}]}}