{"id":2749,"date":"2017-07-15T10:14:51","date_gmt":"2017-07-15T08:14:51","guid":{"rendered":"http:\/\/www.culturalusa.com\/news\/?p=2749"},"modified":"2025-08-27T17:55:52","modified_gmt":"2025-08-27T15:55:52","slug":"macron-je-suis-votre-chef-rappele-publiquement-son-autorite-aux-armees-mais-aussi-a-tout-le-pays","status":"publish","type":"post","link":"https:\/\/www.culturalusa.com\/news\/actualite\/macron-je-suis-votre-chef-rappele-publiquement-son-autorite-aux-armees-mais-aussi-a-tout-le-pays\/","title":{"rendered":"Macron: \u00ab\u00a0Je suis votre chef\u00a0\u00bb rappele publiquement son autorit\u00e9 aux arm\u00e9es mais aussi \u00e0 tout le pays"},"content":{"rendered":"<h2>Je suis votre chef : contraint de rappeler publiquement son autorit\u00e9 jeudi, aux arm\u00e9es mais aussi \u00e0 tout le pays, Emmanuel Macron risque un exc\u00e8s d&rsquo;autoritarisme et montre une difficult\u00e9 \u00e0 g\u00e9rer la contestation, selon des d\u00e9put\u00e9s et analystes.<\/h2>\n<blockquote><p>Apr\u00e8s des critiques en interne sur le budget des arm\u00e9es, Emmanuel Macron a promis aux militaires d\u00e8s 2018 une hausse de l&rsquo;effort de D\u00e9fense mais leur a aussi d\u00e9clar\u00e9 qu&rsquo;il n&rsquo;\u00e9tait \u00ab\u00a0pas digne d&rsquo;\u00e9taler certains d\u00e9bats sur la place publique\u00a0\u00bb, au nom de leur devoir de r\u00e9serve.<\/p><\/blockquote>\n<p>Il visait clairement le chef d&rsquo;\u00e9tat-major des arm\u00e9es (Cema), le g\u00e9n\u00e9ral Pierre de Villiers, qui a protest\u00e9 devant une commission parlementaire \u00e0 huis clos contre les restrictions budg\u00e9taires pour l&rsquo;arm\u00e9e en 2017.<\/p>\n<p>Cette consigne de silence s&rsquo;ajoute \u00e0 celle qu&rsquo;Emmanuel Macron a formul\u00e9e \u00e0 ses ministres d\u00e8s le d\u00e9but du quinquennat, au point qu&rsquo;ils sortent d\u00e9sormais de l&rsquo;Elys\u00e9e le mercredi midi en se tenant le plus loin possible des journalistes.<\/p>\n<p>\u00ab\u00a0Je suis contre le fait que les militaires parlent aux journalistes mais le Cema est l\u00e9gitime \u00e0 r\u00e9pondre aux d\u00e9put\u00e9s qui l&rsquo;auditionnent, et \u00e0 qui l&rsquo;Etat doit rendre des comptes. Sinon on peut supprimer la commission de la d\u00e9fense!\u00a0\u00bb, s?\u00e9nerve aupr\u00e8s de l&rsquo;AFP Jean-Christophe Lagarde (UDI), membre de la commission et \u00ab\u00a0constructif\u00a0\u00bb.<\/p>\n<p>\u00ab\u00a0Ca d\u00e9note une volont\u00e9 d&rsquo;autorit\u00e9 l\u00e9gitime mais il doit faire attention que \u00e7a ne devienne pas de l&rsquo;autoritarisme. Depuis que son pouvoir se met en place, le mot d&rsquo;ordre le plus courant c&rsquo;est \u00ab\u00a0silence dans les rangs\u00a0\u00bb. On le voit \u00e0 l&rsquo;Assembl\u00e9e : les d\u00e9put\u00e9s En Marche ont consigne de ne pas parler \u00e0 la presse, et de ne pas signer un amendement d\u00e9pos\u00e9 par un autre parti. On voit un syst\u00e8me qui se verrouille\u00a0\u00bb, s&rsquo;inqui\u00e8te M. Lagarde.<\/p>\n<p>Et le d\u00e9put\u00e9 de Seine-Saint-Denis de rappeler que \u00ab\u00a0la force\u00a0\u00bb de la campagne de M. Macron avait \u00e9t\u00e9 de \u00ab\u00a0cr\u00e9er un capacit\u00e9 d&rsquo;adh\u00e9sion, pas de soumission !\u00a0\u00bb.<\/p>\n<h3>Chape de plomb<\/h3>\n<p>\u00ab\u00a0Je crois que le pr\u00e9sident parlait de la tribune que le Cema a fait vendredi matin dans Le Figaro et qu&rsquo;il parlait de cela\u00a0\u00bb, a nuanc\u00e9 d\u00e9put\u00e9 socialiste Luc Carvounas, \u00e9galement membre de la commission. \u00ab\u00a0Mais tout le monde sait que cette pr\u00e9sidence sera autoritaire\u00a0\u00bb.<\/p>\n<p>\u00ab\u00a0La sortie du pr\u00e9sident face \u00e0 des militaires heureux de venir d\u00e9filer, ce n&rsquo;\u00e9tait pas appropri\u00e9. C&rsquo;est \u00e9trange d?\u00eatre oblig\u00e9 de r\u00e9p\u00e9ter \u00ab\u00a0je suis votre chef\u00a0\u00bb. C&rsquo;est qu&rsquo;il y a un sujet\u00a0\u00bb, veut croire cet ancien proche de Manuel Valls.<\/p>\n<p>L&rsquo;\u00e9lu du Val-de-Marne rappelle en outre que le chef de l&rsquo;Etat a annonc\u00e9 un \u00ab\u00a0spoil system\u00a0\u00bb, qui vise \u00e0 changer les hauts fonctionnaires cl\u00e9s de l&rsquo;administration pour s&rsquo;assurer de disposer de personnalit\u00e9s loyales pour appliquer son projet. \u00ab\u00a0Tout cela ne cr\u00e9e pas un bonne ambiance\u00a0\u00bb, met en garde M. Carvounas.<\/p>\n<p>Craignant qu&rsquo;une \u00ab\u00a0chape de plomb\u00a0\u00bb tombe sur la classe politique, M. Carvounas rend ainsi hommage \u00e0 Jean-Jacques Bridey (REM), pr\u00e9sident de la commission de la D\u00e9fense \u00e0 l&rsquo;Assembl\u00e9e nationale, qui a publiquement expliqu\u00e9 vendredi matin qu&rsquo;il \u00ab\u00a0regrettait\u00a0\u00bb le montant des \u00e9conomies r\u00e9clam\u00e9es aux arm\u00e9es.<\/p>\n<p>L&rsquo;expert en communication politique Philippe Moreau-Chevrolet voit lui aussi une faille dans la mise au point de M. Macron, que son proche entourage appelait d\u00e9j\u00e0 \u00ab\u00a0le chef\u00a0\u00bb, m\u00eame avant son \u00e9lection.<\/p>\n<p>\u00ab\u00a0Dire \u00ab\u00a0je suis votre chef\u00a0\u00bb \u00e0 l&rsquo;arm\u00e9e de son pays un jour de d\u00e9fil\u00e9 militaire du 14 juillet est un acte fort. Mais cela montre aussi une faiblesse, car normalement les images suffisent\u00a0\u00bb, d\u00e9crypte-t-il, convaincu que le chef de l&rsquo;Etat a \u00ab\u00a0du mal \u00e0 g\u00e9rer la contestation\u00a0\u00bb.<\/p>\n<p>\u00ab\u00a0L&rsquo;interview traditionnelle du 14 juillet aurait permis de d\u00e9crisper la situation en r\u00e9pondant aux questions des journalistes, en rassurant et en amor\u00e7ant un dialogue. Au lieu de cela, on a une communication officielle, froide, sans aucun espace pour le dialogue, o\u00f9 ne peut jouer que l&rsquo;affrontement\u00a0\u00bb, fait-il valoir. (AFP)<\/p>\n","protected":false},"excerpt":{"rendered":"<p>Je suis votre chef : contraint de rappeler publiquement son autorit\u00e9 jeudi, aux arm\u00e9es mais aussi \u00e0 tout le pays, Emmanuel Macron risque un exc\u00e8s d&rsquo;autoritarisme et montre une difficult\u00e9 \u00e0 g\u00e9rer la contestation, selon des d\u00e9put\u00e9s et analystes. Apr\u00e8s des critiques en interne sur le budget des arm\u00e9es, Emmanuel Macron a promis aux militaires [&hellip;]<\/p>\n","protected":false},"author":1,"featured_media":2750,"comment_status":"open","ping_status":"closed","sticky":false,"template":"","format":"standard","meta":{"footnotes":""},"categories":[30],"tags":[691,3424,626],"class_list":["post-2749","post","type-post","status-publish","format-standard","has-post-thumbnail","hentry","category-actualite","tag-14-juillet-2017","tag-je-suis-votre-chef","tag-macron"],"aioseo_notices":[],"_links":{"self":[{"href":"https:\/\/www.culturalusa.com\/news\/wp-json\/wp\/v2\/posts\/2749","targetHints":{"allow":["GET"]}}],"collection":[{"href":"https:\/\/www.culturalusa.com\/news\/wp-json\/wp\/v2\/posts"}],"about":[{"href":"https:\/\/www.culturalusa.com\/news\/wp-json\/wp\/v2\/types\/post"}],"author":[{"embeddable":true,"href":"https:\/\/www.culturalusa.com\/news\/wp-json\/wp\/v2\/users\/1"}],"replies":[{"embeddable":true,"href":"https:\/\/www.culturalusa.com\/news\/wp-json\/wp\/v2\/comments?post=2749"}],"version-history":[{"count":2,"href":"https:\/\/www.culturalusa.com\/news\/wp-json\/wp\/v2\/posts\/2749\/revisions"}],"predecessor-version":[{"id":13688,"href":"https:\/\/www.culturalusa.com\/news\/wp-json\/wp\/v2\/posts\/2749\/revisions\/13688"}],"wp:featuredmedia":[{"embeddable":true,"href":"https:\/\/www.culturalusa.com\/news\/wp-json\/wp\/v2\/media\/2750"}],"wp:attachment":[{"href":"https:\/\/www.culturalusa.com\/news\/wp-json\/wp\/v2\/media?parent=2749"}],"wp:term":[{"taxonomy":"category","embeddable":true,"href":"https:\/\/www.culturalusa.com\/news\/wp-json\/wp\/v2\/categories?post=2749"},{"taxonomy":"post_tag","embeddable":true,"href":"https:\/\/www.culturalusa.com\/news\/wp-json\/wp\/v2\/tags?post=2749"}],"curies":[{"name":"wp","href":"https:\/\/api.w.org\/{rel}","templated":true}]}}