{"id":2766,"date":"2017-07-28T14:13:41","date_gmt":"2017-07-28T12:13:41","guid":{"rendered":"http:\/\/www.culturalusa.com\/news\/?p=2766"},"modified":"2017-07-28T14:13:41","modified_gmt":"2017-07-28T12:13:41","slug":"la-russie-passe-a-la-riposte-face-aux-sanctions-americaines","status":"publish","type":"post","link":"https:\/\/www.culturalusa.com\/news\/economie\/la-russie-passe-a-la-riposte-face-aux-sanctions-americaines\/","title":{"rendered":"La Russie passe \u00e0 la riposte face aux sanctions am\u00e9ricaines"},"content":{"rendered":"<p><img loading=\"lazy\" decoding=\"async\" src=\"http:\/\/www.culturalusa.com\/news\/wp-content\/uploads\/2015\/11\/Vladimir-Putin-480x286.jpg\" alt=\"\" width=\"470\" height=\"286\" class=\"aligncenter size-large wp-image-1991\" \/>La Russie est pass\u00e9e \u00e0 la riposte vendredi en annon\u00e7ant une prochaine r\u00e9duction de la pr\u00e9sence diplomatique am\u00e9ricaine sur son territoire, apr\u00e8s l&rsquo;adoption par le Congr\u00e8s \u00e0 Washington de sanctions pour son ing\u00e9rence pr\u00e9sum\u00e9e dans la pr\u00e9sidentielle aux Etats-Unis.<\/p>\n<p>Deux jours apr\u00e8s la Chambre des repr\u00e9sentants, le S\u00e9nat a adopt\u00e9 jeudi \u00e0 la quasi-unanimit\u00e9 (98 contre deux) un projet de loi d\u00e9nonc\u00e9 par Moscou, mais aussi critiqu\u00e9 dans l&rsquo;Union europ\u00e9enne parce qu&rsquo;il risque d&rsquo;affecter des entreprises europ\u00e9ennes et \u00e0 long terme ses approvisionnements en gaz russe.<\/p>\n<p>Il revient d\u00e9sormais \u00e0 Donald Trump de d\u00e9cider s&rsquo;il ent\u00e9rine cette position dure envers la Russie ou s&rsquo;il oppose son veto, mais sans attendre, le minist\u00e8re russe des Affaires \u00e9trang\u00e8res a pris des mesures de r\u00e9torsion.<\/p>\n<p>Ce dernier a demand\u00e9 \u00e0 Washington de r\u00e9duire, \u00e0 partir du 1er septembre, \u00e0 455 les effectifs du personnel de son ambassade et de ses consulats en Russie et a suspendu l&rsquo;utilisation par l&rsquo;ambassade des Etats-Unis d&rsquo;une r\u00e9sidence en p\u00e9riph\u00e9rie de la capitale russe et d&rsquo;entrep\u00f4ts.<\/p>\n<p>Une telle r\u00e9duction revient \u00e0 ramener le personnel des repr\u00e9sentations diplomatiques am\u00e9ricaines au m\u00eame niveau que celui du personnel des repr\u00e9sentations russes aux Etats-Unis, a pr\u00e9cis\u00e9 le minist\u00e8re, qui se \u00ab\u00a0r\u00e9serve le droit\u00a0\u00bb de prendre de nouvelles mesures visant \u00ab\u00a0les int\u00e9r\u00eats\u00a0\u00bb am\u00e9ricains.<\/p>\n<p>L&rsquo;ambassadeur am\u00e9ricain \u00e0 Moscou John Tefft \u00ab\u00a0a exprim\u00e9 sa grande d\u00e9ception et a protest\u00e9\u00a0\u00bb apr\u00e8s l&rsquo;annonce de ces mesures, a indiqu\u00e9 \u00e0 l&rsquo;AFP une porte-parole de l&rsquo;ambassade am\u00e9ricaine.<\/p>\n<p>La porte-parole a refus\u00e9 de pr\u00e9ciser le nombre de diplomates am\u00e9ricains et personnel de service actuellement en Russie. Une source anonyme cit\u00e9e par l&rsquo;agence Interfax \u00e0 Moscou a indiqu\u00e9 que la r\u00e9duction du personnel am\u00e9ricain devrait entra\u00eener le d\u00e9part de plusieurs centaines de personnes.<\/p>\n<p>\u00ab\u00a0Les derniers \u00e9v\u00e9nements t\u00e9moignent du fait que la russophobie et la recherche de la confrontation sont bien ancr\u00e9es dans certains cercles bien connus aux Etats-Unis\u00a0\u00bb, a expliqu\u00e9 le minist\u00e8re russe.<\/p>\n<p>Les \u00e9lus am\u00e9ricains veulent en premier lieu infliger des repr\u00e9sailles \u00e0 la Russie apr\u00e8s une campagne de d\u00e9sinformation et de piratage attribu\u00e9e \u00e0 ce pays pendant l&rsquo;\u00e9lection pr\u00e9sidentielle am\u00e9ricaine de novembre. L&rsquo;annexion en 2014 de la Crim\u00e9e et les ing\u00e9rences en Ukraine sont les autres motifs de r\u00e9torsion avanc\u00e9s.<\/p>\n<p>Le pr\u00e9sident ukrainien Petro Porochenko s&rsquo;est en revanche f\u00e9licit\u00e9 du vote du S\u00e9nat qui marque selon lui un soutien face \u00e0 l'\u00a0\u00bbagresseur\u00a0\u00bb russe.<\/p>\n<p>Le texte sanctionne aussi l&rsquo;Iran et la Cor\u00e9e du Nord, ce qui a pouss\u00e9 P\u00e9kin \u00e0 avertir que la Chine s&rsquo;opposerait \u00ab\u00a0r\u00e9solument\u00a0\u00bb \u00e0 toute mesure portant atteinte \u00e0 \u00ab\u00a0ses int\u00e9r\u00eats\u00a0\u00bb.<\/p>\n<p>&#8211; Risque d&rsquo;humiliation &#8211;<\/p>\n<p>En th\u00e9orie, Donald Trump, qui tente d&rsquo;am\u00e9liorer les relations avec la Russie au grand dam de nombre d&rsquo;\u00e9lus, peut mettre son veto au projet du Congr\u00e8s mais ce serait une solution de courte dur\u00e9e.<\/p>\n<p>Il suffirait en effet au Congr\u00e8s de revoter le texte \u00e0 la majorit\u00e9 des deux tiers pour surmonter ce refus. En g\u00e9n\u00e9ral, les pr\u00e9sidents s&rsquo;\u00e9pargnent cette humiliation.<\/p>\n<p>Le texte pr\u00e9voit aussi un m\u00e9canisme in\u00e9dit qui d\u00e9pla\u00eet \u00e0 la Maison-Blanche: les parlementaires s&rsquo;arrogent le droit de s&rsquo;interposer si jamais Donald Trump d\u00e9cidait de suspendre des sanctions existantes contre la Russie.<\/p>\n<p>En visite en Finlande jeudi, Vladimir Poutine avait pr\u00e9venu que Moscou devrait r\u00e9pondre \u00e0 \u00ab\u00a0l&rsquo;insolence\u00a0\u00bb des Etats-Unis.<\/p>\n<p>\u00ab\u00a0Nous voyons tout simplement une mont\u00e9e de l&rsquo;hyst\u00e9rie antirusse\u00a0\u00bb, avait-il soulign\u00e9, ajoutant: \u00ab\u00a0C&rsquo;est tr\u00e8s triste que les relations russo-am\u00e9ricaines soient sacrifi\u00e9es\u00a0\u00bb \u00e0 des fins de politique int\u00e9rieure.<\/p>\n<p>La veille, c&rsquo;\u00e9tait l&rsquo;Union europ\u00e9enne qui avait mis en garde l&rsquo;alli\u00e9 am\u00e9ricain, craignant que ces sanctions ne p\u00e9nalisent les entreprises \u00e9nerg\u00e9tiques europ\u00e9ennes, ne menacent l&rsquo;approvisionnement europ\u00e9en en \u00e9nergie et ne divisent davantage les pays occidentaux.<\/p>\n<p>De fait, cette mesure unilat\u00e9rale fissure aussi l&rsquo;unit\u00e9 affich\u00e9e entre les Etats-Unis et l&rsquo;Union europ\u00e9enne face Moscou depuis l&rsquo;annexion de la Crim\u00e9e.<\/p>\n<p>Jusqu&rsquo;\u00e0 pr\u00e9sent, le r\u00e9gime des sanctions impos\u00e9es \u00e0 la Russie li\u00e9es au rattachement unilat\u00e9ral de cette presqu&rsquo;\u00eele ukrainienne \u00e9tait coordonn\u00e9 des deux c\u00f4t\u00e9s de l&rsquo;Atlantique, de fa\u00e7on \u00e0 faire bloc. (AFP)<\/p>\n","protected":false},"excerpt":{"rendered":"<p>La Russie est pass\u00e9e \u00e0 la riposte vendredi en annon\u00e7ant une prochaine r\u00e9duction de la pr\u00e9sence diplomatique am\u00e9ricaine sur son territoire, apr\u00e8s l&rsquo;adoption par le Congr\u00e8s \u00e0 Washington de sanctions pour son ing\u00e9rence pr\u00e9sum\u00e9e dans la pr\u00e9sidentielle aux Etats-Unis. Deux jours apr\u00e8s la Chambre des repr\u00e9sentants, le S\u00e9nat a adopt\u00e9 jeudi \u00e0 la quasi-unanimit\u00e9 (98 [&hellip;]<\/p>\n","protected":false},"author":1,"featured_media":0,"comment_status":"open","ping_status":"closed","sticky":false,"template":"","format":"standard","meta":{"footnotes":""},"categories":[1],"tags":[694,388,693],"class_list":["post-2766","post","type-post","status-publish","format-standard","hentry","category-economie","tag-entreprises-europeennes","tag-russie","tag-sanctions-americaines"],"aioseo_notices":[],"_links":{"self":[{"href":"https:\/\/www.culturalusa.com\/news\/wp-json\/wp\/v2\/posts\/2766","targetHints":{"allow":["GET"]}}],"collection":[{"href":"https:\/\/www.culturalusa.com\/news\/wp-json\/wp\/v2\/posts"}],"about":[{"href":"https:\/\/www.culturalusa.com\/news\/wp-json\/wp\/v2\/types\/post"}],"author":[{"embeddable":true,"href":"https:\/\/www.culturalusa.com\/news\/wp-json\/wp\/v2\/users\/1"}],"replies":[{"embeddable":true,"href":"https:\/\/www.culturalusa.com\/news\/wp-json\/wp\/v2\/comments?post=2766"}],"version-history":[{"count":0,"href":"https:\/\/www.culturalusa.com\/news\/wp-json\/wp\/v2\/posts\/2766\/revisions"}],"wp:attachment":[{"href":"https:\/\/www.culturalusa.com\/news\/wp-json\/wp\/v2\/media?parent=2766"}],"wp:term":[{"taxonomy":"category","embeddable":true,"href":"https:\/\/www.culturalusa.com\/news\/wp-json\/wp\/v2\/categories?post=2766"},{"taxonomy":"post_tag","embeddable":true,"href":"https:\/\/www.culturalusa.com\/news\/wp-json\/wp\/v2\/tags?post=2766"}],"curies":[{"name":"wp","href":"https:\/\/api.w.org\/{rel}","templated":true}]}}