{"id":2768,"date":"2017-07-28T14:37:39","date_gmt":"2017-07-28T12:37:39","guid":{"rendered":"http:\/\/www.culturalusa.com\/news\/?p=2768"},"modified":"2025-11-23T18:35:51","modified_gmt":"2025-11-23T17:35:51","slug":"protection-des-libertes-en-danger-la-taxe-google-news-fait-son-chemin-a-bruxelles","status":"publish","type":"post","link":"https:\/\/www.culturalusa.com\/news\/actualite\/protection-des-libertes-en-danger-la-taxe-google-news-fait-son-chemin-a-bruxelles\/","title":{"rendered":"Protection des libert\u00e9s en danger, la \u00ab\u00a0taxe Google news\u00a0\u00bb fait son chemin \u00e0 Bruxelles"},"content":{"rendered":"<h2>Face aux agr\u00e9gateurs d&rsquo;informations, comme Google News, les \u00e9diteurs de presse s&rsquo;estiment pill\u00e9s de leur contenu. L&rsquo;id\u00e9e d&rsquo;un nouveau droit, leur permettant de se faire r\u00e9mun\u00e9rer, avance lentement \u00e0 Bruxelles malgr\u00e9 de nombreux d\u00e9tracteurs.<\/h2>\n<blockquote><p>Ce projet, qui instaurerait un \u00ab\u00a0droit voisin\u00a0\u00bb, compl\u00e9mentaire du droit d&rsquo;auteur des journalistes, a \u00e9t\u00e9 mis sur la table par la Commission europ\u00e9enne le 14 septembre 2016, dans le cadre d&rsquo;une r\u00e9forme beaucoup plus vaste du copyright, rendue n\u00e9cessaire apr\u00e8s la r\u00e9volution num\u00e9rique.<\/p><\/blockquote>\n<p>L&rsquo;arriv\u00e9e d&rsquo;internet a en effet mis \u00e0 mal le mod\u00e8le \u00e9conomique traditionnel de la presse, les \u00e9diteurs voyant s&rsquo;effondrer leurs ventes papier et leurs recettes publicitaires.<\/p>\n<p>En outre, pointe l&rsquo;Alliance europ\u00e9enne des agences de presse (EANA), dont fait partie l&rsquo;Agence France-Presse (AFP), \u00ab\u00a0l&rsquo;utilisation non autoris\u00e9e de contenus m\u00e9diatiques par les moteurs de recherche et les agr\u00e9gateurs menace l&rsquo;acc\u00e8s des citoyens \u00e0 une information de qualit\u00e9 et est pr\u00e9occupante \u00e0 l&rsquo;heure o\u00f9 les +fake news+ et la d\u00e9sinformation peuvent fausser des \u00e9lections\u00a0\u00bb.<\/p>\n<p>De leur c\u00f4t\u00e9, les d\u00e9tracteurs du droit voisin, regroupant l&rsquo;industrie du Net, des d\u00e9fenseurs des libert\u00e9s fondamentales &#8211; emmen\u00e9s par l&rsquo;eurod\u00e9put\u00e9e \u00e9cologiste allemande Julia Reda &#8211; et des consommateurs, affirment que, s&rsquo;il faut payer pour tous les liens, les plus petits agr\u00e9gateurs et moteurs seront \u00e9touff\u00e9s.<\/p>\n<p>Et il sera plus \u00ab\u00a0difficile\u00a0\u00bb, s&rsquo;il faut payer \u00e0 chaque fois, pour les petits \u00e9diteurs, notamment pour ceux de niche, de gagner de nouveaux lecteurs, argue le r\u00e9seau Copyright for Creativity (C4C).<\/p>\n<h3><strong>Divisions<\/strong><\/h3>\n<p>Avant la proposition de l&rsquo;ex\u00e9cutif europ\u00e9en de 2016, certains pays europ\u00e9ens ont tent\u00e9 de mettre de l&rsquo;ordre chez eux, sans pour autant trouver de solution miracle.<\/p>\n<p>Ainsi, en Espagne, a \u00e9t\u00e9 cr\u00e9\u00e9e une \u00ab\u00a0taxe Google\u00a0\u00bb, qui a conduit Google News \u00e0 fermer en d\u00e9cembre 2014 son service.<\/p>\n<p>En Allemagne, o\u00f9 une taxe Google avait \u00e9t\u00e9 adopt\u00e9e en 2013, le puissant groupe Axel Springer, qui publie le quotidien le plus lu du pays, Bild, avait finalement capitul\u00e9 devant la toute puissance du moteur de recherche am\u00e9ricain.<\/p>\n<p>Fin 2014, il lui avait accord\u00e9 une licence pour faire figurer \u00e0 nouveau gratuitement sur son moteur de recherche des extraits des articles des ses publications.<\/p>\n<p>Pour voir le jour, le droit voisin propos\u00e9 par la Commission doit encore \u00eatre approuv\u00e9, voire amend\u00e9 par le Parlement europ\u00e9en d&rsquo;une part et le Conseil de l&rsquo;UE (qui repr\u00e9sente les 28 Etats membres) d&rsquo;autre part.<\/p>\n<p>Et c&rsquo;est l\u00e0 o\u00f9 l&rsquo;affaire se complique. \u00ab\u00a0Au Conseil, il y a une division entre les pays. Certains veulent les droits voisins, d&rsquo;autres sont sceptiques. Pas s\u00fbr qu&rsquo;un compromis puisse \u00eatre rapidement trouv\u00e9\u00a0\u00bb, reconna\u00eet une source estonienne.<\/p>\n<p>C&rsquo;est l&rsquo;Estonie, en pointe sur le num\u00e9rique, qui assure au deuxi\u00e8me semestre la pr\u00e9sidence tournante de l&rsquo;Union. Tallinn a d&rsquo;ailleurs fait du secteur num\u00e9rique sa priorit\u00e9. Le commissaire europ\u00e9en charg\u00e9 du March\u00e9 unique num\u00e9rique, Andrus Ansip, qui a pr\u00e9sent\u00e9 l&rsquo;ensemble du paquet de r\u00e9forme du copyright, est \u00e9galement estonien.<\/p>\n<p>\u00ab\u00a0Nous allons travailler tr\u00e8s dur pour faire le plus de progr\u00e8s possible mais il semble difficile d&rsquo;arriver \u00e0 un compromis cette ann\u00e9e\u00a0\u00bb, a admis la m\u00eame source estonienne.<\/p>\n<p>Une majorit\u00e9 qualifi\u00e9e (55% des Etats membres repr\u00e9sentant au moins 65% de la population de l&rsquo;UE) est n\u00e9cessaire pour que soit adopt\u00e9 le projet.<\/p>\n<h3><strong>Avis favorables<\/strong><\/h3>\n<p>Les pays favorables au droit voisin sont la France, l&rsquo;Espagne, l&rsquo;Allemagne et le Portugal, pr\u00e9cise une autre source \u00e0 Bruxelles.<\/p>\n<p><strong>Avis d\u00e9favorables<\/strong><\/p>\n<p>Et ceux qui y sont oppos\u00e9s sont notamment l&rsquo;Irlande, le Royaume-Uni, la Finlande, des pays qui ont g\u00e9n\u00e9ralement un a priori n\u00e9gatif pour tout ce qui est nouvelles taxes et <strong>au nom de la protection des libert\u00e9s<\/strong>.<\/p>\n<p>Le dossier a davantage avanc\u00e9 au Parlement europ\u00e9en. Trois commissions parlementaires ont d\u00e9j\u00e0 donn\u00e9 un avis positif.<\/p>\n<p>Mais la commission aux Affaires juridiques, la plus importante sur ce dossier, doit encore se prononcer. Un vote est pr\u00e9vu le 10 octobre prochain. \u00ab\u00a0Je suis optimiste pour qu&rsquo;il soit positif\u00a0\u00bb, a d\u00e9clar\u00e9 \u00e0 l&rsquo;AFP l&rsquo;eurod\u00e9put\u00e9 conservateur fran\u00e7ais Marc Joulaud.<\/p>\n<p>Selon lui, un vote en pl\u00e9ni\u00e8re pourrait intervenir en d\u00e9cembre ou janvier.<\/p>\n<p>\u00ab\u00a0si le Conseil fait de son c\u00f4t\u00e9 son travail, on pourrait entamer au printemps ou \u00e0 l&rsquo;\u00e9t\u00e9 prochain le d\u00e9but du trilogue\u00a0\u00bb, c&rsquo;est-\u00e0-dire les r\u00e9unions o\u00f9 les repr\u00e9sentants du Parlement, du Conseil et de la Commission se mettent d&rsquo;accord sur le texte final. (AFP)<\/p>\n","protected":false},"excerpt":{"rendered":"<p>Face aux agr\u00e9gateurs d&rsquo;informations, comme Google News, les \u00e9diteurs de presse s&rsquo;estiment pill\u00e9s de leur contenu. L&rsquo;id\u00e9e d&rsquo;un nouveau droit, leur permettant de se faire r\u00e9mun\u00e9rer, avance lentement \u00e0 Bruxelles malgr\u00e9 de nombreux d\u00e9tracteurs. Ce projet, qui instaurerait un \u00ab\u00a0droit voisin\u00a0\u00bb, compl\u00e9mentaire du droit d&rsquo;auteur des journalistes, a \u00e9t\u00e9 mis sur la table par la [&hellip;]<\/p>\n","protected":false},"author":1,"featured_media":3796,"comment_status":"open","ping_status":"closed","sticky":false,"template":"","format":"standard","meta":{"footnotes":""},"categories":[30],"tags":[697,696],"class_list":["post-2768","post","type-post","status-publish","format-standard","has-post-thumbnail","hentry","category-actualite","tag-protection-des-libertes","tag-taxe-google-news"],"aioseo_notices":[],"_links":{"self":[{"href":"https:\/\/www.culturalusa.com\/news\/wp-json\/wp\/v2\/posts\/2768","targetHints":{"allow":["GET"]}}],"collection":[{"href":"https:\/\/www.culturalusa.com\/news\/wp-json\/wp\/v2\/posts"}],"about":[{"href":"https:\/\/www.culturalusa.com\/news\/wp-json\/wp\/v2\/types\/post"}],"author":[{"embeddable":true,"href":"https:\/\/www.culturalusa.com\/news\/wp-json\/wp\/v2\/users\/1"}],"replies":[{"embeddable":true,"href":"https:\/\/www.culturalusa.com\/news\/wp-json\/wp\/v2\/comments?post=2768"}],"version-history":[{"count":2,"href":"https:\/\/www.culturalusa.com\/news\/wp-json\/wp\/v2\/posts\/2768\/revisions"}],"predecessor-version":[{"id":13912,"href":"https:\/\/www.culturalusa.com\/news\/wp-json\/wp\/v2\/posts\/2768\/revisions\/13912"}],"wp:featuredmedia":[{"embeddable":true,"href":"https:\/\/www.culturalusa.com\/news\/wp-json\/wp\/v2\/media\/3796"}],"wp:attachment":[{"href":"https:\/\/www.culturalusa.com\/news\/wp-json\/wp\/v2\/media?parent=2768"}],"wp:term":[{"taxonomy":"category","embeddable":true,"href":"https:\/\/www.culturalusa.com\/news\/wp-json\/wp\/v2\/categories?post=2768"},{"taxonomy":"post_tag","embeddable":true,"href":"https:\/\/www.culturalusa.com\/news\/wp-json\/wp\/v2\/tags?post=2768"}],"curies":[{"name":"wp","href":"https:\/\/api.w.org\/{rel}","templated":true}]}}