{"id":2769,"date":"2017-07-28T14:54:14","date_gmt":"2017-07-28T12:54:14","guid":{"rendered":"http:\/\/www.culturalusa.com\/news\/?p=2769"},"modified":"2020-11-04T14:51:09","modified_gmt":"2020-11-04T13:51:09","slug":"portugal-plus-de-75-000-hectares-de-foret-detruits-par-les-flammes-depuis-2017","status":"publish","type":"post","link":"https:\/\/www.culturalusa.com\/news\/portugal\/portugal-plus-de-75-000-hectares-de-foret-detruits-par-les-flammes-depuis-2017\/","title":{"rendered":"Portugal : Plus de 128 000 hectares de for\u00eat d\u00e9truits par les flammes en 2017"},"content":{"rendered":"<p>Des maisons br\u00fbl\u00e9es, plus de 128 000 hectares de for\u00eats d\u00e9truits par les flammes et des milliers de pompiers mobilis\u00e9s. Le Portugal a connu jeudi 27 juillet une accalmie sur le front des incendies apr\u00e8s cinq jours de violents incendies. <\/p>\n<p>Dans le centre du pays, 3 200 pompiers restaient \u00e0 pied d&rsquo;\u0153uvre pour emp\u00eacher les reprises de feu. \u00ab\u00a0Les conditions m\u00e9t\u00e9orologiques sont toujours d\u00e9favorables et nous maintenons notre dispositif en alerte m\u00eame aux endroits o\u00f9 les incendies ont \u00e9t\u00e9 ma\u00eetris\u00e9s\u00a0\u00bb, a indiqu\u00e9 une porte-parole de la protection civile, Patricia Gaspar.<\/p>\n<p>Le foyer le plus important, pr\u00e8s de la ville de Serta dans la r\u00e9gion de Castelo Branco, a mobilis\u00e9 plus de 1 000 pompiers. <\/p>\n<p>A une trentaine de kilom\u00e8tres plus au Sud, \u00e0 Ma\u00e7ao, l&rsquo;incendie a finalement \u00e9t\u00e9 ma\u00eetris\u00e9 apr\u00e8s avoir atteint les portes de cette commune de 2 000 habitants et d\u00e9truit plusieurs maisons dans la soir\u00e9e de mercredi.<\/p>\n<p>Un risque de d\u00e9part de feu toujours \u00e9lev\u00e9<\/p>\n<p>Depuis le d\u00e9but de l&rsquo;ann\u00e9e, pr\u00e8s de 8 000 feux de for\u00eat ont \u00e9clat\u00e9 au Portugal et 65 incendiaires pr\u00e9sum\u00e9s ont \u00e9t\u00e9 interpell\u00e9s. \u00ab\u00a0Nous allons certainement avoir d&rsquo;autres feux de cette ampleur, car le risque \u00e9lev\u00e9 va se prolonger jusqu&rsquo;\u00e0 l&rsquo;automne\u00a0\u00bb, a pr\u00e9dit mercredi le Premier ministre, Antonio Costa. <\/p>\n<p>Les incendies ont d\u00e9j\u00e0 consum\u00e9 75 000 hectares de for\u00eat depuis le d\u00e9but de l&rsquo;ann\u00e9e, un record en dix ans, et pr\u00e8s de 80% du territoire portugais est en \u00e9tat de s\u00e9cheresse s\u00e9v\u00e8re ou extr\u00eame.<\/p>\n","protected":false},"excerpt":{"rendered":"<p>Des maisons br\u00fbl\u00e9es, plus de 128 000 hectares de for\u00eats d\u00e9truits par les flammes et des milliers de pompiers mobilis\u00e9s. Le Portugal a connu jeudi 27 juillet une accalmie sur le front des incendies apr\u00e8s cinq jours de violents incendies. Dans le centre du pays, 3 200 pompiers restaient \u00e0 pied d&rsquo;\u0153uvre pour emp\u00eacher les [&hellip;]<\/p>\n","protected":false},"author":1,"featured_media":2771,"comment_status":"open","ping_status":"closed","sticky":false,"template":"","format":"standard","meta":{"footnotes":""},"categories":[3],"tags":[325],"class_list":["post-2769","post","type-post","status-publish","format-standard","has-post-thumbnail","hentry","category-portugal","tag-incendies-au-portugal"],"aioseo_notices":[],"_links":{"self":[{"href":"https:\/\/www.culturalusa.com\/news\/wp-json\/wp\/v2\/posts\/2769","targetHints":{"allow":["GET"]}}],"collection":[{"href":"https:\/\/www.culturalusa.com\/news\/wp-json\/wp\/v2\/posts"}],"about":[{"href":"https:\/\/www.culturalusa.com\/news\/wp-json\/wp\/v2\/types\/post"}],"author":[{"embeddable":true,"href":"https:\/\/www.culturalusa.com\/news\/wp-json\/wp\/v2\/users\/1"}],"replies":[{"embeddable":true,"href":"https:\/\/www.culturalusa.com\/news\/wp-json\/wp\/v2\/comments?post=2769"}],"version-history":[{"count":0,"href":"https:\/\/www.culturalusa.com\/news\/wp-json\/wp\/v2\/posts\/2769\/revisions"}],"wp:featuredmedia":[{"embeddable":true,"href":"https:\/\/www.culturalusa.com\/news\/wp-json\/wp\/v2\/media\/2771"}],"wp:attachment":[{"href":"https:\/\/www.culturalusa.com\/news\/wp-json\/wp\/v2\/media?parent=2769"}],"wp:term":[{"taxonomy":"category","embeddable":true,"href":"https:\/\/www.culturalusa.com\/news\/wp-json\/wp\/v2\/categories?post=2769"},{"taxonomy":"post_tag","embeddable":true,"href":"https:\/\/www.culturalusa.com\/news\/wp-json\/wp\/v2\/tags?post=2769"}],"curies":[{"name":"wp","href":"https:\/\/api.w.org\/{rel}","templated":true}]}}