{"id":2802,"date":"2017-08-14T23:55:13","date_gmt":"2017-08-14T21:55:13","guid":{"rendered":"http:\/\/www.culturalusa.com\/news\/?p=2802"},"modified":"2025-11-23T18:39:36","modified_gmt":"2025-11-23T17:39:36","slug":"jihadistes-en-france-entre-difficultes-familiales-et-convictions-religieuses","status":"publish","type":"post","link":"https:\/\/www.culturalusa.com\/news\/actualite\/jihadistes-en-france-entre-difficultes-familiales-et-convictions-religieuses\/","title":{"rendered":"Jihadistes en France: entre difficult\u00e9s familiales et convictions religieuses"},"content":{"rendered":"<h2>Les jihadistes d\u00e9tenus en France ont des parcours tr\u00e8s divers, plus marqu\u00e9s par des difficult\u00e9s familiales initiales et l&rsquo;acquisition de ferventes convictions religieuses, voire politiques, que par une trajectoire de d\u00e9linquance, selon une \u00e9tude de chercheurs fran\u00e7ais.<\/h2>\n<blockquote><p>Face \u00e0 la vague d&rsquo;attaques sans pr\u00e9c\u00e9dent, men\u00e9es en majorit\u00e9 par de jeunes Fran\u00e7ais, qui frappe la France depuis 2015, quatre professeurs et chercheurs du Cesdip (une unit\u00e9 de recherche du centre national de la recherche scientifique CNRS) et l&rsquo;Inhesj (Institut national des hautes \u00e9tudes de la s\u00e9curit\u00e9 et de la justice) se sont pench\u00e9s sur les m\u00e9canismes de cette radicalisation violente.<\/p><\/blockquote>\n<p>Les conclusions de leurs entretiens r\u00e9alis\u00e9s en prison au cours de l&rsquo;ann\u00e9e 2016 aupr\u00e8s d&rsquo;une vingtaine de personnes condamn\u00e9es pour terrorisme, dont 13 pour des faits de type jihadiste, vont parfois \u00e0 l&rsquo;encontre de certaines id\u00e9es souvent avanc\u00e9es sur la question.<\/p>\n<p>Outre \u00ab\u00a0l&rsquo;absence d&rsquo;un profil type\u00a0\u00bb, ils soulignent que les jihadistes ne s&rsquo;inscrivent pas automatiquement \u00ab\u00a0dans une trajectoire d\u00e9linquante\u00a0\u00bb.<\/p>\n<p>Ils notent en revanche qu&rsquo;une majorit\u00e9 d&rsquo;entre eux \u00ab\u00a0a pu conna\u00eetre des parcours familiaux dysfonctionnels et d\u00e9structur\u00e9s assez marqu\u00e9s (absence du p\u00e8re, placements en foyer, violences subies&#8230;)\u00a0\u00bb qui pourront les pousser \u00e0 trouver dans le jihadisme \u00ab\u00a0une forme de r\u00e9demption, d&rsquo;adh\u00e9sion \u00e0 une communaut\u00e9 protectrice et unie\u00a0\u00bb.<\/p>\n<p>Ils estiment \u00ab\u00a0partiellement fausse l&rsquo;id\u00e9e que l&rsquo;on aurait affaire \u00e0 des incultes en religion\u00a0\u00bb, en notant que \u00ab\u00a0sans \u00eatre des \u00ab\u00a0savants\u00a0\u00bb, les acteurs jihadistes n&rsquo;en sont pas moins de fervents croyants profond\u00e9ment investis\u00a0\u00bb des textes islamiques auxquels ils se r\u00e9f\u00e8rent.<\/p>\n<p>L&rsquo;\u00e9tude ajoute que \u00ab\u00a0loin du portrait souvent avanc\u00e9 par la presse de jeunes d\u00e9c\u00e9r\u00e9br\u00e9s et ignorants des r\u00e9alit\u00e9s politiques internationales\u00a0\u00bb, ils ont \u00ab\u00a0des connaissances rudimentaires mais suffisantes\u00a0\u00bb sur les questions internationales, qu&rsquo;ils observent \u00e0 travers leur propre prisme d\u00e9non\u00e7ant un \u00ab\u00a0complot\u00a0\u00bb contre les musulmans, notamment sunnites.<\/p>\n<p>\u00ab\u00a0La force du sentiment d&rsquo;identification progressive \u00e0 une communaut\u00e9 opprim\u00e9e est un puissant vecteur de radicalisation\u00a0\u00bb, soulignent les auteurs.<\/p>\n<p>L&rsquo;\u00e9tude tord \u00e9galement le cou \u00e0 \u00ab\u00a0l&rsquo;id\u00e9e r\u00e9pandue de jeunes d\u00e9s?uvr\u00e9s se bricolant seuls devant leur \u00e9cran une cause artificielle\u00a0\u00bb, en notant que \u00ab\u00a0la confrontation avec l&rsquo;\u00e9tranger\u00a0\u00bb (r\u00e9seaux, voyages, r\u00e9cits de combattants \u00e9trangers, exp\u00e9riences de terrain) \u00ab\u00a0joue un r\u00f4le crucial\u00a0\u00bb dans leur radicalisation.<\/p>\n<p>Selon la justice fran\u00e7aise, plus de 400 personnes sont actuellement d\u00e9tenues pour terrorisme en France, et environ 700 Fran\u00e7ais (dont 300 femmes) se trouvaient encore en juin en zone jihadiste irako-syrienne. (AFP)<\/p>\n","protected":false},"excerpt":{"rendered":"<p>Les jihadistes d\u00e9tenus en France ont des parcours tr\u00e8s divers, plus marqu\u00e9s par des difficult\u00e9s familiales initiales et l&rsquo;acquisition de ferventes convictions religieuses, voire politiques, que par une trajectoire de d\u00e9linquance, selon une \u00e9tude de chercheurs fran\u00e7ais. Face \u00e0 la vague d&rsquo;attaques sans pr\u00e9c\u00e9dent, men\u00e9es en majorit\u00e9 par de jeunes Fran\u00e7ais, qui frappe la France [&hellip;]<\/p>\n","protected":false},"author":1,"featured_media":2803,"comment_status":"open","ping_status":"closed","sticky":false,"template":"","format":"standard","meta":{"footnotes":""},"categories":[30],"tags":[3515,704],"class_list":["post-2802","post","type-post","status-publish","format-standard","has-post-thumbnail","hentry","category-actualite","tag-convictions-religieuses","tag-jihadistes-en-france"],"aioseo_notices":[],"_links":{"self":[{"href":"https:\/\/www.culturalusa.com\/news\/wp-json\/wp\/v2\/posts\/2802","targetHints":{"allow":["GET"]}}],"collection":[{"href":"https:\/\/www.culturalusa.com\/news\/wp-json\/wp\/v2\/posts"}],"about":[{"href":"https:\/\/www.culturalusa.com\/news\/wp-json\/wp\/v2\/types\/post"}],"author":[{"embeddable":true,"href":"https:\/\/www.culturalusa.com\/news\/wp-json\/wp\/v2\/users\/1"}],"replies":[{"embeddable":true,"href":"https:\/\/www.culturalusa.com\/news\/wp-json\/wp\/v2\/comments?post=2802"}],"version-history":[{"count":2,"href":"https:\/\/www.culturalusa.com\/news\/wp-json\/wp\/v2\/posts\/2802\/revisions"}],"predecessor-version":[{"id":13914,"href":"https:\/\/www.culturalusa.com\/news\/wp-json\/wp\/v2\/posts\/2802\/revisions\/13914"}],"wp:featuredmedia":[{"embeddable":true,"href":"https:\/\/www.culturalusa.com\/news\/wp-json\/wp\/v2\/media\/2803"}],"wp:attachment":[{"href":"https:\/\/www.culturalusa.com\/news\/wp-json\/wp\/v2\/media?parent=2802"}],"wp:term":[{"taxonomy":"category","embeddable":true,"href":"https:\/\/www.culturalusa.com\/news\/wp-json\/wp\/v2\/categories?post=2802"},{"taxonomy":"post_tag","embeddable":true,"href":"https:\/\/www.culturalusa.com\/news\/wp-json\/wp\/v2\/tags?post=2802"}],"curies":[{"name":"wp","href":"https:\/\/api.w.org\/{rel}","templated":true}]}}