{"id":2805,"date":"2017-08-15T00:37:25","date_gmt":"2017-08-14T22:37:25","guid":{"rendered":"http:\/\/www.culturalusa.com\/news\/?p=2805"},"modified":"2020-11-04T14:48:02","modified_gmt":"2020-11-04T13:48:02","slug":"le-portugal-demande-laide-de-leurope-contre-les-incendies-de-foret","status":"publish","type":"post","link":"https:\/\/www.culturalusa.com\/news\/portugal\/le-portugal-demande-laide-de-leurope-contre-les-incendies-de-foret\/","title":{"rendered":"Le Portugal demande l&rsquo;aide de l&rsquo;Europe contre les incendies de for\u00eat"},"content":{"rendered":"<p>Le Portugal a sollicit\u00e9 l&rsquo;aide de ses partenaires europ\u00e9ens alors que plus des milliers de pompiers sont mobilis\u00e9s pour lutter contre les feux de for\u00eat qui risquent de s&rsquo;aggraver dans les prochains jours.<\/p>\n<p>Le temps exceptionnellement chaud et sec depuis le d\u00e9but de l&rsquo;\u00e9t\u00e9 a d\u00e9j\u00e0 provoqu\u00e9 fin juin l&rsquo;incendie le plus grave de l&rsquo;histoire du pays, qui a entra\u00een\u00e9 la mort de 64 personnes.<\/p>\n<p>La ministre portugaise de l&rsquo;Int\u00e9rieur, Constan\u00e7a Urbana de Sousa, a annonc\u00e9 dimanche avoir demand\u00e9 \u00ab\u00a0par prudence\u00a0\u00bb l&rsquo;aide de l&rsquo;Europe, samedi soir, en raison des pr\u00e9visions m\u00e9t\u00e9orologiques d\u00e9favorables &#8211; vent fort et temp\u00e9ratures \u00e9lev\u00e9es &#8211; pour les prochains jours.<\/p>\n<p>Selon les services d&rsquo;urgence, pas moins de 268 foyers ont d\u00e9marr\u00e9 samedi, le nombre le plus \u00e9lev\u00e9 en une seule journ\u00e9e cette ann\u00e9e, et 6.500 pompiers ont \u00e9t\u00e9 mobilis\u00e9s pour tenter de les contr\u00f4ler.<\/p>\n<p>L&rsquo;\u00e9tat d&rsquo;urgence a \u00e9t\u00e9 d\u00e9cr\u00e9t\u00e9 dans la r\u00e9gion de Coimbra, dans le centre du pays, alors que le vent devrait s&rsquo;intensifier d\u00e8s la fin de la journ\u00e9e de dimanche.<\/p>\n<p>Plus de 140.000 hectares de for\u00eat ont d\u00e9j\u00e0 br\u00fbl\u00e9 cet \u00e9t\u00e9 au Portugal, plus de trois fois la moyenne annuelle des dix ann\u00e9es \u00e9coul\u00e9es, selon les donn\u00e9es de l&rsquo;Union europ\u00e9enne. (Reuters)<\/p>\n","protected":false},"excerpt":{"rendered":"<p>Le Portugal a sollicit\u00e9 l&rsquo;aide de ses partenaires europ\u00e9ens alors que plus des milliers de pompiers sont mobilis\u00e9s pour lutter contre les feux de for\u00eat qui risquent de s&rsquo;aggraver dans les prochains jours. Le temps exceptionnellement chaud et sec depuis le d\u00e9but de l&rsquo;\u00e9t\u00e9 a d\u00e9j\u00e0 provoqu\u00e9 fin juin l&rsquo;incendie le plus grave de l&rsquo;histoire [&hellip;]<\/p>\n","protected":false},"author":1,"featured_media":2806,"comment_status":"open","ping_status":"closed","sticky":false,"template":"","format":"standard","meta":{"footnotes":""},"categories":[3],"tags":[705,684],"class_list":["post-2805","post","type-post","status-publish","format-standard","has-post-thumbnail","hentry","category-portugal","tag-incendies-de-foret","tag-incendies-portugal"],"aioseo_notices":[],"_links":{"self":[{"href":"https:\/\/www.culturalusa.com\/news\/wp-json\/wp\/v2\/posts\/2805","targetHints":{"allow":["GET"]}}],"collection":[{"href":"https:\/\/www.culturalusa.com\/news\/wp-json\/wp\/v2\/posts"}],"about":[{"href":"https:\/\/www.culturalusa.com\/news\/wp-json\/wp\/v2\/types\/post"}],"author":[{"embeddable":true,"href":"https:\/\/www.culturalusa.com\/news\/wp-json\/wp\/v2\/users\/1"}],"replies":[{"embeddable":true,"href":"https:\/\/www.culturalusa.com\/news\/wp-json\/wp\/v2\/comments?post=2805"}],"version-history":[{"count":0,"href":"https:\/\/www.culturalusa.com\/news\/wp-json\/wp\/v2\/posts\/2805\/revisions"}],"wp:featuredmedia":[{"embeddable":true,"href":"https:\/\/www.culturalusa.com\/news\/wp-json\/wp\/v2\/media\/2806"}],"wp:attachment":[{"href":"https:\/\/www.culturalusa.com\/news\/wp-json\/wp\/v2\/media?parent=2805"}],"wp:term":[{"taxonomy":"category","embeddable":true,"href":"https:\/\/www.culturalusa.com\/news\/wp-json\/wp\/v2\/categories?post=2805"},{"taxonomy":"post_tag","embeddable":true,"href":"https:\/\/www.culturalusa.com\/news\/wp-json\/wp\/v2\/tags?post=2805"}],"curies":[{"name":"wp","href":"https:\/\/api.w.org\/{rel}","templated":true}]}}