{"id":2813,"date":"2017-08-18T09:55:42","date_gmt":"2017-08-18T07:55:42","guid":{"rendered":"http:\/\/www.culturalusa.com\/news\/?p=2813"},"modified":"2025-09-22T19:27:15","modified_gmt":"2025-09-22T17:27:15","slug":"attentats-barcelone-et-cambrils-13-morts-et-une-centaine-de-blesses","status":"publish","type":"post","link":"https:\/\/www.culturalusa.com\/news\/actualite\/attentats-barcelone-et-cambrils-13-morts-et-une-centaine-de-blesses\/","title":{"rendered":"Attentats Barcelone et Cambrils: 13 morts et une centaine de bless\u00e9s"},"content":{"rendered":"<h2>Deux attentats \u00e0 la voiture b\u00e9lier ont \u00e9t\u00e9 commis \u00e0 quelques heures d&rsquo;intervalle en Catalogne, dans le nord-est de l&rsquo;Espagne, faisant 13 morts et une centaine de bless\u00e9s dans le coeur touristique de Barcelone, alors que cinq \u00ab\u00a0terroristes pr\u00e9sum\u00e9s\u00a0\u00bb ont \u00e9t\u00e9 abattus dans la station baln\u00e9aire \u00e0 Cambrils.<\/h2>\n<p>Jeudi en fin d&rsquo;apr\u00e8s-midi, une camionnette a fonc\u00e9 dans la foule sur la Rambla, l&rsquo;art\u00e8re la plus fr\u00e9quent\u00e9e par les touristes dans la m\u00e9tropole catalane. L&rsquo;attentat a \u00e9t\u00e9 rapidement revendiqu\u00e9 par le groupe jihadiste \u00c9tat islamique. Le conducteur de la camionnette a pris la fuite sans un mot apr\u00e8s avoir fauch\u00e9 les passants qui baguenaudaient parmi les kiosques \u00e0 fleurs et \u00e0 souvenirs.<\/p>\n<p>Mais deux suspects, un Espagnol et un Marocain, ont \u00e9t\u00e9 arr\u00eat\u00e9s par la police dans deux localit\u00e9s \u00e9loign\u00e9es respectivement de 100 et 200 km de Barcelone.<\/p>\n<p>Dans la nuit, la police annon\u00e7ait avoir abattu cinq \u00ab\u00a0terroristes pr\u00e9sum\u00e9s\u00a0\u00bb \u00e0 Cambrils, situ\u00e9e \u00e0 120 km au sud de Barcelone. \u00ab\u00a0Les terroristes pr\u00e9sum\u00e9s circulaient dans une Audi A3 et ont apparemment renvers\u00e9 plusieurs personnes avant de se heurter \u00e0 une patrouille des Mossos d&rsquo;Esquadra et la fusillade a commenc\u00e9\u00a0\u00bb, a annonc\u00e9 un porte-parole du gouvernement r\u00e9gional. Certains d&rsquo;entre eux portaient des ceintures d&rsquo;explosifs, a ajout\u00e9 un porte-parole des Mossos.<\/p>\n<p>Six civils et un policier ont \u00e9t\u00e9 bless\u00e9s lorsque la voiture a fauch\u00e9 vers 00H00 (22H00 jeudi) des pi\u00e9tons sur la promenade de bord de mer de cette station touristique. Un des civils bless\u00e9s est dans un \u00e9tat critique, ont annonc\u00e9 les services d&rsquo;urgence de Catalogne sur leur compte Twitter.<\/p>\n<p>La police a fait savoir sur son compte Twitter qu&rsquo;elle consid\u00e9rait cette attaque comme li\u00e9e \u00e0 l&rsquo;attentat qui a fait 13 morts et une centaine de bless\u00e9s d&rsquo;au moins 18 nationalit\u00e9s diff\u00e9rentes jeudi \u00e0 Barcelone.<\/p>\n<p>\u00ab\u00a0Entre deux heures et deux heures et demie, nous \u00e9tions sur la promenade de la plage. Nous avons entendu des tirs et pens\u00e9 \u00ab\u00a0\u00e7a doit \u00eatre des fus\u00e9es\u00a0\u00bb mais c&rsquo;\u00e9tait des coups de feu, a racont\u00e9 \u00e0 l&rsquo;AFP Markel Artabe, 20 ans, employ\u00e9 dans un restaurant de Cambrils.<\/p>\n<p>\u00ab\u00a0Si vous \u00eates \u00e0 Cambrils, ne sortez pas\u00a0\u00bb, avait averti sur Twitter la police r\u00e9gionale de Catalogne.<\/p>\n<h3>Beaucoup de sang<\/h3>\n<p>\u00ab\u00a0Nous pouvons confirmer qu&rsquo;il y a 13 morts et plus d&rsquo;une centaine de bless\u00e9s\u00a0\u00bb, a d\u00e9clar\u00e9 jeudi soir \u00e0 Barcelone le responsable de l&rsquo;Int\u00e9rieur du gouvernement r\u00e9gional catalan, Joaquim Forn.<\/p>\n<p>Selon le ministre belge des Affaires \u00e9trang\u00e8res Didier Reynders, une Belge figure parmi les morts.<\/p>\n<p>Les victimes &#8211;morts et bless\u00e9s&#8211; sont au moins de 18 nationalit\u00e9s diff\u00e9rentes, a-t-on appris aupr\u00e8s des services espagnols de protection civile.<\/p>\n<p>\u00ab\u00a0J&rsquo;ai vu quatre ou cinq personnes \u00e0 terre et des gens essayaient de les r\u00e9animer. Il y avait beaucoup de sang\u00a0\u00bb, a racont\u00e9 \u00e0 l&rsquo;AFP Lily Sution, une touriste n\u00e9erlandaise.<\/p>\n<p>\u00ab\u00a0Il y avait des corps par terre avec les gens qui s&rsquo;attroupaient autour d&rsquo;eux. Les gens pleuraient\u00a0\u00bb, raconte \u00e0 l&rsquo;AFP Xavi Perez, qui vend des magazines sportifs \u00e0 cent m\u00e8tres \u00e0 peine du lieu de l&rsquo;attaque.<\/p>\n<p>La zone de l&rsquo;attentat a rapidement \u00e9t\u00e9 ferm\u00e9e par un cordon de s\u00e9curit\u00e9. Des bless\u00e9s ont \u00e9t\u00e9 emmen\u00e9s sur des civi\u00e8res vers un grand magasin de la cha\u00eene Corte Ingl\u00e9s, pour recevoir les premiers soins pendant que les survivants ont \u00e9t\u00e9 confin\u00e9s dans les magasins et les restaurants qui bordent la Rambla.<\/p>\n<p>Des stations de m\u00e9tro et de chemin de fer ont \u00e9t\u00e9 ferm\u00e9es pendant des heures et n&rsquo;ont commenc\u00e9 \u00e0 rouvrir que vers minuit. Aux portes de la ville, des contr\u00f4les policiers provoquaient d&rsquo;importants embouteillages jusque tard dans la nuit.<\/p>\n<p>Le groupe jihadiste \u00c9tat islamique (EI) a revendiqu\u00e9 l&rsquo;attaque dans un communiqu\u00e9 diffus\u00e9 par son agence de propagande Amaq et relay\u00e9 par le centre am\u00e9ricain de surveillance des sites jihadistes, SITE.<\/p>\n<p>\u00ab\u00a0L&rsquo;op\u00e9ration a \u00e9t\u00e9 men\u00e9e en r\u00e9ponse aux appels \u00e0 cibler les \u00c9tats de la coalition\u00a0\u00bb internationale antijihadistes op\u00e9rant en Syrie et en Irak, indique le communiqu\u00e9.<\/p>\n<p>Le porte-parole de la police a annonc\u00e9 qu&rsquo;un Marocain, Driss Oukabir, avait \u00e9t\u00e9 arr\u00eat\u00e9 \u00e0 Ripoll, \u00e0 une centaine de kilom\u00e8tres au nord de Barcelone. Un autre suspect, n\u00e9 \u00e0 Melilla, une enclave espagnole au Maroc, a \u00e9t\u00e9 arr\u00eat\u00e9 \u00e0 200 km au sud de Barcelone, apr\u00e8s l&rsquo;explosion d&rsquo;une maison dont les occupants pr\u00e9paraient apparemment un engin explosif selon la police.<\/p>\n<h3>Toute l&rsquo;Espagne est \u00e0 Barcelone<\/h3>\n<p>Par l&rsquo;utilisation d&rsquo;un v\u00e9hicule pour tuer des pi\u00e9tons, l&rsquo;attaque de Barcelone rappelle des attentats imput\u00e9s ou revendiqu\u00e9s par l&rsquo;EI \u00e0 Nice, Berlin ou Londres.<\/p>\n<p>L&rsquo;Espagne, troisi\u00e8me destination touristique au monde, avait \u00e9t\u00e9 jusqu&rsquo;ici \u00e9pargn\u00e9e par les attentats des jihadistes de l&rsquo;EI ayant touch\u00e9 d&rsquo;autres capitales europ\u00e9ennes, telles Paris ou Bruxelles.<\/p>\n<p>Mais c&rsquo;est \u00e0 Madrid qu&rsquo;avaient eu lieu les attentats islamistes les plus meurtriers jamais commis en Europe: le 11 mars 2004, des bombes avaient explos\u00e9 dans des trains, faisant 191 morts. Ils avaient \u00e9t\u00e9 revendiqu\u00e9s par un groupe de la mouvance al-Qa\u00efda.<\/p>\n<p>Les r\u00e9actions d&rsquo;indignation ont tr\u00e8s vite afflu\u00e9.<\/p>\n<p>\u00ab\u00a0Ils ne nous terroriseront pas. Toute l&rsquo;Espagne est \u00e0 Barcelone. Les Ramblas appartiendront de nouveau \u00e0 tout le monde\u00a0\u00bb, a d\u00e9clar\u00e9 le roi Felipe VI dans un message du Palais royal. Le souverain participera vendredi \u00e0 12H00 (10H00 GMT) \u00e0 Barcelone \u00e0 la minute de silence en solidarit\u00e9 avec les victimes de l\u2019attentat.<\/p>\n<p>Le chef du gouvernement Mariano Rajoy s&rsquo;est quant \u00e0 lui rendu imm\u00e9diatement \u00e0 Barcelone, o\u00f9 le gouvernement r\u00e9gional s\u00e9paratiste pr\u00e9tend faire s\u00e9cession de l&rsquo;Espagne.<\/p>\n<p>\u00ab\u00a0Nous sommes unis dans la douleur. Mais nous sommes surtout unis par la volont\u00e9 de mettre fin \u00e0 cette folie et cette barbarie\u00a0\u00bb, a-t-il d\u00e9clar\u00e9 \u00e0 la presse, annon\u00e7ant un deuil national de trois jours \u00e0 partir de vendredi. (AFP)<\/p>\n","protected":false},"excerpt":{"rendered":"<p>Deux attentats \u00e0 la voiture b\u00e9lier ont \u00e9t\u00e9 commis \u00e0 quelques heures d&rsquo;intervalle en Catalogne, dans le nord-est de l&rsquo;Espagne, faisant 13 morts et une centaine de bless\u00e9s dans le coeur touristique de Barcelone, alors que cinq \u00ab\u00a0terroristes pr\u00e9sum\u00e9s\u00a0\u00bb ont \u00e9t\u00e9 abattus dans la station baln\u00e9aire \u00e0 Cambrils. Jeudi en fin d&rsquo;apr\u00e8s-midi, une camionnette a [&hellip;]<\/p>\n","protected":false},"author":1,"featured_media":2814,"comment_status":"open","ping_status":"closed","sticky":false,"template":"","format":"standard","meta":{"footnotes":""},"categories":[30],"tags":[706,345],"class_list":["post-2813","post","type-post","status-publish","format-standard","has-post-thumbnail","hentry","category-actualite","tag-attentats-barcelone","tag-catalogne"],"aioseo_notices":[],"_links":{"self":[{"href":"https:\/\/www.culturalusa.com\/news\/wp-json\/wp\/v2\/posts\/2813","targetHints":{"allow":["GET"]}}],"collection":[{"href":"https:\/\/www.culturalusa.com\/news\/wp-json\/wp\/v2\/posts"}],"about":[{"href":"https:\/\/www.culturalusa.com\/news\/wp-json\/wp\/v2\/types\/post"}],"author":[{"embeddable":true,"href":"https:\/\/www.culturalusa.com\/news\/wp-json\/wp\/v2\/users\/1"}],"replies":[{"embeddable":true,"href":"https:\/\/www.culturalusa.com\/news\/wp-json\/wp\/v2\/comments?post=2813"}],"version-history":[{"count":2,"href":"https:\/\/www.culturalusa.com\/news\/wp-json\/wp\/v2\/posts\/2813\/revisions"}],"predecessor-version":[{"id":13812,"href":"https:\/\/www.culturalusa.com\/news\/wp-json\/wp\/v2\/posts\/2813\/revisions\/13812"}],"wp:featuredmedia":[{"embeddable":true,"href":"https:\/\/www.culturalusa.com\/news\/wp-json\/wp\/v2\/media\/2814"}],"wp:attachment":[{"href":"https:\/\/www.culturalusa.com\/news\/wp-json\/wp\/v2\/media?parent=2813"}],"wp:term":[{"taxonomy":"category","embeddable":true,"href":"https:\/\/www.culturalusa.com\/news\/wp-json\/wp\/v2\/categories?post=2813"},{"taxonomy":"post_tag","embeddable":true,"href":"https:\/\/www.culturalusa.com\/news\/wp-json\/wp\/v2\/tags?post=2813"}],"curies":[{"name":"wp","href":"https:\/\/api.w.org\/{rel}","templated":true}]}}