{"id":2838,"date":"2017-09-06T23:35:39","date_gmt":"2017-09-06T21:35:39","guid":{"rendered":"http:\/\/www.culturalusa.com\/news\/?p=2838"},"modified":"2017-09-06T23:37:44","modified_gmt":"2017-09-06T21:37:44","slug":"trump-une-action-militaire-contre-pyongyang-nest-pas-la-priorite","status":"publish","type":"post","link":"https:\/\/www.culturalusa.com\/news\/actualite\/trump-une-action-militaire-contre-pyongyang-nest-pas-la-priorite\/","title":{"rendered":"Trump : Une action militaire contre Pyongyang n&rsquo;est pas la priorit\u00e9"},"content":{"rendered":"<p><img loading=\"lazy\" decoding=\"async\" src=\"http:\/\/www.culturalusa.com\/news\/wp-content\/uploads\/2016\/11\/Trump.jpg\" alt=\"\" width=\"470\" height=\"280\" class=\"aligncenter size-full wp-image-2519\" srcset=\"https:\/\/www.culturalusa.com\/news\/wp-content\/uploads\/2016\/11\/Trump.jpg 470w, https:\/\/www.culturalusa.com\/news\/wp-content\/uploads\/2016\/11\/Trump-275x164.jpg 275w\" sizes=\"auto, (max-width: 470px) 100vw, 470px\" \/>Une intervention militaire am\u00e9ricaine contre la Cor\u00e9e du Nord n&rsquo;est pas la premi\u00e8re option envisag\u00e9e par les Etats-Unis, a d\u00e9clar\u00e9 Donald Trump devant la presse \u00e0 la Maison blanche mercredi.<\/p>\n<p>Le pr\u00e9sident am\u00e9ricain a eu une discussion t\u00e9l\u00e9phonique franche et ferme avec son homologue chinois Xi Jinping qui a une nouvelle fois r\u00e9p\u00e9t\u00e9 que la crise dans la p\u00e9ninsule cor\u00e9enne devait \u00eatre r\u00e9gl\u00e9e par le dialogue.<\/p>\n<p>\u00ab\u00a0Le pr\u00e9sident Xi voudrait faire quelque chose. Nous verrons s&rsquo;il y parvient ou pas. Mais nous n&rsquo;allons pas continuer \u00e0 accepter ce qui se passe en Cor\u00e9e du Nord\u00a0\u00bb, a d\u00e9clar\u00e9 Donald Trump.<\/p>\n<p>\u00ab\u00a0Je pense que le pr\u00e9sident Xi est d&rsquo;accord avec moi \u00e0 100%. Nous avons eu une discussion t\u00e9l\u00e9phonique tr\u00e8s tr\u00e8s franche et tr\u00e8s ferme\u00a0\u00bb, a ajout\u00e9 Trump. (Reuters)<\/p>\n<p style=\"text-align:center;\"><script type=\"text\/javascript\"><!--\ngoogle_ad_client = \"ca-pub-2727717456356200\";\n\/* CulturaLusa 468x60 *\/\ngoogle_ad_slot = \"2785499263\";\ngoogle_ad_width = 468;\ngoogle_ad_height = 60;\n\/\/-->\n<\/script><br \/>\n<script type=\"text\/javascript\"\nsrc=\"http:\/\/pagead2.googlesyndication.com\/pagead\/show_ads.js\">\n<\/script><\/p>\n","protected":false},"excerpt":{"rendered":"<p>Une intervention militaire am\u00e9ricaine contre la Cor\u00e9e du Nord n&rsquo;est pas la premi\u00e8re option envisag\u00e9e par les Etats-Unis, a d\u00e9clar\u00e9 Donald Trump devant la presse \u00e0 la Maison blanche mercredi. Le pr\u00e9sident am\u00e9ricain a eu une discussion t\u00e9l\u00e9phonique franche et ferme avec son homologue chinois Xi Jinping qui a une nouvelle fois r\u00e9p\u00e9t\u00e9 que la [&hellip;]<\/p>\n","protected":false},"author":1,"featured_media":0,"comment_status":"open","ping_status":"closed","sticky":false,"template":"","format":"standard","meta":{"footnotes":""},"categories":[30],"tags":[480],"class_list":["post-2838","post","type-post","status-publish","format-standard","hentry","category-actualite","tag-coree-du-nord"],"aioseo_notices":[],"_links":{"self":[{"href":"https:\/\/www.culturalusa.com\/news\/wp-json\/wp\/v2\/posts\/2838","targetHints":{"allow":["GET"]}}],"collection":[{"href":"https:\/\/www.culturalusa.com\/news\/wp-json\/wp\/v2\/posts"}],"about":[{"href":"https:\/\/www.culturalusa.com\/news\/wp-json\/wp\/v2\/types\/post"}],"author":[{"embeddable":true,"href":"https:\/\/www.culturalusa.com\/news\/wp-json\/wp\/v2\/users\/1"}],"replies":[{"embeddable":true,"href":"https:\/\/www.culturalusa.com\/news\/wp-json\/wp\/v2\/comments?post=2838"}],"version-history":[{"count":0,"href":"https:\/\/www.culturalusa.com\/news\/wp-json\/wp\/v2\/posts\/2838\/revisions"}],"wp:attachment":[{"href":"https:\/\/www.culturalusa.com\/news\/wp-json\/wp\/v2\/media?parent=2838"}],"wp:term":[{"taxonomy":"category","embeddable":true,"href":"https:\/\/www.culturalusa.com\/news\/wp-json\/wp\/v2\/categories?post=2838"},{"taxonomy":"post_tag","embeddable":true,"href":"https:\/\/www.culturalusa.com\/news\/wp-json\/wp\/v2\/tags?post=2838"}],"curies":[{"name":"wp","href":"https:\/\/api.w.org\/{rel}","templated":true}]}}