{"id":2866,"date":"2017-09-22T02:02:37","date_gmt":"2017-09-22T00:02:37","guid":{"rendered":"http:\/\/www.culturalusa.com\/news\/?p=2866"},"modified":"2020-09-26T19:09:22","modified_gmt":"2020-09-26T17:09:22","slug":"le-gouvernement-catalan-persiste-malgre-les-difficultes","status":"publish","type":"post","link":"https:\/\/www.culturalusa.com\/news\/monde\/le-gouvernement-catalan-persiste-malgre-les-difficultes\/","title":{"rendered":"Le gouvernement catalan persiste malgr\u00e9 les difficult\u00e9s"},"content":{"rendered":"<p>Le gouvernement s\u00e9paratiste de Catalogne a reconnu jeudi que la vaste op\u00e9ration polici\u00e8re et judiciaire men\u00e9e dans la r\u00e9gion compliquait l&rsquo;organisation du r\u00e9f\u00e9rendum d&rsquo;autod\u00e9termination interdit, sans pour autant renoncer \u00e0 sa tenue le 1er octobre.<\/p>\n<p>La Cour constitutionnelle a annonc\u00e9 jeudi \u00e0 Madrid avoir inflig\u00e9 de lourdes amendes \u00e0 24 personnes pr\u00e9sum\u00e9es impliqu\u00e9es dans l&rsquo;organisation du r\u00e9f\u00e9rendum d\u00e9clar\u00e9 anticonstitutionnel.<\/p>\n<p>Une amende de 12.000 euros par jour est ainsi impos\u00e9e au secr\u00e9taire g\u00e9n\u00e9ral de la vice-pr\u00e9sidence r\u00e9gionale, Josep Maria Jove &#8211; arr\u00eat\u00e9 mercredi &#8211; ainsi qu&rsquo;aux sept membres de la commission \u00e9lectorale de Catalogne, \u00ab\u00a0jusqu&rsquo;\u00e0 ce qu&rsquo;ils respectent les r\u00e9solutions de la Cour\u00a0\u00bb.<\/p>\n<p>Les forces de l&rsquo;ordre avaient saisi mardi et mercredi pr\u00e8s de 10 millions de bulletins de vote et les convocations pour 45.000 assesseurs.<\/p>\n<p>Et apr\u00e8s les arrestations mercredi de 14 hauts responsables catalans au coeur de l&rsquo;organisation du r\u00e9f\u00e9rendum, le vice-pr\u00e9sident du gouvernement r\u00e9gional, Oriol Junqueras, l&rsquo;a admis: \u00ab\u00a0Il est \u00e9vident que les r\u00e8gles du jeu ont \u00e9t\u00e9 alt\u00e9r\u00e9es\u00a0\u00bb. \u00ab\u00a0Nous ne sommes pas en mesure de voter comme d&rsquo;habitude\u00a0\u00bb, a-t-il ajout\u00e9.<\/p>\n<p>La presse a pr\u00e9sent\u00e9 ces op\u00e9rations comme un coup d\u00e9cisif port\u00e9 au scrutin interdit par la Cour constitutionnelle.<\/p>\n<p>Et le gouvernement espagnol a par ailleurs d\u00e9cid\u00e9 d&rsquo;envoyer d&rsquo;importants renforts de police en Catalogne, qui seront log\u00e9s sur trois gros bateaux comptant 6.600 lits mouillant dans les ports de Barcelone et Tarragone.<\/p>\n<p>Mais comme si de rien n&rsquo;\u00e9tait, le pr\u00e9sident s\u00e9paratiste du gouvernement catalan Carles Puigdemont a tweet\u00e9 jeudi un lien vers une page permettant aux Catalans d&rsquo;identifier leur bureau de vote. (Le site n&rsquo;\u00e9tait cependant pas accessible au moment o\u00f9 l&rsquo;AFP a voulu le consulter).<\/p>\n<p>Dans une d\u00e9claration diffus\u00e9e jeudi soir, M. Puigdemont a assur\u00e9: le r\u00e9f\u00e9rendum se tiendra \u00ab\u00a0parce que nous avions pr\u00e9vu des plans pour parer \u00e0 toute \u00e9ventualit\u00e9 et garantir le vote, mais surtout, parce qu&rsquo;il a le soutien de l&rsquo;immense majorit\u00e9 de la population, qui en a marre de l&rsquo;arrogance et des abus du gouvernement du Parti populaire\u00a0\u00bb.<\/p>\n<p>M. Puigdemont avait annonc\u00e9 qu&rsquo;en cas de victoire du \u00ab\u00a0oui\u00a0\u00bb, la r\u00e9gion amorcerait le processus de s\u00e9paration de l&rsquo;Espagne.<\/p>\n<p>Il a obtenu jeudi le soutien de la Premi\u00e8re ministre \u00e9cossaise Nicola Sturgeon. La cheffe du parti ind\u00e9pendantiste SNP a appel\u00e9 au respect du droit \u00e0 l&rsquo;autod\u00e9termination en Catalogne et souhait\u00e9 \u00ab\u00a0qu&rsquo;un dialogue puisse s&rsquo;instaurer\u00a0\u00bb entre Madrid et Barcelone.<\/p>\n<p>En Catalogne, les op\u00e9rations polici\u00e8res destin\u00e9es \u00e0 emp\u00eacher le scrutin ont suscit\u00e9 de nombreuses critiques.<\/p>\n<p>Main tendue<br \/>\nL&#8217;embl\u00e9matique FC Barcelone a condamn\u00e9 toute forme d&rsquo;entrave au \u00ab\u00a0droit \u00e0 d\u00e9cider\u00a0\u00bb de la Catalogne. Et dans le grand th\u00e9\u00e2tre-op\u00e9ra du Liceu, sur les Ramblas de Barcelone, le public a entonn\u00e9 l&rsquo;hymne catalan mercredi soir.<\/p>\n<p>Quelques milliers de manifestants ont afflu\u00e9 jeudi midi dans le centre de Barcelone, pour la deuxi\u00e8me journ\u00e9e cons\u00e9cutive, dans une ambiance r\u00e9solument festive. Ils se sont mass\u00e9s devant la Cour d&rsquo;appel pour r\u00e9clamer la lib\u00e9ration des dirigeants arr\u00eat\u00e9s.<\/p>\n<p>Huit des 14 personnes interpell\u00e9es mercredi ont \u00e9t\u00e9 remises en libert\u00e9 jeudi \u00e0 la mi-journ\u00e9e, selon l&rsquo;ex\u00e9cutif catalan.<\/p>\n<p>Les manifestants \u00e9taient encore des milliers dans la soir\u00e9e, dont certains d\u00e9cid\u00e9s \u00e0 camper sur place toute la nuit. En outre, des Barcelonais sont sortis sur leur balcon ou dans la rue pour taper sur des po\u00eales et des casseroles en signe de protestation.<\/p>\n<p>\u00ab\u00a0Les arrestations sont une honte\u00a0\u00bb, protestait un pompier de 36 ans, David Barnet, ind\u00e9pendantiste, bien d\u00e9cid\u00e9 \u00e0 participer au r\u00e9f\u00e9rendum du 1er octobre.<\/p>\n<p>\u00ab\u00a0Je ne voudrais pas me s\u00e9parer de l&rsquo;Espagne\u00a0\u00bb, expliquait ailleurs dans la ville Juan Jose Moya, 63 ans. \u00ab\u00a0Je ne suis pas pour l&rsquo;ind\u00e9pendance mais pour qu&rsquo;on laisse les gens voter\u00a0\u00bb.<\/p>\n<p>Les Catalans sont partag\u00e9s presque \u00e0 parts \u00e9gales entre ind\u00e9pendantistes et partisans d&rsquo;un maintien de la Catalogne au sein de l&rsquo;Espagne. Mais plus de 70% souhaitent pouvoir s&rsquo;exprimer \u00e0 travers un r\u00e9f\u00e9rendum en bonne et due forme, dans la r\u00e9gion aux 7,5 millions d&rsquo;habitants.<\/p>\n<p>Au pouvoir depuis le fin 2011, le chef du gouvernement espagnol Mariano Rajoy a toujours refus\u00e9 tout r\u00e9f\u00e9rendum d&rsquo;autod\u00e9termination de la r\u00e9gion, au nom du respect de la Constitution.<\/p>\n<p>Il avait qualifi\u00e9 mercredi de \u00ab\u00a0chim\u00e8re\u00a0\u00bb le scrutin du 1er octobre et demand\u00e9 aux dirigeants s\u00e9paratistes de renoncer \u00e0 \u00ab\u00a0l&rsquo;escalade dans la radicalit\u00e9 et la d\u00e9sob\u00e9issance\u00a0\u00bb.<\/p>\n<p>Jeudi, le ministre de l&rsquo;Economie Luis de Guindos a \u00e9voqu\u00e9 une \u00ab\u00a0main tendue\u00a0\u00bb par le gouvernement aux s\u00e9paratistes \u00ab\u00a0\u00e0 condition qu&rsquo;ils respectent la l\u00e9galit\u00e9\u00a0\u00bb. Il n&rsquo;a pas \u00e9cart\u00e9 une am\u00e9lioration du financement de la r\u00e9gion. (AFP)<\/p>\n","protected":false},"excerpt":{"rendered":"<p>Le gouvernement s\u00e9paratiste de Catalogne a reconnu jeudi que la vaste op\u00e9ration polici\u00e8re et judiciaire men\u00e9e dans la r\u00e9gion compliquait l&rsquo;organisation du r\u00e9f\u00e9rendum d&rsquo;autod\u00e9termination interdit, sans pour autant renoncer \u00e0 sa tenue le 1er octobre. La Cour constitutionnelle a annonc\u00e9 jeudi \u00e0 Madrid avoir inflig\u00e9 de lourdes amendes \u00e0 24 personnes pr\u00e9sum\u00e9es impliqu\u00e9es dans l&rsquo;organisation [&hellip;]<\/p>\n","protected":false},"author":1,"featured_media":3977,"comment_status":"open","ping_status":"closed","sticky":false,"template":"","format":"standard","meta":{"footnotes":""},"categories":[1372],"tags":[712],"class_list":["post-2866","post","type-post","status-publish","format-standard","has-post-thumbnail","hentry","category-monde","tag-gouvernement-catalan"],"aioseo_notices":[],"_links":{"self":[{"href":"https:\/\/www.culturalusa.com\/news\/wp-json\/wp\/v2\/posts\/2866","targetHints":{"allow":["GET"]}}],"collection":[{"href":"https:\/\/www.culturalusa.com\/news\/wp-json\/wp\/v2\/posts"}],"about":[{"href":"https:\/\/www.culturalusa.com\/news\/wp-json\/wp\/v2\/types\/post"}],"author":[{"embeddable":true,"href":"https:\/\/www.culturalusa.com\/news\/wp-json\/wp\/v2\/users\/1"}],"replies":[{"embeddable":true,"href":"https:\/\/www.culturalusa.com\/news\/wp-json\/wp\/v2\/comments?post=2866"}],"version-history":[{"count":0,"href":"https:\/\/www.culturalusa.com\/news\/wp-json\/wp\/v2\/posts\/2866\/revisions"}],"wp:featuredmedia":[{"embeddable":true,"href":"https:\/\/www.culturalusa.com\/news\/wp-json\/wp\/v2\/media\/3977"}],"wp:attachment":[{"href":"https:\/\/www.culturalusa.com\/news\/wp-json\/wp\/v2\/media?parent=2866"}],"wp:term":[{"taxonomy":"category","embeddable":true,"href":"https:\/\/www.culturalusa.com\/news\/wp-json\/wp\/v2\/categories?post=2866"},{"taxonomy":"post_tag","embeddable":true,"href":"https:\/\/www.culturalusa.com\/news\/wp-json\/wp\/v2\/tags?post=2866"}],"curies":[{"name":"wp","href":"https:\/\/api.w.org\/{rel}","templated":true}]}}