{"id":2869,"date":"2017-09-22T02:22:32","date_gmt":"2017-09-22T00:22:32","guid":{"rendered":"http:\/\/www.culturalusa.com\/news\/?p=2869"},"modified":"2017-09-22T02:22:32","modified_gmt":"2017-09-22T00:22:32","slug":"liliane-bettencourt-heritiere-milliardaire-a-la-vie-tumultueuse","status":"publish","type":"post","link":"https:\/\/www.culturalusa.com\/news\/economie\/liliane-bettencourt-heritiere-milliardaire-a-la-vie-tumultueuse\/","title":{"rendered":"Liliane Bettencourt, h\u00e9riti\u00e8re milliardaire \u00e0 la vie tumultueuse"},"content":{"rendered":"<p><img loading=\"lazy\" decoding=\"async\" src=\"http:\/\/www.culturalusa.com\/news\/wp-content\/uploads\/2017\/09\/Bettencourt_oreal.jpg\" alt=\"\" width=\"470\" height=\"293\" class=\"aligncenter size-full wp-image-2870\" srcset=\"https:\/\/www.culturalusa.com\/news\/wp-content\/uploads\/2017\/09\/Bettencourt_oreal.jpg 470w, https:\/\/www.culturalusa.com\/news\/wp-content\/uploads\/2017\/09\/Bettencourt_oreal-275x171.jpg 275w\" sizes=\"auto, (max-width: 470px) 100vw, 470px\" \/>Liliane Bettencourt, h\u00e9riti\u00e8re du fondateur de l&#8217;empire des cosm\u00e9tiques L&rsquo;Or\u00e9al, <strong>d\u00e9c\u00e9d\u00e9e \u00e0 94 ans<\/strong>, \u00e9tait tr\u00e8s affaiblie et \u00e0 l&rsquo;\u00e9cart de la vie publique depuis 2012, apr\u00e8s une vie pass\u00e9e \u00e0 faire prosp\u00e9rer l&rsquo;entreprise fond\u00e9e par son p\u00e8re.<\/p>\n<p>Diminu\u00e9e par la maladie, plac\u00e9e sous tutelle, Mme Bettencourt avait quitt\u00e9 le conseil d&rsquo;administration de L&rsquo;Or\u00e9al il y a cinq ans, abandonnant tout r\u00f4le dirigeant au sein du groupe.<\/p>\n<p>Si ses apparitions publiques \u00e9taient de plus en plus rares ces derni\u00e8res ann\u00e9es, son nom continuait de d\u00e9frayer la chronique. Avec une fortune estim\u00e9e \u00e0 pr\u00e8s de 40 milliards de dollars par le magazine Forbes en 2017, elle \u00e9tait la femme la plus riche au monde et occupait la 14e place des personnes les plus fortun\u00e9es.<\/p>\n<p>Mais c&rsquo;est surtout sur le front judiciaire que son patronyme a longuement r\u00e9sonn\u00e9, dans la tentaculaire \u00ab\u00a0affaire Bettencourt\u00a0\u00bb, ouverte \u00e0 l&rsquo;origine pour un abus de faiblesse aux d\u00e9penses de l&rsquo;h\u00e9riti\u00e8re de L&rsquo;Or\u00e9al, qui s&rsquo;est divis\u00e9e au fil de l&rsquo;enqu\u00eate en plusieurs volets.<\/p>\n<p>Liliane Bettencourt, qui s&rsquo;\u00e9tait longtemps d\u00e9rob\u00e9e aux expertises m\u00e9dicales demand\u00e9es par sa fille unique, Fran\u00e7oise Bettencourt-Meyers, \u00e9tait psychologiquement affaiblie. Plusieurs m\u00e9decins avaient avanc\u00e9 en 2011 le diagnostic d&rsquo;une \u00ab\u00a0d\u00e9mence mixte\u00a0\u00bb et d'\u00a0\u00bbune maladie d&rsquo;Alzheimer \u00e0 un stade mod\u00e9r\u00e9ment s\u00e9v\u00e8re\u00a0\u00bb.<\/p>\n<p>Vivre selon ses envies<\/p>\n<p>Ses relations avec sa fille, qui accusait des \u00ab\u00a0pr\u00e9dateurs\u00a0\u00bb d'\u00a0\u00bbinstrumentaliser\u00a0\u00bb sa m\u00e8re, avaient longtemps \u00e9t\u00e9 ex\u00e9crables en raison d&rsquo;un conflit familial qui a vu se succ\u00e9der brouilles et r\u00e9conciliations.<\/p>\n<p>\u00ab\u00a0Si ma fille s&rsquo;occupe de moi, j&rsquo;\u00e9toufferai\u00a0\u00bb, avait-elle notamment dit en 2011, juste avant sa mise sous tutelle.<\/p>\n<p>Liliane Bettencourt n&rsquo;avait jusqu&rsquo;alors cess\u00e9 d&rsquo;impressionner son auditoire malgr\u00e9, d\u00e9j\u00e0, le poids de l&rsquo;\u00e2ge et ses difficult\u00e9s d&rsquo;audition. On la voyait dans les m\u00e9dias avec son allure de grande bourgeoise raffin\u00e9e: brushing impeccable, \u00e9charpe rose ou orange, rouge \u00e0 l\u00e8vres mat et souvent un carr\u00e9 de soie autour du cou.<\/p>\n<p>Son d\u00e9clin fut longtemps masqu\u00e9 derri\u00e8re les traits d&rsquo;esprit et l&rsquo;\u00e9vident app\u00e9tit de vivre d&rsquo;une vieille dame au franc-parler, qui revendiquait une libert\u00e9 souveraine. Elle voulait, disait-elle, \u00ab\u00a0s&rsquo;exprimer librement et vivre selon ses envies\u00a0\u00bb, c&rsquo;est-\u00e0-dire voyager et recevoir dans son h\u00f4tel particulier de Neuilly-sur-Seine, o\u00f9 le moindre employ\u00e9 \u00e9tait royalement pay\u00e9, le jet priv\u00e9 tenant souvent lieu de v\u00e9hicule principal.<\/p>\n<p>Au cours de sa vie, elle avait lutt\u00e9 jusqu&rsquo;au bout pour justifier ses choix, qu&rsquo;il s&rsquo;agisse d&rsquo;investissements financiers ou de cadeaux parfois d\u00e9mesur\u00e9s, comme ceux dont a b\u00e9n\u00e9fici\u00e9 le photographe Fran\u00e7ois-Marie Banier qui l&rsquo;amusait et la charmait, au grand dam de ses proches.<\/p>\n<p>N\u00e9e le 21 octobre 1922 \u00e0 Paris, Liliane Bettencourt est \u00e9lev\u00e9e dans la rigueur, chez les Dominicaines. Sa m\u00e8re, pianiste, meurt quand elle a cinq ans. Dix ans plus tard, elle fait ses premiers stages chez L&rsquo;Or\u00e9al. Depuis, elle se consid\u00e9rait comme la d\u00e9positaire de l&rsquo;oeuvre de son p\u00e8re, Eug\u00e8ne Schueller, fondateur de l&rsquo;entreprise.<\/p>\n<p>Un couple phare<\/p>\n<p>Liliane vouait un culte \u00e0 ce p\u00e8re d\u00e9vou\u00e9 mais tr\u00e8s pris par ses affaires, qui met au point les premi\u00e8res teintures capillaires de synth\u00e8se, vendues dans les salons de coiffure et lance des produits \u00e0 succ\u00e8s comme le shampoing Dop.<\/p>\n<p>Cet Alsacien, issu d&rsquo;un milieu modeste, a sa part d&rsquo;ombre puisqu&rsquo;il est l&rsquo;un des dirigeants et principal soutien financier de La Cagoule, organisation clandestine d&rsquo;extr\u00eame droite dans les ann\u00e9es 1930.<\/p>\n<p>Apr\u00e8s la guerre, Liliane soigne un d\u00e9but de tuberculose en Suisse. Elle y rencontre Andr\u00e9 Bettencourt, ami de Fran\u00e7ois Dalle, futur pr\u00e9sident de L&rsquo;Or\u00e9al. Ils se marient en 1950 et, trois ans plus tard, na\u00eet Fran\u00e7oise. Eug\u00e8ne Schueller meurt en 1957.<\/p>\n<p>Avec Andr\u00e9 Bettencourt &#8211; ministre sous la IVe R\u00e9publique, de Charles de Gaulle puis de Georges Pompidou &#8211; Liliane forme un couple-phare des salons parisiens. L&rsquo;histoire de cet homme croise celle de Fran\u00e7ois Mitterrand pendant la Seconde Guerre mondiale o\u00f9, comme ce dernier, il entretient des relations ambigu\u00ebs avec Vichy, avant de rejoindre la R\u00e9sistance.<\/p>\n<p>A priori davantage passionn\u00e9e par l&rsquo;art &#8211; elle poss\u00e9dait des tableaux de De Chirico, L\u00e9ger, Picasso, Matisse, Miro ou Braque &#8211; et le cin\u00e9ma que par les affaires, Liliane ne s&rsquo;installera jamais dans le fauteuil de PDG de L&rsquo;Or\u00e9al. Mais en tant que premi\u00e8re actionnaire du groupe, elle si\u00e8gera au conseil d&rsquo;administration jusqu&rsquo;\u00e0 pr\u00e8s de 90 ans, face aux patrons successifs du groupe, afin de d\u00e9montrer que rien ne se fait sans elle. (AFP)<\/p>\n","protected":false},"excerpt":{"rendered":"<p>Liliane Bettencourt, h\u00e9riti\u00e8re du fondateur de l&#8217;empire des cosm\u00e9tiques L&rsquo;Or\u00e9al, d\u00e9c\u00e9d\u00e9e \u00e0 94 ans, \u00e9tait tr\u00e8s affaiblie et \u00e0 l&rsquo;\u00e9cart de la vie publique depuis 2012, apr\u00e8s une vie pass\u00e9e \u00e0 faire prosp\u00e9rer l&rsquo;entreprise fond\u00e9e par son p\u00e8re. Diminu\u00e9e par la maladie, plac\u00e9e sous tutelle, Mme Bettencourt avait quitt\u00e9 le conseil d&rsquo;administration de L&rsquo;Or\u00e9al il [&hellip;]<\/p>\n","protected":false},"author":1,"featured_media":0,"comment_status":"open","ping_status":"closed","sticky":false,"template":"","format":"standard","meta":{"footnotes":""},"categories":[1],"tags":[713,714],"class_list":["post-2869","post","type-post","status-publish","format-standard","hentry","category-economie","tag-liliane-bettencourt","tag-oreal"],"aioseo_notices":[],"_links":{"self":[{"href":"https:\/\/www.culturalusa.com\/news\/wp-json\/wp\/v2\/posts\/2869","targetHints":{"allow":["GET"]}}],"collection":[{"href":"https:\/\/www.culturalusa.com\/news\/wp-json\/wp\/v2\/posts"}],"about":[{"href":"https:\/\/www.culturalusa.com\/news\/wp-json\/wp\/v2\/types\/post"}],"author":[{"embeddable":true,"href":"https:\/\/www.culturalusa.com\/news\/wp-json\/wp\/v2\/users\/1"}],"replies":[{"embeddable":true,"href":"https:\/\/www.culturalusa.com\/news\/wp-json\/wp\/v2\/comments?post=2869"}],"version-history":[{"count":0,"href":"https:\/\/www.culturalusa.com\/news\/wp-json\/wp\/v2\/posts\/2869\/revisions"}],"wp:attachment":[{"href":"https:\/\/www.culturalusa.com\/news\/wp-json\/wp\/v2\/media?parent=2869"}],"wp:term":[{"taxonomy":"category","embeddable":true,"href":"https:\/\/www.culturalusa.com\/news\/wp-json\/wp\/v2\/categories?post=2869"},{"taxonomy":"post_tag","embeddable":true,"href":"https:\/\/www.culturalusa.com\/news\/wp-json\/wp\/v2\/tags?post=2869"}],"curies":[{"name":"wp","href":"https:\/\/api.w.org\/{rel}","templated":true}]}}