{"id":2896,"date":"2017-10-04T11:57:59","date_gmt":"2017-10-04T09:57:59","guid":{"rendered":"http:\/\/www.culturalusa.com\/news\/?p=2896"},"modified":"2020-09-26T19:07:49","modified_gmt":"2020-09-26T17:07:49","slug":"catalogne-madrid-lance-des-poursuites-apres-le-discours-de-fermete-du-roi","status":"publish","type":"post","link":"https:\/\/www.culturalusa.com\/news\/monde\/catalogne-madrid-lance-des-poursuites-apres-le-discours-de-fermete-du-roi\/","title":{"rendered":"Catalogne: Madrid lance des poursuites apr\u00e8s le discours de fermet\u00e9 du roi"},"content":{"rendered":"<p>La justice espagnole a lanc\u00e9 mercredi des poursuites contre le chef de la police catalane et des responsables ind\u00e9pendantistes au lendemain d&rsquo;un discours cinglant du roi contre les dirigeants de la Catalogne qui se disent pr\u00eats \u00e0 d\u00e9clarer l&rsquo;ind\u00e9pendance de la r\u00e9gion.<\/p>\n<p>Depuis le r\u00e9f\u00e9rendum d&rsquo;autod\u00e9termination interdit de dimanche, marqu\u00e9 par des violences polici\u00e8res, Madrid et Barcelone n&rsquo;ont cess\u00e9 de durcir le ton. Dans cette crise, la plus grave depuis le putsch manqu\u00e9 de 1981, aucun des deux camps ne semble pr\u00eat \u00e0 c\u00e9der du terrain.<\/p>\n<p>Galvanis\u00e9 par le r\u00e9f\u00e9rendum, la gr\u00e8ve g\u00e9n\u00e9rale et les manifestations de masse qui ont r\u00e9uni mardi 700.000 personnes \u00e0 Barcelone contre les violences, le pr\u00e9sident du gouvernement catalan Carles Puigdemont a assur\u00e9 que son gouvernement s&rsquo;appr\u00eatait \u00e0 d\u00e9clarer l&rsquo;ind\u00e9pendance \u00ab\u00a0\u00e0 la fin de la semaine ou au d\u00e9but de la semaine pochaine\u00a0\u00bb.<\/p>\n<p>\u00ab\u00a0Nous allons d\u00e9clarer l&rsquo;ind\u00e9pendance 48 heures apr\u00e8s le d\u00e9compte des r\u00e9sultats officiels\u00a0\u00bb du r\u00e9f\u00e9rendum, a-t-il annonc\u00e9 dans un entretien \u00e0 la BBC.<\/p>\n<p>M. Puigdemont devait prononcer une allocution \u00e0 la mi-journ\u00e9e.<\/p>\n<p>D&rsquo;apr\u00e8s les r\u00e9sultats provisoires, le oui \u00e0 l&rsquo;ind\u00e9pendance l&rsquo;a emport\u00e9 avec 90% des votants dans ce scrutin sans liste \u00e9lectorale et sans observateurs que Madrid avait interdit.<\/p>\n<p>Au lendemain d&rsquo;un discours du roi Felipe VI \u00e0 la fermet\u00e9 in\u00e9dite, la justice \u00ab\u00a0a convoqu\u00e9 en vue de leur inculpation\u00a0\u00bb le chef de la police catalane Josep Lluis Trapero ainsi qu&rsquo;une de ses subalternes et deux dirigeants d&rsquo;associations ind\u00e9pendantistes, dans le cadre d&rsquo;une \u00ab\u00a0enqu\u00eate pour s\u00e9dition\u00a0\u00bb.<\/p>\n<p>L&rsquo;enqu\u00eate porte sur des faits survenus le 20 septembre, lorsque l&rsquo;arrestation de 14 hauts responsables de l&rsquo;ex\u00e9cutif s\u00e9paratiste catalan avait provoqu\u00e9 d&rsquo;importantes manifestations contre la Garde civile \u00e0 Barcelone. La police catalane a \u00e9t\u00e9 accus\u00e9e d&rsquo;avoir tard\u00e9 \u00e0 intervenir pour d\u00e9gager les Gardes civils encercl\u00e9s dans un b\u00e2timent qu&rsquo;elle perquisitionnait.<\/p>\n<p>Selon le code p\u00e9nal, la s\u00e9dition est passible d\u2019une peine allant jusqu\u2019\u00e0 quinze ans de prison pour un fonctionnaire.<\/p>\n<p>La stabilit\u00e9 en danger<\/p>\n<p>R\u00e9agissant mardi soir pour la premi\u00e8re fois au vote de dimanche, Felipe VI a accus\u00e9 le gouvernement r\u00e9gional catalan d&rsquo;avoir bafou\u00e9 \u00ab\u00a0de fa\u00e7on r\u00e9p\u00e9t\u00e9e (&#8230;) et d\u00e9lib\u00e9r\u00e9e\u00a0\u00bb la Constitution et de \u00ab\u00a0mettre en danger la stabilit\u00e9\u00a0\u00bb de la Catalogne et de toute l&rsquo;Espagne.<\/p>\n<p>Son discours, martelant qu&rsquo;il est de \u00ab\u00a0la responsabilit\u00e9 des pouvoirs l\u00e9gitimes de l&rsquo;Etat d&rsquo;assurer l&rsquo;ordre constitutionnel\u00a0\u00bb, ouvre la voie \u00e0 de nouvelles mesures du gouvernement de Mariano Rajoy contre les dirigeants ind\u00e9pendantistes.<\/p>\n<p>Le porte-parole du gouvernement catalan Jordi Turull a accus\u00e9 mercredi le roi d&rsquo;avoir \u00ab\u00a0jet\u00e9 de l&rsquo;huile sur le feu\u00a0\u00bb avec son discours. \u00ab\u00a0\u00c7a a \u00e9t\u00e9 \u00e9pouvantable, une erreur de tous les points de vue\u00a0\u00bb, a-t-il d\u00e9clar\u00e9 \u00e0 la t\u00e9l\u00e9vision catalane.<\/p>\n<p>M. Rajoy, qui n&rsquo;avait pas r\u00e9agi mercredi matin au discours du roi, pourrait invoquer l&rsquo;article 155 de la Constitution, jamais encore utilis\u00e9, qui permet de prendre le contr\u00f4le des institutions d&rsquo;une r\u00e9gion qui \u00ab\u00a0porte gravement atteinte \u00e0 l&rsquo;int\u00e9r\u00eat g\u00e9n\u00e9ral de l&rsquo;Etat\u00a0\u00bb.<\/p>\n<p>Carles Puigdemont a demand\u00e9 sans succ\u00e8s une m\u00e9diation de l&rsquo;Union europ\u00e9enne dans son conflit avec Madrid mais le Parlement europ\u00e9en devait d\u00e9battre en urgence de cette crise mercredi.<\/p>\n<p>Jusqu&rsquo;\u00e0 pr\u00e9sent, son \u00e9quipe et lui ont r\u00e9ussi \u00e0 r\u00e9sister \u00e0 toutes les pressions du gouvernement de Madrid, ignorant les d\u00e9cisions de justice et pr\u00e9parant en secret le r\u00e9f\u00e9rendum que celui-ci avait jur\u00e9 d&#8217;emp\u00eacher.<\/p>\n<p>Les images des interventions brutales de policiers casqu\u00e9s pour fermer des bureaux de vote, faisant 92 bless\u00e9s, ont fait le tour de la plan\u00e8te et indign\u00e9 les Catalans de tous bords.<\/p>\n<p>La Catalogne est profond\u00e9ment divis\u00e9e et le dernier sondage des autorit\u00e9s catalanes, publi\u00e9 en juillet, montrait que les adversaires de l&rsquo;ind\u00e9pendance restaient plus nombreux que ses partisans (49,4% contre 41,1%).<\/p>\n<p>Le roi ne comprend rien<\/p>\n<p>Mais les violences polici\u00e8res ont fait bouger l&rsquo;opinion. Le discours du roi aussi a \u00e9t\u00e9 mal re\u00e7u en Catalogne.<\/p>\n<p>\u00ab\u00a0C&rsquo;est une honte, a r\u00e9agi Domingo Gutierrez, un camionneur de 61 ans. S&rsquo;il \u00e9tait ici, il saurait ce que pense la soci\u00e9t\u00e9 catalane\u00a0\u00bb.<\/p>\n<p>Marta Domenech, ind\u00e9pendantiste de 28 ans, s&rsquo;\u00e9tait arr\u00eat\u00e9e en pleine rue pour \u00e9couter le souverain parler. \u00ab\u00a0Ca ou rien, c&rsquo;est pareil. Il ne comprend rien\u00a0\u00bb, a-t-elle l\u00e2ch\u00e9.<\/p>\n<p>L&rsquo;allocution de Felipe VI est venue ponctuer une journ\u00e9e de gr\u00e8ve g\u00e9n\u00e9rale et de manifestations en Catalogne contre les violences polici\u00e8res de dimanche.<\/p>\n<p>\u00ab\u00a0Dehors les forces d&rsquo;occupation!\u00a0\u00bb, \u00ab\u00a0Les rues seront toujours \u00e0 nous!\u00a0\u00bb: criaient les manifestants en faisant des doigts d&rsquo;honneur au passage des h\u00e9licopt\u00e8res de police. (AFP)<\/p>\n","protected":false},"excerpt":{"rendered":"<p>La justice espagnole a lanc\u00e9 mercredi des poursuites contre le chef de la police catalane et des responsables ind\u00e9pendantistes au lendemain d&rsquo;un discours cinglant du roi contre les dirigeants de la Catalogne qui se disent pr\u00eats \u00e0 d\u00e9clarer l&rsquo;ind\u00e9pendance de la r\u00e9gion. Depuis le r\u00e9f\u00e9rendum d&rsquo;autod\u00e9termination interdit de dimanche, marqu\u00e9 par des violences polici\u00e8res, Madrid [&hellip;]<\/p>\n","protected":false},"author":1,"featured_media":3977,"comment_status":"open","ping_status":"closed","sticky":false,"template":"","format":"standard","meta":{"footnotes":""},"categories":[1372],"tags":[345,407,712,720],"class_list":["post-2896","post","type-post","status-publish","format-standard","has-post-thumbnail","hentry","category-monde","tag-catalogne","tag-espagne","tag-gouvernement-catalan","tag-independantistes"],"aioseo_notices":[],"_links":{"self":[{"href":"https:\/\/www.culturalusa.com\/news\/wp-json\/wp\/v2\/posts\/2896","targetHints":{"allow":["GET"]}}],"collection":[{"href":"https:\/\/www.culturalusa.com\/news\/wp-json\/wp\/v2\/posts"}],"about":[{"href":"https:\/\/www.culturalusa.com\/news\/wp-json\/wp\/v2\/types\/post"}],"author":[{"embeddable":true,"href":"https:\/\/www.culturalusa.com\/news\/wp-json\/wp\/v2\/users\/1"}],"replies":[{"embeddable":true,"href":"https:\/\/www.culturalusa.com\/news\/wp-json\/wp\/v2\/comments?post=2896"}],"version-history":[{"count":0,"href":"https:\/\/www.culturalusa.com\/news\/wp-json\/wp\/v2\/posts\/2896\/revisions"}],"wp:featuredmedia":[{"embeddable":true,"href":"https:\/\/www.culturalusa.com\/news\/wp-json\/wp\/v2\/media\/3977"}],"wp:attachment":[{"href":"https:\/\/www.culturalusa.com\/news\/wp-json\/wp\/v2\/media?parent=2896"}],"wp:term":[{"taxonomy":"category","embeddable":true,"href":"https:\/\/www.culturalusa.com\/news\/wp-json\/wp\/v2\/categories?post=2896"},{"taxonomy":"post_tag","embeddable":true,"href":"https:\/\/www.culturalusa.com\/news\/wp-json\/wp\/v2\/tags?post=2896"}],"curies":[{"name":"wp","href":"https:\/\/api.w.org\/{rel}","templated":true}]}}