{"id":2930,"date":"2017-10-19T01:01:28","date_gmt":"2017-10-18T23:01:28","guid":{"rendered":"http:\/\/www.culturalusa.com\/news\/?p=2930"},"modified":"2025-10-28T15:57:27","modified_gmt":"2025-10-28T14:57:27","slug":"region-martyre-des-incendies-la-foret-au-coeur-du-portugal","status":"publish","type":"post","link":"https:\/\/www.culturalusa.com\/news\/actualite\/region-martyre-des-incendies-la-foret-au-coeur-du-portugal\/","title":{"rendered":"R\u00e9gion martyre des incendies, la for\u00eat au coeur du Portugal"},"content":{"rendered":"<h2>Ravag\u00e9es par les incendies \u00e0 deux reprises en quatre mois, les for\u00eats au centre du Portugal se vident lentement de leurs habitants, devenant une proie facile pour les flammes, qui y ont tu\u00e9 plus de cent personnes.<\/h2>\n<blockquote><p>Ces collines de l&rsquo;arri\u00e8re-pays, au confluent des districts de Coimbra, Viseu, Guarda et Castelo Branco, ont \u00e9t\u00e9 frapp\u00e9es par les feux de for\u00eat les plus meurtriers de l&rsquo;histoire du Portugal, avec <strong>64 morts en juin et 42 nouveaux d\u00e9c\u00e8s depuis dimanche<\/strong>.<\/p><\/blockquote>\n<p>Depuis janvier, quelque <strong>280.000 hectares sont partis en fum\u00e9e<\/strong> dans cette r\u00e9gion du \u00ab\u00a0Pinhal interior\u00a0\u00bb (Pin\u00e8de int\u00e9rieure), soit environ <strong>80% de la surface br\u00fbl\u00e9e dans tout le pays<\/strong>, selon les estimations du Syst\u00e8me europ\u00e9en d&rsquo;information sur les feux de for\u00eat.<\/p>\n<p>\u00ab\u00a0C&rsquo;est une r\u00e9gion o\u00f9 l&rsquo;exode rural a \u00e9t\u00e9 particuli\u00e8rement intense. Ceux qui y vivent encore sont essentiellement des personnes \u00e2g\u00e9es, dispers\u00e9es dans de nombreux petits villages en pleine for\u00eat\u00a0\u00bb, explique \u00e0 l&rsquo;AFP le professeur Rui Amaro Alves, sp\u00e9cialiste de l&rsquo;am\u00e9nagement du territoire \u00e0 l&rsquo;Institut polytechnique de Castelo Branco.<\/p>\n<p>Les champs et les p\u00e2turages sont abandonn\u00e9s, les for\u00eats ne sont plus entretenues et les sous-bois facilitent la propagation du feu, surtout avec la s\u00e9cheresse s\u00e9v\u00e8re qu&rsquo;a connu le Portugal cette ann\u00e9e.<\/p>\n<p>Et, dit le professeur, l&rsquo;<strong>eucalyptus<\/strong> y est particuli\u00e8rement r\u00e9pandu, alors qu&rsquo;il flambe comme une torche.<\/p>\n<h3><strong>Propri\u00e9t\u00e9s morcel\u00e9es<\/strong><\/h3>\n<p>Les populations appauvries le plantent pour le vendre \u00e0 l&rsquo;industrie du papier. \u00ab\u00a0C&rsquo;est un arbre assez rentable qui ne demande aucun entretien et pousse tr\u00e8s vite\u00a0\u00bb, pr\u00e9cise un haut-fonctionnaire \u00e0 l&rsquo;AFP sous couvert d&rsquo;anonymat.<\/p>\n<p>\u00ab\u00a0Pour des gens qui vivent d&rsquo;une agriculture de subsistance, ce revenu est essentiel\u00a0\u00bb, souligne ce fonctionnaire, qui a particip\u00e9 au recensement des d\u00e9g\u00e2ts provoqu\u00e9s par l&rsquo;incendie de juin \u00e0 Pedrogao Grande.<\/p>\n<p>Sur ce territoire o\u00f9 les propri\u00e9t\u00e9s sont extr\u00eamement morcel\u00e9es, la for\u00eat arrive jusqu&rsquo;aux portes des villages et au bord des routes, qui ne fonctionnent plus comme coupe-feu.<\/p>\n<p>\u00ab\u00a0Cela fait longtemps que nous essayons d\u2019am\u00e9nager la for\u00eat pour \u00e9viter les incendies, dit Carlos Fonseca, un biologiste de 42 ans, qui poss\u00e8de de nombreux terrains dans la commune de Penacova.<\/p>\n<p>\u00ab\u00a0Les zones o\u00f9 les arbousiers ont remplac\u00e9 les eucalyptus et les pins ont mieux r\u00e9sist\u00e9 au feu, cet am\u00e9nagement, il faudrait le faire \u00e0 plus grande \u00e9chelle, poursuit-il. Le probl\u00e8me, c\u2019est que pratiquement toute la for\u00eat est priv\u00e9e, il y a toujours quelqu&rsquo;un qui ne veut pas vendre sa parcelle et qui bloque tout le processus\u00a0\u00bb.<\/p>\n<p>En fait, comme il n&rsquo;y a pas de cadastre des propri\u00e9t\u00e9s rurales au nord de Lisbonne, les pouvoirs publics \u00ab\u00a0n&rsquo;arrivent m\u00eame pas \u00e0 identifier le propri\u00e9taire de chaque parcelle\u00a0\u00bb pour faire appliquer les r\u00e8gles de pr\u00e9vention des incendies, rel\u00e8ve M. Amaro Alves.<\/p>\n<h3><strong>Combat de proximit\u00e9<\/strong><\/h3>\n<p>Une r\u00e9forme de l&rsquo;am\u00e9nagement des for\u00eats lanc\u00e9e par le gouvernement en juillet pr\u00e9voit une r\u00e9duction progressive de la surface occup\u00e9e par des eucalyptus, et la cr\u00e9ation d&rsquo;un \u00ab\u00a0cadastre simplifi\u00e9\u00a0\u00bb.<\/p>\n<p>Ce sp\u00e9cialiste se montre toutefois pessimiste : \u00ab\u00a0ce n&rsquo;est pas simple \u00e0 mettre en oeuvre car les gens associent l&rsquo;id\u00e9e d&rsquo;un cadastre \u00e0 la collecte d&rsquo;imp\u00f4ts&#8230; C&rsquo;est d\u00e9j\u00e0 la troisi\u00e8me tentative depuis 1995\u00a0\u00bb, note-t-il.<\/p>\n<p>Une fois que la for\u00eat s&#8217;embrase, les villages d\u00e9peupl\u00e9s ne peuvent plus lutter par leurs propres forces. \u00ab\u00a0Jusqu&rsquo;aux ann\u00e9es 1980, les populations locales \u00e9taient capables de se d\u00e9fendre des incendies, en livrant un combat de proximit\u00e9\u00a0\u00bb, explique M. Amaro Alves.<\/p>\n<p>\u00ab\u00a0Nous n&rsquo;avons jamais eu autant de moyens qu&rsquo;aujourd&rsquo;hui, mais les pompiers doivent venir de loin pour arriver sur un terrain qu&rsquo;en plus ils ne connaissent pas\u00a0\u00bb, poursuit-il.<\/p>\n<p>\u00ab\u00a0Le probl\u00e8me le plus grave, confirme le haut-fonctionnaire interrog\u00e9 par l&rsquo;AFP, c&rsquo;est que le syst\u00e8me de protection civile est incapable d&rsquo;attaquer les incendies d\u00e8s qu&rsquo;ils se d\u00e9clarent\u00a0\u00bb.<\/p>\n<p>Une commission ind\u00e9pendante charg\u00e9 d&rsquo;\u00e9tudier les causes des incendies de juin a d\u00e9nonc\u00e9 des nominations sans rapport avec les comp\u00e9tences au sein de ce dispositif, plac\u00e9e sous la tutelle du minist\u00e8re de l&rsquo;Int\u00e9rieur.<\/p>\n<p>Sous un torrent de critiques, la ministre de l&rsquo;Int\u00e9rieur, Constan\u00e7a Urbano de Sousa, a d\u00e9missionn\u00e9 mercredi.<\/p>\n","protected":false},"excerpt":{"rendered":"<p>Ravag\u00e9es par les incendies \u00e0 deux reprises en quatre mois, les for\u00eats au centre du Portugal se vident lentement de leurs habitants, devenant une proie facile pour les flammes, qui y ont tu\u00e9 plus de cent personnes. Ces collines de l&rsquo;arri\u00e8re-pays, au confluent des districts de Coimbra, Viseu, Guarda et Castelo Branco, ont \u00e9t\u00e9 frapp\u00e9es [&hellip;]<\/p>\n","protected":false},"author":1,"featured_media":2771,"comment_status":"open","ping_status":"closed","sticky":false,"template":"","format":"standard","meta":{"footnotes":""},"categories":[30],"tags":[728,727,726,326],"class_list":["post-2930","post","type-post","status-publish","format-standard","has-post-thumbnail","hentry","category-actualite","tag-eucalyptus","tag-feux-de-foret","tag-forets-centre-du-portugal","tag-incendies"],"aioseo_notices":[],"_links":{"self":[{"href":"https:\/\/www.culturalusa.com\/news\/wp-json\/wp\/v2\/posts\/2930","targetHints":{"allow":["GET"]}}],"collection":[{"href":"https:\/\/www.culturalusa.com\/news\/wp-json\/wp\/v2\/posts"}],"about":[{"href":"https:\/\/www.culturalusa.com\/news\/wp-json\/wp\/v2\/types\/post"}],"author":[{"embeddable":true,"href":"https:\/\/www.culturalusa.com\/news\/wp-json\/wp\/v2\/users\/1"}],"replies":[{"embeddable":true,"href":"https:\/\/www.culturalusa.com\/news\/wp-json\/wp\/v2\/comments?post=2930"}],"version-history":[{"count":2,"href":"https:\/\/www.culturalusa.com\/news\/wp-json\/wp\/v2\/posts\/2930\/revisions"}],"predecessor-version":[{"id":13869,"href":"https:\/\/www.culturalusa.com\/news\/wp-json\/wp\/v2\/posts\/2930\/revisions\/13869"}],"wp:featuredmedia":[{"embeddable":true,"href":"https:\/\/www.culturalusa.com\/news\/wp-json\/wp\/v2\/media\/2771"}],"wp:attachment":[{"href":"https:\/\/www.culturalusa.com\/news\/wp-json\/wp\/v2\/media?parent=2930"}],"wp:term":[{"taxonomy":"category","embeddable":true,"href":"https:\/\/www.culturalusa.com\/news\/wp-json\/wp\/v2\/categories?post=2930"},{"taxonomy":"post_tag","embeddable":true,"href":"https:\/\/www.culturalusa.com\/news\/wp-json\/wp\/v2\/tags?post=2930"}],"curies":[{"name":"wp","href":"https:\/\/api.w.org\/{rel}","templated":true}]}}