{"id":2967,"date":"2017-10-27T18:30:27","date_gmt":"2017-10-27T16:30:27","guid":{"rendered":"http:\/\/www.culturalusa.com\/news\/?p=2967"},"modified":"2025-07-07T19:31:03","modified_gmt":"2025-07-07T17:31:03","slug":"le-parlement-de-catalogne-proclame-lindependance","status":"publish","type":"post","link":"https:\/\/www.culturalusa.com\/news\/economie\/le-parlement-de-catalogne-proclame-lindependance\/","title":{"rendered":"Le parlement de Catalogne proclame l&rsquo;ind\u00e9pendance"},"content":{"rendered":"<h2>Des milliers d&rsquo;ind\u00e9pendantistes mass\u00e9s \u00e0 l&rsquo;ext\u00e9rieur du parc abritant le parlement catalan \u00e0 Barcelone ont salu\u00e9 par des clameurs de joie l&rsquo;annonce de la proclamation d&rsquo;une R\u00e9publique catalane, vendredi en d\u00e9but d&rsquo;apr\u00e8s-midi, a constat\u00e9 l&rsquo;AFP.<\/h2>\n<blockquote><p>La police municipale de Barcelone a indiqu\u00e9 que le nombre de manifestants \u00e9taient de \u00ab\u00a015.000 au plus fort de la mobilisation devant le parlement\u00a0\u00bb.<\/p><\/blockquote>\n<p>La s\u00e9ance parlementaire \u00e9tait retransmise en directe sur des \u00e9crans g\u00e9ants sur deux art\u00e8res emplies de manifestants \u00e0 l&rsquo;ext\u00e9rieur du parc de la Ciutadella, dans le centre de la deuxi\u00e8me ville d&rsquo;Espagne.<\/p>\n<p>Des hourras, des applaudissements et le cri \u00ab\u00a0ind\u00e9pendance\u00a0\u00bb en catalan se sont \u00e9lev\u00e9s de la foule des \u00e9lecteurs ind\u00e9pendantistes &#8211; de l&rsquo;extr\u00eame gauche au centre-droit &#8211; au moment o\u00f9 \u00e9tait annonc\u00e9 le r\u00e9sultat du vote proclamant la Catalogne \u00ab\u00a0Etat ind\u00e9pendant prenant la forme d&rsquo;une R\u00e9publique\u00a0\u00bb.<\/p>\n<p>Elle a \u00e9t\u00e9 approuv\u00e9e par 70 d\u00e9put\u00e9s sur 135, au gran dam des \u00e9lus d&rsquo;opposition qui avaient majoritairement quitt\u00e9 l&rsquo;h\u00e9micycle et boycott\u00e9 le scrutin.<\/p>\n<p>Sablant le \u00ab\u00a0cava\u00a0\u00bb (mousseux) catalan et s&rsquo;\u00e9treignant, les manifestants ont entonn\u00e9 tous ensemble, avec une grande ferveur, l&rsquo;hymne de la Catalogne, la plupart le poing lev\u00e9.<\/p>\n<p>\u00ab\u00a0Ca nous a tellement co\u00fbt\u00e9 d&rsquo;arriver \u00e0 ce moment\u00a0\u00bb, a t\u00e9moign\u00e9 Judith Rodriguez, travailleuse sociale de 38 ans, les larmes aux yeux. \u00ab\u00a0Je suis tr\u00e8s \u00e9mue d&rsquo;aller enfin de l&rsquo;avant, de pouvoir construire une R\u00e9publique, un pays nouveau, \u00e0 partir de z\u00e9ro\u00a0\u00bb.<\/p>\n<p>Elle assurait ne pas craindre l&rsquo;application de l&rsquo;article 155 devant permettre au gouvernement de Mariano Rajoy de prendre le contr\u00f4le de la r\u00e9gion.<\/p>\n<p>A Madrid, le S\u00e9nat espagnol a vot\u00e9 \u00e0 16h10 (14h10 GMT) pour permettre \u00e0 Madrid de suspendre l&rsquo;autonomie de la Catalogne. Le gouvernement central veut destituer l&rsquo;ex\u00e9cutif r\u00e9gional, contr\u00f4ler la police et mettre sous tutelle le parlement r\u00e9gional.<\/p>\n<p>Le conjoint de Judith Rodriguez, Jose Ligero, gestionnaire immobilier de 43 ans, se disait conscient de l&rsquo;incompr\u00e9hension de la communaut\u00e9 internationale: \u00ab\u00a0Je comprends que nous sommes all\u00e9s sur un chemin qui n&rsquo;est pas bien vu dans d&rsquo;autres parties du monde, mais nous n&rsquo;avons pas eu le choix, \u00e7a n&rsquo;a pas \u00e9t\u00e9 port\u00e9 par les politiques mais par la rue\u00a0\u00bb, a-t-il assur\u00e9.<\/p>\n<p>Les grandes associations ind\u00e9pendantistes ANC et Omnium Cultural, dont les dirigeants avaient \u00e9t\u00e9 plac\u00e9s en d\u00e9tention pour \u00ab\u00a0s\u00e9dition\u00a0\u00bb \u00e0 la mi-octobre, avaient lanc\u00e9 des appels \u00e0 manifester devant le parlement catalan. (AFP)<\/p>\n","protected":false},"excerpt":{"rendered":"<p>Des milliers d&rsquo;ind\u00e9pendantistes mass\u00e9s \u00e0 l&rsquo;ext\u00e9rieur du parc abritant le parlement catalan \u00e0 Barcelone ont salu\u00e9 par des clameurs de joie l&rsquo;annonce de la proclamation d&rsquo;une R\u00e9publique catalane, vendredi en d\u00e9but d&rsquo;apr\u00e8s-midi, a constat\u00e9 l&rsquo;AFP. La police municipale de Barcelone a indiqu\u00e9 que le nombre de manifestants \u00e9taient de \u00ab\u00a015.000 au plus fort de la [&hellip;]<\/p>\n","protected":false},"author":1,"featured_media":3977,"comment_status":"open","ping_status":"closed","sticky":false,"template":"","format":"standard","meta":{"footnotes":""},"categories":[1],"tags":[345,736,3357],"class_list":["post-2967","post","type-post","status-publish","format-standard","has-post-thumbnail","hentry","category-economie","tag-catalogne","tag-independance","tag-parlement-de-catalogne"],"aioseo_notices":[],"_links":{"self":[{"href":"https:\/\/www.culturalusa.com\/news\/wp-json\/wp\/v2\/posts\/2967","targetHints":{"allow":["GET"]}}],"collection":[{"href":"https:\/\/www.culturalusa.com\/news\/wp-json\/wp\/v2\/posts"}],"about":[{"href":"https:\/\/www.culturalusa.com\/news\/wp-json\/wp\/v2\/types\/post"}],"author":[{"embeddable":true,"href":"https:\/\/www.culturalusa.com\/news\/wp-json\/wp\/v2\/users\/1"}],"replies":[{"embeddable":true,"href":"https:\/\/www.culturalusa.com\/news\/wp-json\/wp\/v2\/comments?post=2967"}],"version-history":[{"count":2,"href":"https:\/\/www.culturalusa.com\/news\/wp-json\/wp\/v2\/posts\/2967\/revisions"}],"predecessor-version":[{"id":13543,"href":"https:\/\/www.culturalusa.com\/news\/wp-json\/wp\/v2\/posts\/2967\/revisions\/13543"}],"wp:featuredmedia":[{"embeddable":true,"href":"https:\/\/www.culturalusa.com\/news\/wp-json\/wp\/v2\/media\/3977"}],"wp:attachment":[{"href":"https:\/\/www.culturalusa.com\/news\/wp-json\/wp\/v2\/media?parent=2967"}],"wp:term":[{"taxonomy":"category","embeddable":true,"href":"https:\/\/www.culturalusa.com\/news\/wp-json\/wp\/v2\/categories?post=2967"},{"taxonomy":"post_tag","embeddable":true,"href":"https:\/\/www.culturalusa.com\/news\/wp-json\/wp\/v2\/tags?post=2967"}],"curies":[{"name":"wp","href":"https:\/\/api.w.org\/{rel}","templated":true}]}}