{"id":2969,"date":"2017-10-26T18:39:41","date_gmt":"2017-10-26T16:39:41","guid":{"rendered":"http:\/\/www.culturalusa.com\/news\/?p=2969"},"modified":"2020-11-04T14:39:18","modified_gmt":"2020-11-04T13:39:18","slug":"le-gouvernement-portugais-survit-a-une-motion-de-censure","status":"publish","type":"post","link":"https:\/\/www.culturalusa.com\/news\/portugal\/le-gouvernement-portugais-survit-a-une-motion-de-censure\/","title":{"rendered":"Le gouvernement portugais survit \u00e0 une motion de censure"},"content":{"rendered":"<p>Les socialistes au pouvoir et leurs alli\u00e9s de la gauche radicale ont, comme pr\u00e9vu, rejet\u00e9 la motion soutenue par l&rsquo;ensemble de l&rsquo;opposition de droite.<\/p>\n<p><strong>Le texte d\u00e9pos\u00e9 par le parti minoritaire de droite CDS-PP, qui entendait \u00abdonner voix \u00e0 l&rsquo;indignation de nombreux Portugais qui ont perdu confiance dans le gouvernement\u00bb, a recueilli 122 voix d\u00e9favorables contre 105 voix favorables<\/strong>.<\/p>\n<p><strong>Frapp\u00e9 \u00e0 la mi-juin par le feu de for\u00eat le plus meurtrier de son histoire<\/strong>, qui a tu\u00e9 64 personnes pr\u00e8s de <strong>Pedrogao Grande<\/strong> (centre), le Portugal a \u00e9t\u00e9 ravag\u00e9 \u00e0 partir du 15 octobre par une nouvelle s\u00e9rie d&rsquo;incendies dont le bilan s&rsquo;est alourdi mardi \u00e0 45 morts, selon un nouveau bilan fourni par la protection civile.<\/p>\n<p>\u00abRien ne peut rester comme avant\u00bb, a reconnu le Premier ministre Antonio Costa, confront\u00e9 \u00e0 sa premi\u00e8re motion de d\u00e9fiance depuis son arriv\u00e9e au pouvoir en novembre 2015.<\/p>\n<p>Des t\u00eates roulent<\/p>\n<p>Mercredi, le chef du gouvernement socialiste avait d\u00fb se r\u00e9soudre \u00e0 remplacer Constan\u00e7a Urbano de Sous, sa ministre de l&rsquo;Int\u00e9rieur, un poste qu&rsquo;il avait lui m\u00eame d\u00e9j\u00e0 occup\u00e9 entre 2005 et 2007.<\/p>\n<p>Des milliers de Portugais ont tout de m\u00eame manifest\u00e9 samedi dans plusieurs villes du pays pour rendre hommage aux victimes et r\u00e9clamer des mesures pour \u00e9viter de nouveaux drames.<\/p>\n<p>A l&rsquo;issue d&rsquo;un conseil des ministres extraordinaire tenu le m\u00eame jour, M. Costa a annonc\u00e9 une enveloppe de 400 millions d&rsquo;euros pour venir en aide aux r\u00e9gions sinistr\u00e9es, ainsi que pour refondre le dispositif de lutte contre les feux de for\u00eat.<\/p>\n<p><strong>Nouveau record historique<\/strong><\/p>\n<p>Les mesures adopt\u00e9es pr\u00e9voient notamment d&rsquo;enfouir les lignes de communication pour qu&rsquo;elles ne soient pas coup\u00e9es en cas d&rsquo;incendie, de renforcer la professionnalisation des pompiers qui sont actuellement en majorit\u00e9 des volontaires, et d&rsquo;assurer une meilleure coordination entre les pompiers et l&rsquo;arm\u00e9e dans la gestion des moyens a\u00e9riens.<\/p>\n<p>Depuis le d\u00e9but de l&rsquo;ann\u00e9e, pr\u00e8s de 550&rsquo;000 hectares de v\u00e9g\u00e9tation sont partis en fum\u00e9e au Portugal, selon les estimations du Syst\u00e8me europ\u00e9en d&rsquo;information sur les feux de for\u00eat (EFFIS).<\/p>\n<p>Il s&rsquo;agit donc d&rsquo;un nouveau record historique d\u00e9passant celui de 2003, quand 426&rsquo;000 hectares avaient \u00e9t\u00e9 br\u00fbl\u00e9s, d&rsquo;apr\u00e8s les donn\u00e9es de l&rsquo;Institut de conservation de la nature et des for\u00eats (ICNF). (AFP)<\/p>\n","protected":false},"excerpt":{"rendered":"<p>Les socialistes au pouvoir et leurs alli\u00e9s de la gauche radicale ont, comme pr\u00e9vu, rejet\u00e9 la motion soutenue par l&rsquo;ensemble de l&rsquo;opposition de droite. Le texte d\u00e9pos\u00e9 par le parti minoritaire de droite CDS-PP, qui entendait \u00abdonner voix \u00e0 l&rsquo;indignation de nombreux Portugais qui ont perdu confiance dans le gouvernement\u00bb, a recueilli 122 voix d\u00e9favorables [&hellip;]<\/p>\n","protected":false},"author":1,"featured_media":2922,"comment_status":"open","ping_status":"closed","sticky":false,"template":"","format":"standard","meta":{"footnotes":""},"categories":[3],"tags":[99,325,737],"class_list":["post-2969","post","type-post","status-publish","format-standard","has-post-thumbnail","hentry","category-portugal","tag-gouvernement-portugais","tag-incendies-au-portugal","tag-motion-de-defiance"],"aioseo_notices":[],"_links":{"self":[{"href":"https:\/\/www.culturalusa.com\/news\/wp-json\/wp\/v2\/posts\/2969","targetHints":{"allow":["GET"]}}],"collection":[{"href":"https:\/\/www.culturalusa.com\/news\/wp-json\/wp\/v2\/posts"}],"about":[{"href":"https:\/\/www.culturalusa.com\/news\/wp-json\/wp\/v2\/types\/post"}],"author":[{"embeddable":true,"href":"https:\/\/www.culturalusa.com\/news\/wp-json\/wp\/v2\/users\/1"}],"replies":[{"embeddable":true,"href":"https:\/\/www.culturalusa.com\/news\/wp-json\/wp\/v2\/comments?post=2969"}],"version-history":[{"count":0,"href":"https:\/\/www.culturalusa.com\/news\/wp-json\/wp\/v2\/posts\/2969\/revisions"}],"wp:featuredmedia":[{"embeddable":true,"href":"https:\/\/www.culturalusa.com\/news\/wp-json\/wp\/v2\/media\/2922"}],"wp:attachment":[{"href":"https:\/\/www.culturalusa.com\/news\/wp-json\/wp\/v2\/media?parent=2969"}],"wp:term":[{"taxonomy":"category","embeddable":true,"href":"https:\/\/www.culturalusa.com\/news\/wp-json\/wp\/v2\/categories?post=2969"},{"taxonomy":"post_tag","embeddable":true,"href":"https:\/\/www.culturalusa.com\/news\/wp-json\/wp\/v2\/tags?post=2969"}],"curies":[{"name":"wp","href":"https:\/\/api.w.org\/{rel}","templated":true}]}}