{"id":3030,"date":"2017-11-22T12:46:32","date_gmt":"2017-11-22T11:46:32","guid":{"rendered":"http:\/\/www.culturalusa.com\/news\/?p=3030"},"modified":"2020-12-17T19:34:39","modified_gmt":"2020-12-17T18:34:39","slug":"budgets-la-commission-europeenne-epingle-six-pays-dont-la-france-et-le-portugal","status":"publish","type":"post","link":"https:\/\/www.culturalusa.com\/news\/economie\/budgets-la-commission-europeenne-epingle-six-pays-dont-la-france-et-le-portugal\/","title":{"rendered":"Budgets: La Commission europ\u00e9enne \u00e9pingle six pays dont la France et le Portugal"},"content":{"rendered":"<p>Bruxelles (Commission europ\u00e9enne) a \u00e9pingl\u00e9 mercredi six pays, estimant que leurs pr\u00e9visions budg\u00e9taires pour 2018 pr\u00e9sentaient \u00ab\u00a0un risque de non-conformit\u00e9\u00a0\u00bb avec les r\u00e8gles europ\u00e9ennes.<\/p>\n<p>Selon Bruxelles, les budgets pr\u00e9sent\u00e9s par ces pays : <strong>France, Italie, Belgique, Portugal, Autriche et Slov\u00e9nie<\/strong>, sont susceptibles de s&rsquo;\u00e9loigner des objectifs qui leur avaient \u00e9t\u00e9 fix\u00e9s.<\/p>\n<p>La Commission remarque concernant la France \u00ab\u00a0un \u00e9cart important\u00a0\u00bb entre le budget qui lui a \u00e9t\u00e9 pr\u00e9sent\u00e9 et \u00ab\u00a0la trajectoire d&rsquo;ajustement requise\u00a0\u00bb pour atteindre son objectif d&rsquo;assainissement des finances publiques.<\/p>\n<p>Elle souligne \u00e9galement que le niveau de la dette fran\u00e7aise &#8211;96,9% du PIB en 2018&#8211; d\u00e9passe de loin le seuil des 60,0% pr\u00e9vu dans les trait\u00e9s.<\/p>\n<p>En raison de ses largesses budg\u00e9taires, la France reste avec l&rsquo;Espagne le seul pays de la zone euro encore sous le coup d&rsquo;une \u00ab\u00a0proc\u00e9dure de d\u00e9ficit excessif\u00a0\u00bb, qui peut aboutir \u00e0 des sanctions et des amendes &#8211;m\u00eame si cela ne s&rsquo;est encore jamais produit.<\/p>\n<p>Pour en sortir, elle doit pr\u00e9senter deux ann\u00e9es de suite \u00e0 Bruxelles un d\u00e9ficit public inf\u00e9rieur \u00e0 3,0% du Produit int\u00e9rieur brut (PIB), ce qui est le cas pour l&rsquo;instant, puisque la Commission anticipe un d\u00e9ficit \u00e0 2,9% \u00e0 la fois en 2017 et en 2018 &#8211;m\u00eame si un \u00ab\u00a0risque\u00a0\u00bb demeure sur ces chiffres.<\/p>\n<p>Dans son analyse de mercredi, Bruxelles anticipe que la France sortira de cette proc\u00e9dure au printemps, ce qui la contraint d\u00e8s lors \u00e0 respecter des objectifs bien plus pouss\u00e9s en 2018 que cette seule r\u00e8gle des 3,0% de d\u00e9ficit.<\/p>\n<p>Il lui est en effet demand\u00e9 de r\u00e9duire son d\u00e9ficit structurel, c&rsquo;est-\u00e0-dire le d\u00e9ficit calcul\u00e9 sans les effets de la conjoncture \u00e9conomique, \u00e0 hauteur de 0,1% de PIB. Or, selon les calculs de Bruxelles, ce d\u00e9ficit structurel va s&rsquo;accro\u00eetre.<\/p>\n<p>Bruxelles s&rsquo;est \u00e9galement dite \u00ab\u00a0pr\u00e9occup\u00e9e\u00a0\u00bb par la dette publique \u00e9lev\u00e9e de l&rsquo;Italie, qui va atteindre 130,8% du PIB en 2018, un chiffre d&rsquo;autant plus inqui\u00e9tant que Rome devrait enregistrer la croissance la plus faible de la zone euro.<\/p>\n<p>Seuls six pays parmi les 19 ayant adopt\u00e9 la monnaie unique sont en conformit\u00e9 totale avec les r\u00e8gles europ\u00e9ennes: l&rsquo;Allemagne, la Lituanie, la Lettonie, le Luxembourg, la Finlande et les Pays-Bas.<\/p>\n<p>Pour les autres &#8211;Estonie, Irlande, Chypre, Malte, Slovaquie et Espagne&#8211; les projets de budget sont jug\u00e9s \u00ab\u00a0globalement conformes\u00a0\u00bb.<\/p>\n<p>La Gr\u00e8ce, toujours sous le coup d&rsquo;un plan d&rsquo;aide \u00e0 cause de sa dette, n&rsquo;est pas concern\u00e9e par ces pr\u00e9visions budg\u00e9taires.<\/p>\n<p>\u00ab\u00a0La zone euro cro\u00eet \u00e0 son rythme le plus rapide depuis dix ans, et son d\u00e9ficit moyen devrait tomber sous les 1,0% du PIB l&rsquo;an prochain, alors qu&rsquo;il d\u00e9passait les 6,0% en 2010\u00a0\u00bb, a soulign\u00e9 le commissaire europ\u00e9en aux Affaires \u00e9conomiques Pierre Moscovici.<\/p>\n","protected":false},"excerpt":{"rendered":"<p>Bruxelles (Commission europ\u00e9enne) a \u00e9pingl\u00e9 mercredi six pays, estimant que leurs pr\u00e9visions budg\u00e9taires pour 2018 pr\u00e9sentaient \u00ab\u00a0un risque de non-conformit\u00e9\u00a0\u00bb avec les r\u00e8gles europ\u00e9ennes. Selon Bruxelles, les budgets pr\u00e9sent\u00e9s par ces pays : France, Italie, Belgique, Portugal, Autriche et Slov\u00e9nie, sont susceptibles de s&rsquo;\u00e9loigner des objectifs qui leur avaient \u00e9t\u00e9 fix\u00e9s. La Commission remarque concernant [&hellip;]<\/p>\n","protected":false},"author":1,"featured_media":3796,"comment_status":"open","ping_status":"closed","sticky":false,"template":"","format":"standard","meta":{"footnotes":""},"categories":[1],"tags":[180,751],"class_list":["post-3030","post","type-post","status-publish","format-standard","has-post-thumbnail","hentry","category-economie","tag-commission-europeenne","tag-previsions-budgetaires"],"aioseo_notices":[],"_links":{"self":[{"href":"https:\/\/www.culturalusa.com\/news\/wp-json\/wp\/v2\/posts\/3030","targetHints":{"allow":["GET"]}}],"collection":[{"href":"https:\/\/www.culturalusa.com\/news\/wp-json\/wp\/v2\/posts"}],"about":[{"href":"https:\/\/www.culturalusa.com\/news\/wp-json\/wp\/v2\/types\/post"}],"author":[{"embeddable":true,"href":"https:\/\/www.culturalusa.com\/news\/wp-json\/wp\/v2\/users\/1"}],"replies":[{"embeddable":true,"href":"https:\/\/www.culturalusa.com\/news\/wp-json\/wp\/v2\/comments?post=3030"}],"version-history":[{"count":0,"href":"https:\/\/www.culturalusa.com\/news\/wp-json\/wp\/v2\/posts\/3030\/revisions"}],"wp:featuredmedia":[{"embeddable":true,"href":"https:\/\/www.culturalusa.com\/news\/wp-json\/wp\/v2\/media\/3796"}],"wp:attachment":[{"href":"https:\/\/www.culturalusa.com\/news\/wp-json\/wp\/v2\/media?parent=3030"}],"wp:term":[{"taxonomy":"category","embeddable":true,"href":"https:\/\/www.culturalusa.com\/news\/wp-json\/wp\/v2\/categories?post=3030"},{"taxonomy":"post_tag","embeddable":true,"href":"https:\/\/www.culturalusa.com\/news\/wp-json\/wp\/v2\/tags?post=3030"}],"curies":[{"name":"wp","href":"https:\/\/api.w.org\/{rel}","templated":true}]}}