{"id":3087,"date":"2017-12-23T21:18:37","date_gmt":"2017-12-23T20:18:37","guid":{"rendered":"http:\/\/www.culturalusa.com\/news\/?p=3087"},"modified":"2017-12-23T21:18:37","modified_gmt":"2017-12-23T20:18:37","slug":"catalogne-puigdemont-envisage-de-rester-a-bruxelles","status":"publish","type":"post","link":"https:\/\/www.culturalusa.com\/news\/actualite\/catalogne-puigdemont-envisage-de-rester-a-bruxelles\/","title":{"rendered":"Catalogne : Puigdemont envisage de rester \u00e0 Bruxelles"},"content":{"rendered":"<p><img loading=\"lazy\" decoding=\"async\" src=\"http:\/\/www.culturalusa.com\/news\/wp-content\/uploads\/2017\/12\/puigdemont.jpg\" alt=\"\" width=\"470\" height=\"264\" class=\"aligncenter size-full wp-image-3088\" srcset=\"https:\/\/www.culturalusa.com\/news\/wp-content\/uploads\/2017\/12\/puigdemont.jpg 470w, https:\/\/www.culturalusa.com\/news\/wp-content\/uploads\/2017\/12\/puigdemont-275x154.jpg 275w\" sizes=\"auto, (max-width: 470px) 100vw, 470px\" \/>Le pr\u00e9sident catalan destitu\u00e9 Carles Puigdemont pesait samedi le pour et le contre de rester \u00e0 Bruxelles ou rentrer en Espagne au risque d&rsquo;\u00eatre arr\u00eat\u00e9, apr\u00e8s la victoire \u00e9lectorale de son camp ind\u00e9pendantiste qui veut former un gouvernement.<\/p>\n<p>A la question \u00ab\u00a0Puigdemont est-il dispos\u00e9 \u00e0 rentrer?\u00a0\u00bb, l&rsquo;un de ses avocats en Catalogne a r\u00e9pondu: \u00ab\u00a0En principe, oui, mais mon conseil c&rsquo;est d&rsquo;\u00e9valuer la situation car au moment o\u00f9 il reviendrait ici, il serait arr\u00eat\u00e9\u00a0\u00bb, deux mois apr\u00e8s la proclamation d&rsquo;une R\u00e9publique catalane rest\u00e9e sans effets.<\/p>\n<p>\u00ab\u00a0Il faut mesurer si cela vaut la peine, s&rsquo;il peut faire davantage dedans que dehors, il est \u00e9vident que s&rsquo;il vient et est emprisonn\u00e9, cela g\u00e9n\u00e8re (\u2026) un conflit politique tr\u00e8s important\u00a0\u00bb, a ajout\u00e9 Me Jaume Alonso-Cuevillas au micro de Catalunya radio.<\/p>\n<p>\u00ab\u00a0Nous \u00e9tudions tous les sc\u00e9narios\u00a0\u00bb, a simplement confirm\u00e9 la directrice de campagne du parti de M. Puigdemont, Elsa Artadi, interrog\u00e9e samedi \u00e0 Bruxelles par la radio catalane Rac1.<\/p>\n<p>M. Puigdemont a maintes fois affirm\u00e9 sa volont\u00e9 de r\u00e9tablir le gouvernement destitu\u00e9 par Madrid, ce qui appara\u00eet impossible dans la pratique, certains membres \u00e9tant en exil, d&rsquo;autres en prison.<\/p>\n<p>Mme Artadi a insist\u00e9 sur l&rsquo;id\u00e9e que la victoire des s\u00e9cessionnistes &#8211; avec 47,5% des voix mais une majorit\u00e9 absolue en si\u00e8ges &#8211; \u00e9tait celles de \u00ab\u00a0tous\u00a0\u00bb les partis ind\u00e9pendantistes qui allaient devoir parler pour la formation d&rsquo;un gouvernement \u00e0 Barcelone.<\/p>\n<p>Elle a aussi de nouveau souhait\u00e9 \u00ab\u00a0un dialogue avec le gouvernement espagnol\u00a0\u00bb de Mariano Rajoy.<\/p>\n<p>Ce dernier a d&rsquo;ores et d\u00e9j\u00e0 pr\u00e9venu que le prochain gouvernement catalan serait \u00ab\u00a0soumis \u00e0 l&#8217;empire de la loi\u00a0\u00bb.<\/p>\n<p>Une fa\u00e7on de sous-entendre qu&rsquo;il n&rsquo;h\u00e9siterait pas \u00e0 recourir \u00e0 nouveau \u00e0 l&rsquo;article 155 de la Constitution, utilis\u00e9 pour la premi\u00e8re fois le 27 octobre pour placer la r\u00e9gion sous tutelle, destituer le gouvernement catalan et dissoudre le parlement r\u00e9gional qui venait de proclamer l&rsquo;ind\u00e9pendance.<\/p>\n<p>Dans son bras de fer avec Madrid, M. Puigdemont cherche syst\u00e9matiquement \u00e0 se placer sur le m\u00eame plan que le chef du gouvernement espagnol et \u00e0 pousser l&rsquo;Europe \u00e0 s&rsquo;impliquer dans ce conflit politique, ce qu&rsquo;elle refuse de faire.<\/p>\n<p>M. Puigdemont avait propos\u00e9 vendredi \u00e0 M. Rajoy de le rencontrer \u00ab\u00a0\u00e0 Bruxelles ou dans n&rsquo;importe quel autre lieu de l&rsquo;Union europ\u00e9enne\u00a0\u00bb.<\/p>\n<p>Sans jamais prononcer son nom, le Premier ministre conservateur lui avait r\u00e9pondu indirectement: \u00ab\u00a0la personne avec laquelle je devrais m&rsquo;asseoir, c&rsquo;est celle qui a remport\u00e9 ces \u00e9lections, Mme (In\u00e8s) Arrimadas\u00a0\u00bb, t\u00eate de liste du parti Ciudadanos, qui a obtenu le plus de voix (25%) et de si\u00e8ges (37).<\/p>\n<p>\u00ab\u00a0Je devrai parler avec la personne qui exercera la pr\u00e9sidence du gouvernement r\u00e9gional, mais pour cela elle doit prendre ses fonctions\u00a0\u00bb, a \u00e9galement averti M. Rajoy.<\/p>\n<p><strong>Pas de majorit\u00e9 sociale<\/strong><\/p>\n<p>\u00ab\u00a0La premi\u00e8re force politique en Catalogne, c&rsquo;est Ciudadanos, une force constitutionnaliste\u00a0\u00bb, a soulign\u00e9 samedi In\u00e8s Arrimadas, forte de son 1,1 million de voix, dans un entretien publi\u00e9 par El Mundo. \u00ab\u00a0C&rsquo;est fondamental pour mettre en lumi\u00e8re le fait qu&rsquo;il n&rsquo;y a pas une majorit\u00e9 sociale en Catalogne en faveur de l&rsquo;ind\u00e9pendance\u00a0\u00bb, a-t-elle insist\u00e9.<\/p>\n<p>Elle ne dispose cependant pas d&rsquo;alli\u00e9s pour former une coalition de gouvernement: les socialistes n&rsquo;ont que 17 si\u00e8ges et le Parti populaire (PP, conservateur) de M. Rajoy s&rsquo;est effondr\u00e9, ne recueillant que 4% des voix dans la r\u00e9gion (3 si\u00e8ges).<\/p>\n<p>M. Rajoy devrait commencer \u00e0 parler \u00ab\u00a0avec les partis souverainistes, qui sont clairement vainqueurs de ces \u00e9lections\u00a0\u00bb, a fait valoir la directrice de campagne de M. Puigdemont.<\/p>\n<p>La situation \u00e9conomique dans la r\u00e9gion risque de p\u00e2tir de la poursuite de l&rsquo;incertitude politique, alors que plus de 3.100 entreprises ont d\u00e9m\u00e9nag\u00e9 leurs si\u00e8ges sociaux ailleurs et que le tourisme et les investissements faiblissent.<\/p>\n<p>Pour l&rsquo;\u00e9conomiste Jos\u00e9 Carlos Diez, \u00ab\u00a0des emplois ont d\u00e9j\u00e0 \u00e9t\u00e9 d\u00e9truits et d&rsquo;autres vont l&rsquo;\u00eatre au d\u00e9but de 2018, dans le tourisme, les services et l&rsquo;industrie\u00a0\u00bb. (AFP)<\/p>\n","protected":false},"excerpt":{"rendered":"<p>Le pr\u00e9sident catalan destitu\u00e9 Carles Puigdemont pesait samedi le pour et le contre de rester \u00e0 Bruxelles ou rentrer en Espagne au risque d&rsquo;\u00eatre arr\u00eat\u00e9, apr\u00e8s la victoire \u00e9lectorale de son camp ind\u00e9pendantiste qui veut former un gouvernement. A la question \u00ab\u00a0Puigdemont est-il dispos\u00e9 \u00e0 rentrer?\u00a0\u00bb, l&rsquo;un de ses avocats en Catalogne a r\u00e9pondu: \u00ab\u00a0En [&hellip;]<\/p>\n","protected":false},"author":1,"featured_media":0,"comment_status":"open","ping_status":"closed","sticky":false,"template":"","format":"standard","meta":{"footnotes":""},"categories":[30],"tags":[345,763],"class_list":["post-3087","post","type-post","status-publish","format-standard","hentry","category-actualite","tag-catalogne","tag-puigdemont"],"aioseo_notices":[],"_links":{"self":[{"href":"https:\/\/www.culturalusa.com\/news\/wp-json\/wp\/v2\/posts\/3087","targetHints":{"allow":["GET"]}}],"collection":[{"href":"https:\/\/www.culturalusa.com\/news\/wp-json\/wp\/v2\/posts"}],"about":[{"href":"https:\/\/www.culturalusa.com\/news\/wp-json\/wp\/v2\/types\/post"}],"author":[{"embeddable":true,"href":"https:\/\/www.culturalusa.com\/news\/wp-json\/wp\/v2\/users\/1"}],"replies":[{"embeddable":true,"href":"https:\/\/www.culturalusa.com\/news\/wp-json\/wp\/v2\/comments?post=3087"}],"version-history":[{"count":0,"href":"https:\/\/www.culturalusa.com\/news\/wp-json\/wp\/v2\/posts\/3087\/revisions"}],"wp:attachment":[{"href":"https:\/\/www.culturalusa.com\/news\/wp-json\/wp\/v2\/media?parent=3087"}],"wp:term":[{"taxonomy":"category","embeddable":true,"href":"https:\/\/www.culturalusa.com\/news\/wp-json\/wp\/v2\/categories?post=3087"},{"taxonomy":"post_tag","embeddable":true,"href":"https:\/\/www.culturalusa.com\/news\/wp-json\/wp\/v2\/tags?post=3087"}],"curies":[{"name":"wp","href":"https:\/\/api.w.org\/{rel}","templated":true}]}}