{"id":3099,"date":"2018-01-04T19:29:25","date_gmt":"2018-01-04T18:29:25","guid":{"rendered":"http:\/\/www.culturalusa.com\/news\/?p=3099"},"modified":"2025-09-18T12:43:43","modified_gmt":"2025-09-18T10:43:43","slug":"volkswagen-sallie-avec-la-start-up-aurora-dans-la-voiture-autonome","status":"publish","type":"post","link":"https:\/\/www.culturalusa.com\/news\/economie\/volkswagen-sallie-avec-la-start-up-aurora-dans-la-voiture-autonome\/","title":{"rendered":"Volkswagen s&rsquo;allie avec la start-up Aurora dans la voiture autonome"},"content":{"rendered":"<h2>Le g\u00e9ant allemand de l&rsquo;automobile Volkswagen et la start-up californienne Aurora ont annonc\u00e9 jeudi un partenariat pour le d\u00e9veloppement de v\u00e9hicules autonomes, une technologie appel\u00e9e \u00e0 \u00eatre d\u00e9ploy\u00e9e au sein du groupe aux douze marques.<\/h2>\n<blockquote><p>En s&rsquo;alliant avec Aurora, \u00ab\u00a0VW acc\u00e8de \u00e0 une \u00e9quipe de d\u00e9veloppeurs exp\u00e9riment\u00e9e et leader dans le domaine des logiciels et du mat\u00e9riel pour les v\u00e9hicules autonomes\u00a0\u00bb, selon un communiqu\u00e9 du constructeur bas\u00e9 \u00e0 Wolfsburg (ouest de l&rsquo;Allemagne).<\/p><\/blockquote>\n<p>Fond\u00e9e par d&rsquo;anciens responsables chez Google, Tesla et Uber dans la technologie de conduite sans chauffeur, celle mise au point par Aurora a d\u00e9j\u00e0 \u00e9t\u00e9 test\u00e9e sur des 4&#215;4 urbains d&rsquo;Audi, filiale de VW, avec de \u00ab\u00a0bons r\u00e9sultats\u00a0\u00bb, rapporte le quotidien \u00e9conomique allemand Handelsblatt.<\/p>\n<p>D\u00e8s que la conduite autonome aura atteint un certain degr\u00e9 de maturit\u00e9 et rempli les conditions de s\u00e9curit\u00e9, VW pr\u00e9voit d&rsquo;int\u00e9grer cette technologie \u00ab\u00a0dans plusieurs cat\u00e9gories de v\u00e9hicules \u00e0 travers les marques du groupe\u00a0\u00bb, explique le constructeur, sans mentionner un horizon de temps pr\u00e9cis.<\/p>\n<p>Ces v\u00e9hicules pourraient \u00eatre des voitures con\u00e7ues d\u00e8s le d\u00e9part pour \u00eatre autonomes comme le Sedric, pour \u00ab\u00a0self-driving car\u00a0\u00bb (voiture autonome en anglais), un concept-car pr\u00e9sent\u00e9 par VW lors du salon de Gen\u00e8ve en mars dernier, des navettes autonomes destin\u00e9es \u00e0 livrer des colis ou encore des utilitaires sans cabine de conducteur.<\/p>\n<p>Surnomm\u00e9e \u00ab\u00a0la startup la plus branch\u00e9e d&rsquo;Am\u00e9rique\u00a0\u00bb par le magazine Wired, en pointe sur les technologies et le num\u00e9rique, Aurora estime que son partenariat avec un grand constructeur tel que VW va lui permettre \u00ab\u00a0d&rsquo;arriver plus rapidement \u00e0 faire de la voiture autonome une r\u00e9alit\u00e9\u00a0\u00bb, selon son patron Chris Urmson, cit\u00e9 dans le communiqu\u00e9.<\/p>\n<p>Marqu\u00e9 depuis 2015 par le scandale de la manipulation des \u00e9missions polluantes de millions de moteurs diesel, Volkswagen s&rsquo;est efforc\u00e9 depuis de se forger une image de constructeur innovant en misant des milliards sur la voiture autonome et \u00e9lectrique.<\/p>\n<p>\u00ab\u00a0Nous avons longuement r\u00e9fl\u00e9chi au risque d&rsquo;\u00eatre r\u00e9cup\u00e9r\u00e9s pour la campagne d&rsquo;am\u00e9lioration de l&rsquo;image\u00a0\u00bb de VW, a d\u00e9clar\u00e9 M. Urmson au Handelsblatt, avant de se dire au final convaincu par les vell\u00e9it\u00e9s des dirigeants du groupe allemand \u00e0 acc\u00e9l\u00e9rer sa transformation technologique.<\/p>\n<p>Here a annonc\u00e9 de son c\u00f4t\u00e9 jeudi l&rsquo;entr\u00e9e \u00e0 son capital des \u00e9quipementiers automobiles allemands Bosch et Continental, qui prendront chacun 5% des parts du sp\u00e9cialiste de la cartographie d\u00e9tenues indirectement par les constructeurs Audi (groupe Volkswagen), Daimler et BMW. (AFP)<\/p>\n","protected":false},"excerpt":{"rendered":"<p>Le g\u00e9ant allemand de l&rsquo;automobile Volkswagen et la start-up californienne Aurora ont annonc\u00e9 jeudi un partenariat pour le d\u00e9veloppement de v\u00e9hicules autonomes, une technologie appel\u00e9e \u00e0 \u00eatre d\u00e9ploy\u00e9e au sein du groupe aux douze marques. En s&rsquo;alliant avec Aurora, \u00ab\u00a0VW acc\u00e8de \u00e0 une \u00e9quipe de d\u00e9veloppeurs exp\u00e9riment\u00e9e et leader dans le domaine des logiciels et [&hellip;]<\/p>\n","protected":false},"author":1,"featured_media":2214,"comment_status":"open","ping_status":"closed","sticky":false,"template":"","format":"standard","meta":{"footnotes":""},"categories":[1],"tags":[765,766,359],"class_list":["post-3099","post","type-post","status-publish","format-standard","has-post-thumbnail","hentry","category-economie","tag-start-up-aurora","tag-voiture-autonome","tag-volkswagen"],"aioseo_notices":[],"_links":{"self":[{"href":"https:\/\/www.culturalusa.com\/news\/wp-json\/wp\/v2\/posts\/3099","targetHints":{"allow":["GET"]}}],"collection":[{"href":"https:\/\/www.culturalusa.com\/news\/wp-json\/wp\/v2\/posts"}],"about":[{"href":"https:\/\/www.culturalusa.com\/news\/wp-json\/wp\/v2\/types\/post"}],"author":[{"embeddable":true,"href":"https:\/\/www.culturalusa.com\/news\/wp-json\/wp\/v2\/users\/1"}],"replies":[{"embeddable":true,"href":"https:\/\/www.culturalusa.com\/news\/wp-json\/wp\/v2\/comments?post=3099"}],"version-history":[{"count":2,"href":"https:\/\/www.culturalusa.com\/news\/wp-json\/wp\/v2\/posts\/3099\/revisions"}],"predecessor-version":[{"id":13792,"href":"https:\/\/www.culturalusa.com\/news\/wp-json\/wp\/v2\/posts\/3099\/revisions\/13792"}],"wp:featuredmedia":[{"embeddable":true,"href":"https:\/\/www.culturalusa.com\/news\/wp-json\/wp\/v2\/media\/2214"}],"wp:attachment":[{"href":"https:\/\/www.culturalusa.com\/news\/wp-json\/wp\/v2\/media?parent=3099"}],"wp:term":[{"taxonomy":"category","embeddable":true,"href":"https:\/\/www.culturalusa.com\/news\/wp-json\/wp\/v2\/categories?post=3099"},{"taxonomy":"post_tag","embeddable":true,"href":"https:\/\/www.culturalusa.com\/news\/wp-json\/wp\/v2\/tags?post=3099"}],"curies":[{"name":"wp","href":"https:\/\/api.w.org\/{rel}","templated":true}]}}