{"id":3110,"date":"2018-01-16T02:25:28","date_gmt":"2018-01-16T01:25:28","guid":{"rendered":"http:\/\/www.culturalusa.com\/news\/?p=3110"},"modified":"2025-04-22T10:35:54","modified_gmt":"2025-04-22T08:35:54","slug":"le-pape-francois-arrive-au-chili-pour-son-6e-voyage-en-amerique-latine","status":"publish","type":"post","link":"https:\/\/www.culturalusa.com\/news\/actualite\/le-pape-francois-arrive-au-chili-pour-son-6e-voyage-en-amerique-latine\/","title":{"rendered":"Le pape Fran\u00e7ois arrive au Chili, pour son 6e voyage en Am\u00e9rique latine"},"content":{"rendered":"<h2>Le pape Fran\u00e7ois a atterri lundi \u00e0 Santiago du Chili pour sa sixi\u00e8me visite en Am\u00e9rique latine, qui le m\u00e8nera aussi au P\u00e9rou, deux pays o\u00f9 les Eglises locales sont en perte de vitesse, touch\u00e9es par des scandales de p\u00e9dophilie.<\/h2>\n<p>Le souverain pontife a \u00e9t\u00e9 accueilli \u00e0 son arriv\u00e9e, vers 22H20 GMT, par la pr\u00e9sidente chilienne Michelle Bachelet, accompagn\u00e9e de trois enfants qui lui ont offert des fleurs.<\/p>\n<p>Le vent fort sur le tarmac l&rsquo;a oblig\u00e9 a enlever sa calotte avant de descendre de appareil. Il a ensuite salu\u00e9 diff\u00e9rents repr\u00e9sentants de l&rsquo;Eglise et des autorit\u00e9s.<\/p>\n<p>Peu avant, dans l&rsquo;avion papal, Fran\u00e7ois, avait d\u00e9clar\u00e9 que le monde \u00e9tait \u00ab\u00a0\u00e0 la limite\u00a0\u00bb du risque de guerre nucl\u00e9aire, confiant: \u00ab\u00a0J&rsquo;ai vraiment peur. Il suffirait d&rsquo;un accident pour tout pr\u00e9cipiter\u00a0\u00bb.<\/p>\n<p>Le pape argentin s&rsquo;exprimait au surlendemain d&rsquo;une alerte au missile, qui s&rsquo;est av\u00e9r\u00e9e sans objet, ayant sem\u00e9 la panique \u00e0 Hawa\u00ef, alors que la Cor\u00e9e du Nord laisse planer la menace d&rsquo;une attaque nucl\u00e9aire.<\/p>\n<p>Jorge Bergoglio a fait distribuer aux journalistes une petite carte illustr\u00e9e d&rsquo;une photo poignante prise en 1945 apr\u00e8s l&rsquo;explosion de la bombe atomique \u00e0 Nagasaki montrant un enfant japonais portant sur le dos son petit fr\u00e8re mort.<\/p>\n<p>Au dos de la carte, d\u00e9j\u00e0 diffus\u00e9e par le bureau de presse du Vatican fin 2017, quatre mots \u00e9crits de la main du pape: \u00ab\u00a0Le fruit de la guerre\u00a0\u00bb.<\/p>\n<h3><strong>Soutenir les peuples indig\u00e8nes<\/strong><\/h3>\n<p>Au moment de survoler son Argentine natale, il a demand\u00e9 \u00e0 ses concitoyens de \u00ab\u00a0prier pour lui\u00a0\u00bb sans annoncer une \u00e9ventuelle future visite, comme beaucoup l&rsquo;attendaient. Depuis le d\u00e9but de son pontificat il y a pr\u00e8s de cinq ans, il ne s&rsquo;est pas encore rendu dans son pays.<\/p>\n<p>En Am\u00e9rique latine, le premier pape originaire de la r\u00e9gion vient soutenir les peuples indig\u00e8nes et revigorer des Eglises locales secou\u00e9es par des scandales et concurrenc\u00e9es par les cultes \u00e9vang\u00e9liques.<\/p>\n<p>Il rencontrera aussi les autorit\u00e9s gouvernementales de deux pays en pleines turbulences politiques.<\/p>\n<p>Le Chili est en transition, apr\u00e8s la victoire \u00e0 la pr\u00e9sidentielle de d\u00e9cembre du milliardaire conservateur Sebastian Pi\u00f1era, suscitant des interrogations sur les r\u00e9formes soci\u00e9tales de la socialiste Bachelet, dont l&rsquo;avortement th\u00e9rapeutique.<\/p>\n<p>Le P\u00e9rou s&rsquo;enfonce lui dans une profonde crise, depuis la gr\u00e2ce controvers\u00e9e accord\u00e9e \u00e0 No\u00ebl par le chef de l&rsquo;\u00c9tat Pedro Pablo Kuczynski \u00e0 l&rsquo;ex-pr\u00e9sident Alberto Fujimori, condamn\u00e9 pour crimes contre l&rsquo;humanit\u00e9.<\/p>\n<p>Mais les temps forts du 22e voyage de son pontificat &#8211; du 15 au 18 janvier au Chili, puis du 18 au 21 janvier au P\u00e9rou &#8211; seront indubitablement ses rencontres avec des peuples indig\u00e8nes, avec qui il d\u00e9jeunera en petit comit\u00e9 dans les deux pays.<\/p>\n<h3><strong>Des \u00e9glises attaqu\u00e9es<\/strong><\/h3>\n<p>A Temuco, dans le sud du Chili, il s&rsquo;adressera aux indig\u00e8nes Mapuche (7% de la population), qui occupaient un vaste territoire \u00e0 l&rsquo;arriv\u00e9e des conquistadors espagnols en 1541. Cette r\u00e9gion, Auracania, est rythm\u00e9e par des actions d&rsquo;une minorit\u00e9 radicalis\u00e9e, qui incendie des entreprises foresti\u00e8res mais aussi des \u00e9glises. Le pape n&rsquo;y est donc pas le bienvenu pour tous.<\/p>\n<p>Autre source d&rsquo;inqui\u00e9tude pour les services de s\u00e9curit\u00e9, une s\u00e9rie d&rsquo;attaques ont vis\u00e9 durant le week-end cinq \u00e9glises de Santiago, l&rsquo;oeuvre possible de groupes anarchistes.<\/p>\n<p>A Puerto Maldonado, au c\u0153ur de l&rsquo;Amazonie p\u00e9ruvienne, il sera accueilli par quelque 3.500 indig\u00e8nes, dont certains de Bolivie et du Br\u00e9sil.<\/p>\n<p>Preuve de l&rsquo;int\u00e9r\u00eat qu&rsquo;il porte aux menaces environnementales pesant sur ce poumon vert et ses habitants, le pape a convoqu\u00e9 pour 2019 un synode consacr\u00e9 aux peuples d&rsquo;Amazonie.<\/p>\n<p>Selon la base de donn\u00e9es de l&rsquo;ONG am\u00e9ricaine Bishop Accountability, des d\u00e9nonciations pour abus sexuels ont concern\u00e9 pr\u00e8s de 80 religieux au Chili, o\u00f9 le pourcentage d&rsquo;ath\u00e9es est pass\u00e9 de 12% \u00e0 22% entre 2006 et 2014.<\/p>\n<p>Des militants de plusieurs pays, de la France aux Etats-Unis en passant par l&rsquo;Allemagne, ont lanc\u00e9 lundi \u00e0 Santiago une organisation mondiale contre la p\u00e9dophilie au sein de l&rsquo;Eglise (\u00ab\u00a0Ending Clerical Abuse\u00a0\u00bb &#8211; ECA) et demand\u00e9 au pape des \u00ab\u00a0actions\u00a0\u00bb concr\u00e8tes.<\/p>\n<p>Des petits groupes ont manifest\u00e9 pr\u00e8s de l&rsquo;ambassade argentine pour rejeter la pr\u00e9sence du pape et d&rsquo;autres rassemblements \u00e9taient pr\u00e9vus contre les abus sexuels dans l&rsquo;Eglise.<\/p>\n<p>Le Vatican a annonc\u00e9 mercredi avoir mis sous tutelle un mouvement catholique p\u00e9ruvien, Sodalitium Christianae Vitae, dont le fondateur Luis Fernando Figari, r\u00e9fugi\u00e9 \u00e0 Rome, est au coeur d&rsquo;une enqu\u00eate pour p\u00e9dophilie.<\/p>\n<p>Ce voyage tambour battant, avec plus de 30.000 km parcourus, sera aussi une machine \u00e0 remonter le temps pour Jorge Bergoglio, 81 ans, qui \u00e9tudia au Chili lors de son noviciat j\u00e9suite et retrouvera l&rsquo;un de ses anciens camarades.<\/p>\n","protected":false},"excerpt":{"rendered":"<p>Le pape Fran\u00e7ois a atterri lundi \u00e0 Santiago du Chili pour sa sixi\u00e8me visite en Am\u00e9rique latine, qui le m\u00e8nera aussi au P\u00e9rou, deux pays o\u00f9 les Eglises locales sont en perte de vitesse, touch\u00e9es par des scandales de p\u00e9dophilie. Le souverain pontife a \u00e9t\u00e9 accueilli \u00e0 son arriv\u00e9e, vers 22H20 GMT, par la pr\u00e9sidente [&hellip;]<\/p>\n","protected":false},"author":1,"featured_media":3111,"comment_status":"open","ping_status":"closed","sticky":false,"template":"","format":"standard","meta":{"footnotes":""},"categories":[30],"tags":[769,350],"class_list":["post-3110","post","type-post","status-publish","format-standard","has-post-thumbnail","hentry","category-actualite","tag-chili","tag-pape-francois"],"aioseo_notices":[],"_links":{"self":[{"href":"https:\/\/www.culturalusa.com\/news\/wp-json\/wp\/v2\/posts\/3110","targetHints":{"allow":["GET"]}}],"collection":[{"href":"https:\/\/www.culturalusa.com\/news\/wp-json\/wp\/v2\/posts"}],"about":[{"href":"https:\/\/www.culturalusa.com\/news\/wp-json\/wp\/v2\/types\/post"}],"author":[{"embeddable":true,"href":"https:\/\/www.culturalusa.com\/news\/wp-json\/wp\/v2\/users\/1"}],"replies":[{"embeddable":true,"href":"https:\/\/www.culturalusa.com\/news\/wp-json\/wp\/v2\/comments?post=3110"}],"version-history":[{"count":2,"href":"https:\/\/www.culturalusa.com\/news\/wp-json\/wp\/v2\/posts\/3110\/revisions"}],"predecessor-version":[{"id":13324,"href":"https:\/\/www.culturalusa.com\/news\/wp-json\/wp\/v2\/posts\/3110\/revisions\/13324"}],"wp:featuredmedia":[{"embeddable":true,"href":"https:\/\/www.culturalusa.com\/news\/wp-json\/wp\/v2\/media\/3111"}],"wp:attachment":[{"href":"https:\/\/www.culturalusa.com\/news\/wp-json\/wp\/v2\/media?parent=3110"}],"wp:term":[{"taxonomy":"category","embeddable":true,"href":"https:\/\/www.culturalusa.com\/news\/wp-json\/wp\/v2\/categories?post=3110"},{"taxonomy":"post_tag","embeddable":true,"href":"https:\/\/www.culturalusa.com\/news\/wp-json\/wp\/v2\/tags?post=3110"}],"curies":[{"name":"wp","href":"https:\/\/api.w.org\/{rel}","templated":true}]}}