{"id":3182,"date":"2018-02-03T22:05:41","date_gmt":"2018-02-03T21:05:41","guid":{"rendered":"http:\/\/www.culturalusa.com\/news\/?p=3182"},"modified":"2018-02-03T22:05:41","modified_gmt":"2018-02-03T21:05:41","slug":"les-corses-ont-defile-dans-la-rue-pour-modifier-la-constitution","status":"publish","type":"post","link":"https:\/\/www.culturalusa.com\/news\/actualite\/les-corses-ont-defile-dans-la-rue-pour-modifier-la-constitution\/","title":{"rendered":"Les Corses ont d\u00e9fil\u00e9 dans la rue pour modifier la Constitution"},"content":{"rendered":"<p><img loading=\"lazy\" decoding=\"async\" src=\"http:\/\/www.culturalusa.com\/news\/wp-content\/uploads\/2018\/02\/gilles-simeoni.jpg\" alt=\"\" width=\"470\" height=\"314\" class=\"aligncenter size-full wp-image-3183\" srcset=\"https:\/\/www.culturalusa.com\/news\/wp-content\/uploads\/2018\/02\/gilles-simeoni.jpg 470w, https:\/\/www.culturalusa.com\/news\/wp-content\/uploads\/2018\/02\/gilles-simeoni-275x184.jpg 275w\" sizes=\"auto, (max-width: 470px) 100vw, 470px\" \/>A trois jours de la visite en Corse du pr\u00e9sident de la R\u00e9publique, plusieurs milliers de personnes ont d\u00e9fil\u00e9 samedi dans les rues d&rsquo;Ajaccio, r\u00e9pondant \u00e0 l&rsquo;appel du pr\u00e9sident de l&rsquo;ex\u00e9cutif corse, Gilles Simeoni.<\/p>\n<p>Si la pr\u00e9fecture de r\u00e9gion estime entre 5.600 et 6.000 le nombre de participants \u00e0 ce rassemblement qui s&rsquo;est d\u00e9roul\u00e9 dans le calme, les responsables nationalistes se f\u00e9licitaient d&rsquo;avoir ameut\u00e9 22.000 \u00e0 25.000 personnes.<\/p>\n<p>\u00ab\u00a0C&rsquo;est un moment historique, une manifestation qui est d&rsquo;une ampleur sans pr\u00e9c\u00e9dent \u00e0 Ajaccio\u00a0\u00bb, a d\u00e9clar\u00e9 \u00e0 la presse Gilles Simeoni, alors que le cort\u00e8ge se dispersait. \u00ab\u00a0Cela a \u00e9t\u00e9 un moment extr\u00eamement fort qui correspond \u00e0 cette soci\u00e9t\u00e9 corse qui est pleine d&rsquo;espoir\u00a0\u00bb.<\/p>\n<p>La manifestation, compos\u00e9e d&rsquo;\u00e9lus nationalistes et de repr\u00e9sentants de la soci\u00e9t\u00e9 civile, \u00e9tait parsem\u00e9e de \u00ab\u00a0bandere\u00a0\u00bb, les drapeaux \u00e0 la t\u00eate de maure. Elle a remont\u00e9 dans le calme le cours Napol\u00e9on, l&rsquo;art\u00e8re principale de la cit\u00e9 imp\u00e9riale convergeant vers la place du Diamant.<\/p>\n<p>La veille, l&rsquo;assembl\u00e9e de Corse avait vot\u00e9 un texte rappelant l&rsquo;alpha et l&rsquo;om\u00e9ga des revendications nationalistes.<\/p>\n<p>\u00ab\u00a0Cette r\u00e9solution solennelle entend demander \u00e0 l&rsquo;Etat un dialogue sans tabou pour aller vers cette r\u00e9vision constitutionnelle\u00a0\u00bb, a expliqu\u00e9 le patron de l&rsquo;ex\u00e9cutif corse qui r\u00e9clame une d\u00e9rogation au droit commun en mati\u00e8re de foncier, de langue et de fiscalit\u00e9, une r\u00e9\u00e9valuation des ressources techniques et financi\u00e8res de la collectivit\u00e9 corse et enfin le rapprochement des prisonniers politiques.<\/p>\n<p>Il dit attendre que le pr\u00e9sident de la R\u00e9publique donne mardi \u00ab\u00a0des signes forts\u00a0\u00bb, un \u00ab\u00a0je vous ai compris\u00a0\u00bb.<\/p>\n<p>Les \u00e9lus de la R\u00e9publique en marche &#8211; qui n&rsquo;ont pas march\u00e9 avec les nationalistes -, avaient vot\u00e9 cette r\u00e9solution, ce qui est un signal de la volont\u00e9 d&rsquo;ouverture pr\u00e9sidentielle, selon les observateurs.<\/p>\n<p>De son c\u00f4t\u00e9, l&rsquo;aile droite de l&rsquo;assembl\u00e9e de Corse n&rsquo;a pas particip\u00e9 \u00e0 la manifestation. Dans une tribune adress\u00e9e au Figaro, son chef de file, Jean-Martin Mondoloni \u00e9met le v\u0153u que les insulaires n&rsquo;aient \u00ab\u00a0pas \u00e0 choisir leur camp entre la Corse et la R\u00e9publique\u00a0\u00bb.<\/p>\n<p>\u00ab\u00a0Toute la Corse attend cette sortie de conflit par le haut\u00a0\u00bb, a conclu Gilles Simeoni qui semblait avoir gagn\u00e9 son pari d&rsquo;une manifestation \u00ab\u00a0pacifique mais d\u00e9termin\u00e9e\u00a0\u00bb pour peser dans le bras de fer institutionnel avec Paris. (Reuters)<\/p>\n","protected":false},"excerpt":{"rendered":"<p>A trois jours de la visite en Corse du pr\u00e9sident de la R\u00e9publique, plusieurs milliers de personnes ont d\u00e9fil\u00e9 samedi dans les rues d&rsquo;Ajaccio, r\u00e9pondant \u00e0 l&rsquo;appel du pr\u00e9sident de l&rsquo;ex\u00e9cutif corse, Gilles Simeoni. Si la pr\u00e9fecture de r\u00e9gion estime entre 5.600 et 6.000 le nombre de participants \u00e0 ce rassemblement qui s&rsquo;est d\u00e9roul\u00e9 dans [&hellip;]<\/p>\n","protected":false},"author":1,"featured_media":0,"comment_status":"open","ping_status":"closed","sticky":false,"template":"","format":"standard","meta":{"footnotes":""},"categories":[30],"tags":[781,782,780],"class_list":["post-3182","post","type-post","status-publish","format-standard","hentry","category-actualite","tag-ajaccio","tag-constitution","tag-corses"],"aioseo_notices":[],"_links":{"self":[{"href":"https:\/\/www.culturalusa.com\/news\/wp-json\/wp\/v2\/posts\/3182","targetHints":{"allow":["GET"]}}],"collection":[{"href":"https:\/\/www.culturalusa.com\/news\/wp-json\/wp\/v2\/posts"}],"about":[{"href":"https:\/\/www.culturalusa.com\/news\/wp-json\/wp\/v2\/types\/post"}],"author":[{"embeddable":true,"href":"https:\/\/www.culturalusa.com\/news\/wp-json\/wp\/v2\/users\/1"}],"replies":[{"embeddable":true,"href":"https:\/\/www.culturalusa.com\/news\/wp-json\/wp\/v2\/comments?post=3182"}],"version-history":[{"count":0,"href":"https:\/\/www.culturalusa.com\/news\/wp-json\/wp\/v2\/posts\/3182\/revisions"}],"wp:attachment":[{"href":"https:\/\/www.culturalusa.com\/news\/wp-json\/wp\/v2\/media?parent=3182"}],"wp:term":[{"taxonomy":"category","embeddable":true,"href":"https:\/\/www.culturalusa.com\/news\/wp-json\/wp\/v2\/categories?post=3182"},{"taxonomy":"post_tag","embeddable":true,"href":"https:\/\/www.culturalusa.com\/news\/wp-json\/wp\/v2\/tags?post=3182"}],"curies":[{"name":"wp","href":"https:\/\/api.w.org\/{rel}","templated":true}]}}