{"id":3196,"date":"2018-02-19T18:45:08","date_gmt":"2018-02-19T17:45:08","guid":{"rendered":"http:\/\/www.culturalusa.com\/news\/?p=3196"},"modified":"2020-12-17T19:03:14","modified_gmt":"2020-12-17T18:03:14","slug":"lextreme-droite-en-allemagne-devance-le-spd-pour-la-premiere-fois-dans-un-sondage","status":"publish","type":"post","link":"https:\/\/www.culturalusa.com\/news\/actualite\/lextreme-droite-en-allemagne-devance-le-spd-pour-la-premiere-fois-dans-un-sondage\/","title":{"rendered":"L&rsquo;extr\u00eame droite en Allemagne devance le SPD pour la premi\u00e8re fois dans un sondage"},"content":{"rendered":"<p>Pour la premi\u00e8re fois, le parti d&rsquo;extr\u00eame droite allemand Alternative pour l&rsquo;Allemagne (AfD) devance dans un sondage le parti social-d\u00e9mocrate (SPD), appel\u00e9 \u00e0 gouverner avec Angela Merkel, selon une enqu\u00eate publi\u00e9e lundi.<\/p>\n<p>Dans cette \u00e9tude de l&rsquo;institut Insa pour le journal Bild, l&rsquo;AfD est cr\u00e9dit\u00e9e de 16% (+1 point compar\u00e9 au dernier pointage) des intentions de vote, devenant le deuxi\u00e8me parti d&rsquo;Allemagne derri\u00e8re les conservateurs de la chanceli\u00e8re. Le SPD descend \u00e0 15,5% (-1 point).<\/p>\n<p>Ce sondage, aupr\u00e8s d&rsquo;un \u00e9chantillon de 2.040 personnes, a \u00e9t\u00e9 r\u00e9alis\u00e9 du 16 au 19 f\u00e9vrier.<\/p>\n<p>Depuis plusieurs semaines d\u00e9j\u00e0, l&rsquo;\u00e9cart se r\u00e9duit entre le parti d&rsquo;extr\u00eame droite, entr\u00e9 \u00e0 la chambre des d\u00e9put\u00e9s apr\u00e8s les l\u00e9gislatives du 24 septembre, et le plus vieux parti d&rsquo;Allemagne, en pleine crise et secou\u00e9 par une guerre de chefs.<\/p>\n<p>Les partis conservateurs &#8211; Union chr\u00e9tienne-d\u00e9mocrate CDU de la chanceli\u00e8re et son alli\u00e9 bavarois CSU &#8211; remontent en revanche de 2,5 points \u00e0 32% dans ce sondage.<\/p>\n<p>\u00ab\u00a0L&rsquo;Union est actuellement le seul grand parti populaire\u00a0\u00bb du pays, souligne le directeur de l&rsquo;Insa Hermann Binkert dans Bild.<\/p>\n<p>D\u00e9mocrates-chr\u00e9tiens et sociaux-d\u00e9mocrates ne r\u00e9unissent plus ensemble que de 47,5% des intentions de vote et ne disposeraient donc plus d&rsquo;une majorit\u00e9 \u00e0 la chambre des d\u00e9put\u00e9s en cas de nouveau scrutin.<\/p>\n<p>Les deux mouvement se pr\u00e9parent \u00e0 former un gouvernement de coalition, \u00e0 condition de recevoir le feu vert de la base du SPD.<\/p>\n<p>Quelque 464.000 adh\u00e9rents de ce parti commencent \u00e0 voter par courrier \u00e0 partir de mardi, avec un r\u00e9sultat attendu le 4 mars. La chute libre du SPD dans les sondages est susceptible de les inciter \u00e0 donner leur aval \u00e0 ce nouvel ex\u00e9cutif, alors qu&rsquo;un rejet signifierait probablement des \u00e9lections anticip\u00e9es et un score catastrophique pour leur mouvement.<\/p>\n<p>Dans son dernier barom\u00e8tre ce week-end, l&rsquo;institut Forsa pour les t\u00e9l\u00e9visions priv\u00e9es RTL et n-tv donnait encore les sociaux-d\u00e9mocrates devant l&rsquo;AfD.<\/p>\n<p>Le SPD \u00e9tait cr\u00e9dit\u00e9 de 16% des voix, l&rsquo;AfD de 13%, selon cette \u00e9tude men\u00e9e la semaine derni\u00e8re aupr\u00e8s de 2.501 \u00e9lecteurs. Mais la tendance des derni\u00e8res semaines est claire.<\/p>\n<p>Apr\u00e8s avoir enregistr\u00e9 20,5% aux l\u00e9gislatives de septembre, son pire score d&rsquo;apr\u00e8s-guerre, le pari social-d\u00e9mocrate n&rsquo;a cess\u00e9 depuis de perdre en intentions de vote, tandis que l&rsquo;extr\u00eame droite, qui a obtenu pr\u00e8s de 13% en septembre, progresse.<\/p>\n<p>Le SPD paie ses atermoiements : apr\u00e8s avoir exclu \u00e0 l&rsquo;automne toute nouvelle alliance avec Angela Merkel, il a finalement accept\u00e9 d&rsquo;en nouer une, au grand dam d&rsquo;une partie des militants.<\/p>\n<p>Emmen\u00e9s par le mouvement de Jeunesse du parti, ces derniers r\u00e9clament un virage \u00e0 gauche, \u00e0 l&rsquo;image des Travaillistes britanniques, pour permettre au SPD de se ressourcer. (AFP)<\/p>\n","protected":false},"excerpt":{"rendered":"<p>Pour la premi\u00e8re fois, le parti d&rsquo;extr\u00eame droite allemand Alternative pour l&rsquo;Allemagne (AfD) devance dans un sondage le parti social-d\u00e9mocrate (SPD), appel\u00e9 \u00e0 gouverner avec Angela Merkel, selon une enqu\u00eate publi\u00e9e lundi. Dans cette \u00e9tude de l&rsquo;institut Insa pour le journal Bild, l&rsquo;AfD est cr\u00e9dit\u00e9e de 16% (+1 point compar\u00e9 au dernier pointage) des intentions [&hellip;]<\/p>\n","protected":false},"author":1,"featured_media":4127,"comment_status":"open","ping_status":"closed","sticky":false,"template":"","format":"standard","meta":{"footnotes":""},"categories":[30],"tags":[615,786],"class_list":["post-3196","post","type-post","status-publish","format-standard","has-post-thumbnail","hentry","category-actualite","tag-allemagne","tag-extreme-droite"],"aioseo_notices":[],"_links":{"self":[{"href":"https:\/\/www.culturalusa.com\/news\/wp-json\/wp\/v2\/posts\/3196","targetHints":{"allow":["GET"]}}],"collection":[{"href":"https:\/\/www.culturalusa.com\/news\/wp-json\/wp\/v2\/posts"}],"about":[{"href":"https:\/\/www.culturalusa.com\/news\/wp-json\/wp\/v2\/types\/post"}],"author":[{"embeddable":true,"href":"https:\/\/www.culturalusa.com\/news\/wp-json\/wp\/v2\/users\/1"}],"replies":[{"embeddable":true,"href":"https:\/\/www.culturalusa.com\/news\/wp-json\/wp\/v2\/comments?post=3196"}],"version-history":[{"count":0,"href":"https:\/\/www.culturalusa.com\/news\/wp-json\/wp\/v2\/posts\/3196\/revisions"}],"wp:featuredmedia":[{"embeddable":true,"href":"https:\/\/www.culturalusa.com\/news\/wp-json\/wp\/v2\/media\/4127"}],"wp:attachment":[{"href":"https:\/\/www.culturalusa.com\/news\/wp-json\/wp\/v2\/media?parent=3196"}],"wp:term":[{"taxonomy":"category","embeddable":true,"href":"https:\/\/www.culturalusa.com\/news\/wp-json\/wp\/v2\/categories?post=3196"},{"taxonomy":"post_tag","embeddable":true,"href":"https:\/\/www.culturalusa.com\/news\/wp-json\/wp\/v2\/tags?post=3196"}],"curies":[{"name":"wp","href":"https:\/\/api.w.org\/{rel}","templated":true}]}}