{"id":3198,"date":"2018-02-19T19:02:57","date_gmt":"2018-02-19T18:02:57","guid":{"rendered":"http:\/\/www.culturalusa.com\/news\/?p=3198"},"modified":"2020-11-04T14:30:57","modified_gmt":"2020-11-04T13:30:57","slug":"la-croissance-au-portugal-est-la-plus-soutenue-depuis-17-ans-en-2017","status":"publish","type":"post","link":"https:\/\/www.culturalusa.com\/news\/portugal\/la-croissance-au-portugal-est-la-plus-soutenue-depuis-17-ans-en-2017\/","title":{"rendered":"La croissance au Portugal est la plus soutenue depuis 17 ans en 2017"},"content":{"rendered":"<p>L&rsquo;\u00e9conomie portugaise a cr\u00fb l&rsquo;an dernier \u00e0 son rythme le plus rapide depuis 2000, moins de quatre ans apr\u00e8s la fin d&rsquo;un plan de renflouement international, gr\u00e2ce notamment \u00e0 une acc\u00e9l\u00e9ration des exportations sur les trois derniers mois de 2017, montrent les donn\u00e9es publi\u00e9es mercredi par l&rsquo;Institut national de la statistique (INE).<\/p>\n<p>Sur l&rsquo;ensemble de l&rsquo;ann\u00e9e \u00e9coul\u00e9e, le produit int\u00e9rieur brut (PIB) a augment\u00e9 de 2,7%, d\u00e9passant d&rsquo;un dixi\u00e8me de point la pr\u00e9vision du gouvernement, apr\u00e8s une croissance de 1,5% en 2016. Lisbonne anticipe 2,2% de croissance cette ann\u00e9e.<\/p>\n<p>Au quatri\u00e8me trimestre, la croissance est ressortie \u00e0 2,4% en variation annuelle en premi\u00e8re estimation, contre 2,5% le trimestre pr\u00e9c\u00e9dent, et \u00e0 0,7% d&rsquo;un trimestre sur l&rsquo;autre apr\u00e8s 0,5% sur la p\u00e9riode juillet-septembre.<\/p>\n<p>\u00ab\u00a0Cette \u00e9volution r\u00e9sulte d&rsquo;une contribution accrue de la demande interne, refl\u00e9tant principalement une acc\u00e9l\u00e9ration de l&rsquo;investissement, tandis que la contribution de la demande ext\u00e9rieure nette a \u00e9t\u00e9 la m\u00eame qu&rsquo;en 2016\u00a0\u00bb, indique l&rsquo;INE.<\/p>\n<p>La croissance des exportations a \u00e9t\u00e9 le principal moteur du dernier trimestre, alors que la contribution de la demande interne et de l&rsquo;investissement ont \u00e9t\u00e9 plus faibles.<\/p>\n<p>La reprise d\u00e9sormais bien ancr\u00e9e a permis au pays de r\u00e9duire fortement son d\u00e9ficit budg\u00e9taire et de sortir l&rsquo;an dernier de la proc\u00e9dure de d\u00e9ficit excessif ouverte par l&rsquo;Union europ\u00e9enne.<\/p>\n<p>Le gouvernement portugais s&rsquo;attend \u00e0 avoir ramen\u00e9 l&rsquo;an dernier le d\u00e9ficit budg\u00e9taire \u00e0 environ 1,2% du PIB, au plus bas depuis la r\u00e9volution des Oeillets de 1974 qui a mis fin \u00e0 la dictature et restaur\u00e9 la d\u00e9mocratie dans le pays.<\/p>\n<p>Cette ann\u00e9e, il vise un d\u00e9ficit \u00e0 1,1% du PIB. (Reuters)<\/p>\n","protected":false},"excerpt":{"rendered":"<p>L&rsquo;\u00e9conomie portugaise a cr\u00fb l&rsquo;an dernier \u00e0 son rythme le plus rapide depuis 2000, moins de quatre ans apr\u00e8s la fin d&rsquo;un plan de renflouement international, gr\u00e2ce notamment \u00e0 une acc\u00e9l\u00e9ration des exportations sur les trois derniers mois de 2017, montrent les donn\u00e9es publi\u00e9es mercredi par l&rsquo;Institut national de la statistique (INE). Sur l&rsquo;ensemble de [&hellip;]<\/p>\n","protected":false},"author":1,"featured_media":3120,"comment_status":"open","ping_status":"closed","sticky":false,"template":"","format":"standard","meta":{"footnotes":""},"categories":[3],"tags":[245],"class_list":["post-3198","post","type-post","status-publish","format-standard","has-post-thumbnail","hentry","category-portugal","tag-croissance-au-portugal"],"aioseo_notices":[],"_links":{"self":[{"href":"https:\/\/www.culturalusa.com\/news\/wp-json\/wp\/v2\/posts\/3198","targetHints":{"allow":["GET"]}}],"collection":[{"href":"https:\/\/www.culturalusa.com\/news\/wp-json\/wp\/v2\/posts"}],"about":[{"href":"https:\/\/www.culturalusa.com\/news\/wp-json\/wp\/v2\/types\/post"}],"author":[{"embeddable":true,"href":"https:\/\/www.culturalusa.com\/news\/wp-json\/wp\/v2\/users\/1"}],"replies":[{"embeddable":true,"href":"https:\/\/www.culturalusa.com\/news\/wp-json\/wp\/v2\/comments?post=3198"}],"version-history":[{"count":0,"href":"https:\/\/www.culturalusa.com\/news\/wp-json\/wp\/v2\/posts\/3198\/revisions"}],"wp:featuredmedia":[{"embeddable":true,"href":"https:\/\/www.culturalusa.com\/news\/wp-json\/wp\/v2\/media\/3120"}],"wp:attachment":[{"href":"https:\/\/www.culturalusa.com\/news\/wp-json\/wp\/v2\/media?parent=3198"}],"wp:term":[{"taxonomy":"category","embeddable":true,"href":"https:\/\/www.culturalusa.com\/news\/wp-json\/wp\/v2\/categories?post=3198"},{"taxonomy":"post_tag","embeddable":true,"href":"https:\/\/www.culturalusa.com\/news\/wp-json\/wp\/v2\/tags?post=3198"}],"curies":[{"name":"wp","href":"https:\/\/api.w.org\/{rel}","templated":true}]}}