{"id":3215,"date":"2018-03-12T01:00:55","date_gmt":"2018-03-12T00:00:55","guid":{"rendered":"http:\/\/www.culturalusa.com\/news\/?p=3215"},"modified":"2018-03-12T01:03:09","modified_gmt":"2018-03-12T00:03:09","slug":"les-nouvelles-cibles-de-trump-leurope-et-ses-voitures","status":"publish","type":"post","link":"https:\/\/www.culturalusa.com\/news\/actualite\/les-nouvelles-cibles-de-trump-leurope-et-ses-voitures\/","title":{"rendered":"Les nouvelles cibles de Trump : L&rsquo;Europe et ses voitures"},"content":{"rendered":"<p><img loading=\"lazy\" decoding=\"async\" src=\"http:\/\/www.culturalusa.com\/news\/wp-content\/uploads\/2015\/01\/marche-automobile.jpg\" alt=\"\" width=\"467\" height=\"233\" class=\"aligncenter size-full wp-image-1645\" srcset=\"https:\/\/www.culturalusa.com\/news\/wp-content\/uploads\/2015\/01\/marche-automobile.jpg 467w, https:\/\/www.culturalusa.com\/news\/wp-content\/uploads\/2015\/01\/marche-automobile-275x137.jpg 275w\" sizes=\"auto, (max-width: 467px) 100vw, 467px\" \/>Donald Trump concentre ses attaques sur l&rsquo;Union europ\u00e9enne dans sa vaste offensive sur le commerce, et se montre particuli\u00e8rement mena\u00e7ant \u00e0 l&rsquo;\u00e9gard du secteur automobile, fleuron de l&rsquo;industrie allemande.<\/p>\n<p>Si les Europ\u00e9ens ne suppriment pas leurs droits de douane, \u00ab\u00a0nous allons taxer Mercedes-Benz, nous allons taxer BMW\u00a0\u00bb, a mis en garde samedi soir le champion de \u00ab\u00a0l&rsquo;Am\u00e9rique d&rsquo;abord\u00a0\u00bb.<\/p>\n<p>Le pr\u00e9sident s&rsquo;exprimait en banlieue de Pittsburgh, une r\u00e9gion d&rsquo;anciennes zones industrielles d\u00e9sh\u00e9rit\u00e9es particuli\u00e8rement r\u00e9ceptives aux lourdes taxes sur l&rsquo;acier et l&rsquo;aluminium import\u00e9s que M. Trump vient d&rsquo;imposer.<\/p>\n<p>Avant de d\u00e9clencher une telle bataille commerciale, qui fait d\u00e9j\u00e0 des vagues tout autour de la plan\u00e8te, M. Trump a \u00ab\u00a0bien pes\u00e9 le pour et le contre\u00a0\u00bb, a assur\u00e9 dimanche Raj Shah, un porte-parole de la Maison Blanche.<\/p>\n<p>Cela fait longtemps que Donald Trump \u00ab\u00a0d\u00e9crit combien les pays \u00e9trangers ont saign\u00e9 \u00e0 blanc les entreprises am\u00e9ricaines et les travailleurs am\u00e9ricains\u00a0\u00bb, a justifi\u00e9 M. Shah sur l&rsquo;antenne d&rsquo;ABC. \u00ab\u00a0Il veut tout simplement un acc\u00e8s aux march\u00e9s \u00e9trangers, et c&rsquo;est ce qu&rsquo;il va obtenir\u00a0\u00bb.<\/p>\n<p>Les Europ\u00e9ens \u00ab\u00a0nous tuent sur le commerce\u00a0\u00bb, avait martel\u00e9 devant ses partisans M. Trump. \u00ab\u00a0On ne peut m\u00eame pas vendre l\u00e0-bas nos productions agricoles, ils nous restreignent carr\u00e9ment\u00a0\u00bb.<\/p>\n<p>D&rsquo;o\u00f9 le march\u00e9 propos\u00e9 au Vieux continent par le locataire de la Maison Blanche: si vous voulez \u00e9chapper aux nouveaux droits de douane am\u00e9ricains sur l&rsquo;acier et l&rsquo;aluminium, alors supprimez vos entraves sur l&rsquo;entr\u00e9e des produits export\u00e9s par les Etats-Unis.<\/p>\n<p>Pays merveilleux&#8230; qui nous tuent<\/p>\n<p>Ce qu&rsquo;il a r\u00e9sum\u00e9 samedi dans un tweet ainsi r\u00e9dig\u00e9: \u00ab\u00a0L&rsquo;Union europ\u00e9enne, des pays merveilleux qui traitent tr\u00e8s mal les Etats-Unis dans le commerce, se plaignent des droits sur l&rsquo;acier et l&rsquo;aluminium. S&rsquo;ils abandonnent leurs horribles obstacles et leurs droits de douane sur les produits am\u00e9ricains, nous abandonnerons les n\u00f4tres. Sinon, nous taxons les voitures etc. Honn\u00eate !\u00a0\u00bb.<\/p>\n<p>M. Trump a lanc\u00e9 cet avertissement quelques heures apr\u00e8s une r\u00e9union infructueuse sur le sujet \u00e0 Bruxelles entre son repr\u00e9sentant au commerce Robert Lighthizer et la Commission europ\u00e9enne, qui lutte pour que l&rsquo;UE soit exempt\u00e9e des taxes am\u00e9ricaines.<\/p>\n<p>Une pr\u00e9occupation partag\u00e9e par le Japon, tandis que le Mexique et le Canada b\u00e9n\u00e9ficient d&rsquo;une d\u00e9rogation \u00e0 ces taxes de 25% sur l&rsquo;acier et de 10% sur l&rsquo;aluminium promulgu\u00e9e jeudi dernier par le pr\u00e9sident am\u00e9ricain.<\/p>\n<p>Quant \u00e0 la Chine, premier producteur mondial d&rsquo;acier et d&rsquo;aluminium, elle a affirm\u00e9 dimanche qu&rsquo;elle d\u00e9fendrait \u00ab\u00a0fermement ses int\u00e9r\u00eats\u00a0\u00bb, mais qu&rsquo;elle poursuivrait ses discussions avec Washington afin d&rsquo;\u00e9viter une guerre commerciale \u00ab\u00a0d\u00e9sastreuse\u00a0\u00bb pour le monde.<\/p>\n<p>\u00ab\u00a0Les canaux de communication n&rsquo;ont pas \u00e9t\u00e9 coup\u00e9s (&#8230;) car personne ne veut d&rsquo;une guerre commerciale\u00a0\u00bb, a assur\u00e9 le ministre chinois du Commerce, Zhong Shan.<\/p>\n<p>\u00ab\u00a0Dans ce type de n\u00e9gociations, une seule des parties ne peut mener la danse \u00e0 elle toute seule\u00a0\u00bb, a averti le responsable, qui s&rsquo;exprimait en marge de la session pl\u00e9ni\u00e8re annuelle du parlement chinois.<\/p>\n<p>Pas de vainqueur<\/p>\n<p>Critiqu\u00e9e pour sa colossale surproduction, largement subventionn\u00e9e, et d\u00e9j\u00e0 vis\u00e9e aux Etats-Unis par de multiples enqu\u00eates et mesures antidumping, la Chine redoute une escalade des tensions tous azimuts qui ferait d\u00e9railler la fragile \u00e9conomie du globe.<\/p>\n<p>\u00ab\u00a0Une guerre commerciale n&rsquo;aurait pas de vainqueur, elle ne pourrait \u00eatre que catastrophique pour la Chine, les Etats-Unis et le reste du monde (&#8230;) La Chine ne veut pas de guerre commerciale, ni en lancer une\u00a0\u00bb, a d\u00e9clar\u00e9 M. Zhong, tout en agitant la menace de repr\u00e9sailles.<\/p>\n<p>En r\u00e9ponse \u00e0 l&rsquo;offensive commerciale am\u00e9ricaine, des responsables europ\u00e9ens ont \u00e9voqu\u00e9 la possibilit\u00e9 de taxer le bourbon, les blue-jeans et les motos Harley-Davidson, alimentant la surench\u00e8re verbale.<\/p>\n<p>Mais, en mena\u00e7ant les marques embl\u00e9matiques du secteur automobile allemand, M. Trump a suscit\u00e9 \u00e9galement des interrogations l\u00e9gitimes sur l&rsquo;assise l\u00e9gale que pourrait avoir une telle mesure face aux r\u00e8gles de l&rsquo;Organisation mondiale du commerce (OMC).<\/p>\n<p>D&rsquo;autre part, cela fait longtemps que les grands constructeurs ont diversifi\u00e9 leur production au-del\u00e0 de leurs fronti\u00e8res nationales. BMW, par exemple, construit chaque ann\u00e9e des centaines de milliers de v\u00e9hicules aux Etats-Unis. (AFP)<\/p>\n","protected":false},"excerpt":{"rendered":"<p>Donald Trump concentre ses attaques sur l&rsquo;Union europ\u00e9enne dans sa vaste offensive sur le commerce, et se montre particuli\u00e8rement mena\u00e7ant \u00e0 l&rsquo;\u00e9gard du secteur automobile, fleuron de l&rsquo;industrie allemande. Si les Europ\u00e9ens ne suppriment pas leurs droits de douane, \u00ab\u00a0nous allons taxer Mercedes-Benz, nous allons taxer BMW\u00a0\u00bb, a mis en garde samedi soir le champion [&hellip;]<\/p>\n","protected":false},"author":1,"featured_media":0,"comment_status":"open","ping_status":"closed","sticky":false,"template":"","format":"standard","meta":{"footnotes":""},"categories":[30],"tags":[792,791],"class_list":["post-3215","post","type-post","status-publish","format-standard","hentry","category-actualite","tag-industrie-allemande","tag-secteur-automobile"],"aioseo_notices":[],"_links":{"self":[{"href":"https:\/\/www.culturalusa.com\/news\/wp-json\/wp\/v2\/posts\/3215","targetHints":{"allow":["GET"]}}],"collection":[{"href":"https:\/\/www.culturalusa.com\/news\/wp-json\/wp\/v2\/posts"}],"about":[{"href":"https:\/\/www.culturalusa.com\/news\/wp-json\/wp\/v2\/types\/post"}],"author":[{"embeddable":true,"href":"https:\/\/www.culturalusa.com\/news\/wp-json\/wp\/v2\/users\/1"}],"replies":[{"embeddable":true,"href":"https:\/\/www.culturalusa.com\/news\/wp-json\/wp\/v2\/comments?post=3215"}],"version-history":[{"count":0,"href":"https:\/\/www.culturalusa.com\/news\/wp-json\/wp\/v2\/posts\/3215\/revisions"}],"wp:attachment":[{"href":"https:\/\/www.culturalusa.com\/news\/wp-json\/wp\/v2\/media?parent=3215"}],"wp:term":[{"taxonomy":"category","embeddable":true,"href":"https:\/\/www.culturalusa.com\/news\/wp-json\/wp\/v2\/categories?post=3215"},{"taxonomy":"post_tag","embeddable":true,"href":"https:\/\/www.culturalusa.com\/news\/wp-json\/wp\/v2\/tags?post=3215"}],"curies":[{"name":"wp","href":"https:\/\/api.w.org\/{rel}","templated":true}]}}