{"id":3219,"date":"2018-03-12T01:06:11","date_gmt":"2018-03-12T00:06:11","guid":{"rendered":"http:\/\/www.culturalusa.com\/news\/?p=3219"},"modified":"2021-06-28T12:14:22","modified_gmt":"2021-06-28T10:14:22","slug":"marine-le-pen-propose-de-rebaptiser-son-parti-rassemblement-national","status":"publish","type":"post","link":"https:\/\/www.culturalusa.com\/news\/economie\/marine-le-pen-propose-de-rebaptiser-son-parti-rassemblement-national\/","title":{"rendered":"Marine Le Pen propose de rebaptiser son parti \u00ab\u00a0Rassemblement national\u00a0\u00bb"},"content":{"rendered":"<p>Marine Le Pen a propos\u00e9 dimanche de rebaptiser \u00ab\u00a0Rassemblement national\u00a0\u00bb son parti, anciennement <em>Front national<\/em>, dans l&rsquo;objectif de parachever sa \u00ab\u00a0r\u00e9novation, condition de (son) succ\u00e8s\u00a0\u00bb.<\/p>\n<p>\u00ab\u00a0La r\u00e9novation pour laquelle vous m&rsquo;avez \u00e9lue, je vous demande maintenant de la conduire \u00e0 son terme, c&rsquo;est la condition de notre succ\u00e8s\u00a0\u00bb, a d\u00e9clar\u00e9 la pr\u00e9sidente du FN dans son discours de cl\u00f4ture du 16e congr\u00e8s de sa formation \u00e0 Lille (nord).<\/p>\n<p>Ce nouveau nom sera soumis \u00e0 un vote par courrier des militants, dont le r\u00e9sultat ne sera pas connu avant au moins six semaines.<\/p>\n<p>L&rsquo;actuelle d\u00e9nomination du parti, \u00ab\u00a0Front national\u00a0\u00bb, \u00ab\u00a0est pour beaucoup de Fran\u00e7ais, m\u00eame de toute bonne foi, un frein psychologique\u00a0\u00bb, a ajout\u00e9 la fille du fondateur du FN Jean-Marie Le Pen, expliquant que le nouveau nom propos\u00e9 devait \u00ab\u00a0exprimer une volont\u00e9 de rassemblement\u00a0\u00bb.<\/p>\n<p>L&rsquo;objectif est de \u00ab\u00a0d\u00e9diaboliser\u00a0\u00bb le mouvement en vue de le rendre plus apte \u00e0 des alliances avec la droite dite classique et d&rsquo;ainsi le conduire au pouvoir.<\/p>\n<p>Le principe d&rsquo;un changement de nom a d\u00e9j\u00e0 \u00e9t\u00e9 valid\u00e9 par une \u00ab\u00a0courte majorit\u00e9\u00a0\u00bb de militants (52%) invit\u00e9s \u00e0 se prononcer dans un questionnaire. Mais cette consultation est sujette \u00e0 caution car elle n&rsquo;a pas \u00e9t\u00e9 supervis\u00e9e par un huissier.<\/p>\n<p>Mme Le Pen a cependant pr\u00e9cis\u00e9 que son parti, m\u00eame avec un nouveau nom, garderait son embl\u00e8me historique, la flamme, calque du logo du parti italien Mouvement Social Italien (MSI), aujourd&rsquo;hui disparu.<\/p>\n<p>Seule candidate, Marine Le Pen a \u00e9t\u00e9 r\u00e9\u00e9lue dimanche matin avec 100% des suffrages exprim\u00e9s pour un troisi\u00e8me mandat \u00e0 la pr\u00e9sidence du mouvement qu&rsquo;elle dirige depuis 2011.<\/p>\n","protected":false},"excerpt":{"rendered":"<p>Marine Le Pen a propos\u00e9 dimanche de rebaptiser \u00ab\u00a0Rassemblement national\u00a0\u00bb son parti, anciennement Front national, dans l&rsquo;objectif de parachever sa \u00ab\u00a0r\u00e9novation, condition de (son) succ\u00e8s\u00a0\u00bb. \u00ab\u00a0La r\u00e9novation pour laquelle vous m&rsquo;avez \u00e9lue, je vous demande maintenant de la conduire \u00e0 son terme, c&rsquo;est la condition de notre succ\u00e8s\u00a0\u00bb, a d\u00e9clar\u00e9 la pr\u00e9sidente du FN dans [&hellip;]<\/p>\n","protected":false},"author":1,"featured_media":1466,"comment_status":"open","ping_status":"closed","sticky":false,"template":"","format":"standard","meta":{"footnotes":""},"categories":[1],"tags":[793,1024],"class_list":["post-3219","post","type-post","status-publish","format-standard","has-post-thumbnail","hentry","category-economie","tag-rassemblement-national","tag-rn"],"aioseo_notices":[],"_links":{"self":[{"href":"https:\/\/www.culturalusa.com\/news\/wp-json\/wp\/v2\/posts\/3219","targetHints":{"allow":["GET"]}}],"collection":[{"href":"https:\/\/www.culturalusa.com\/news\/wp-json\/wp\/v2\/posts"}],"about":[{"href":"https:\/\/www.culturalusa.com\/news\/wp-json\/wp\/v2\/types\/post"}],"author":[{"embeddable":true,"href":"https:\/\/www.culturalusa.com\/news\/wp-json\/wp\/v2\/users\/1"}],"replies":[{"embeddable":true,"href":"https:\/\/www.culturalusa.com\/news\/wp-json\/wp\/v2\/comments?post=3219"}],"version-history":[{"count":0,"href":"https:\/\/www.culturalusa.com\/news\/wp-json\/wp\/v2\/posts\/3219\/revisions"}],"wp:featuredmedia":[{"embeddable":true,"href":"https:\/\/www.culturalusa.com\/news\/wp-json\/wp\/v2\/media\/1466"}],"wp:attachment":[{"href":"https:\/\/www.culturalusa.com\/news\/wp-json\/wp\/v2\/media?parent=3219"}],"wp:term":[{"taxonomy":"category","embeddable":true,"href":"https:\/\/www.culturalusa.com\/news\/wp-json\/wp\/v2\/categories?post=3219"},{"taxonomy":"post_tag","embeddable":true,"href":"https:\/\/www.culturalusa.com\/news\/wp-json\/wp\/v2\/tags?post=3219"}],"curies":[{"name":"wp","href":"https:\/\/api.w.org\/{rel}","templated":true}]}}