{"id":3244,"date":"2018-03-29T01:01:33","date_gmt":"2018-03-28T23:01:33","guid":{"rendered":"http:\/\/www.culturalusa.com\/news\/?p=3244"},"modified":"2025-02-06T11:57:39","modified_gmt":"2025-02-06T10:57:39","slug":"intelligence-artificielle-villani-devoile-ses-pistes-pour-la-france","status":"publish","type":"post","link":"https:\/\/www.culturalusa.com\/news\/actualite\/intelligence-artificielle-villani-devoile-ses-pistes-pour-la-france\/","title":{"rendered":"Intelligence artificielle: Villani d\u00e9voile ses pistes pour la France"},"content":{"rendered":"<h2>Comment la France peut-elle devenir incontournable dans l&rsquo;intelligence artificielle et garder ses cerveaux courtis\u00e9s \u00e0 l&rsquo;\u00e9tranger ? Le d\u00e9put\u00e9 math\u00e9maticien C\u00e9dric Villani (LREM) a d\u00e9voil\u00e9 des pistes mercredi soir pour tenter de r\u00e9aliser de telles ambitions.<\/h2>\n<p>Le rapport a \u00e9t\u00e9 rendu public peu avant un d\u00eener \u00e0 l\u2019\u00c9lys\u00e9e rassemblant autour du pr\u00e9sident de la R\u00e9publique quelques uns des chercheurs internationaux les plus r\u00e9put\u00e9s en intelligence artificielle.<\/p>\n<p>Emmanuel Macron fixera ensuite jeudi les grandes orientations de l&rsquo;ex\u00e9cutif, pour placer la France parmi les champions de ces technologies o\u00f9 elle dispose d&rsquo;un savoir th\u00e9orique ind\u00e9niable avec des cerveaux recherch\u00e9s \u00e0 l&rsquo;\u00e9tranger, mais qui ne se traduit pas encore par l&rsquo;\u00e9mergence de grandes entreprises leaders.<\/p>\n<p>Preuve de l&rsquo;int\u00e9r\u00eat pour les chercheurs fran\u00e7ais, l\u2019\u00c9lys\u00e9e a annonc\u00e9 mercredi soir que le cor\u00e9en Samsung et le japonais Fujitsu allaient renforcer leurs centres de recherche en intelligence artificielle dans l&rsquo;Hexagone, avec \u00e0 terme une centaine de chercheurs d\u00e9ploy\u00e9s dans le cas du cor\u00e9en.<\/p>\n<p>Mais en ce qui concerne les d\u00e9ploiements de l&rsquo;intelligence artificielle dans les entreprises, \u00ab\u00a0les pays les plus en avance\u00a0\u00bb sont \u00ab\u00a0les Etats-Unis, la Chine, l&rsquo;Angleterre, le Canada et Isra\u00ebl\u00a0\u00bb a relev\u00e9 mercredi matin \u00e0 l&rsquo;antenne de France Inter C\u00e9dric Villani.<\/p>\n<p>Dan son rapport, le d\u00e9put\u00e9 souligne qu&rsquo;il est \u00ab\u00a0urgent d&rsquo;agir\u00a0\u00bb au niveau fran\u00e7ais et europ\u00e9en pour d\u00e9ployer ces techniques, alors qu'\u00a0\u00bb\u00e0 bien des \u00e9gards, la France et l&rsquo;Europe peuvent d\u00e9j\u00e0 faire figure de +colonies num\u00e9riques+\u00a0\u00bb face \u00e0 la supr\u00e9matie des g\u00e9ants am\u00e9ricains ou chinois de la \u00ab\u00a0tech\u00a0\u00bb.<\/p>\n<p>Pour garder en France les cerveaux tent\u00e9s de partir rejoindre les grands groupes \u00e9trangers du num\u00e9rique, le rapport propose par exemple un doublement du salaire des chercheurs d\u00e9butants.<\/p>\n<p>Mais il met l&rsquo;accent aussi sur la n\u00e9cessit\u00e9 d&rsquo;offrir un environnement de travail favorable, en donnant plus de libert\u00e9 d&rsquo;action aux chercheurs.<\/p>\n<p>\u00ab\u00a0Ce qui p\u00e8se le plus\u00a0\u00bb dans les structures fran\u00e7aises, \u00ab\u00a0c&rsquo;est toute la question administrative\u00a0\u00bb, les \u00ab\u00a0appels d&rsquo;offres\u00a0\u00bb qu&rsquo;il faut r\u00e9aliser, les \u00ab\u00a0justifications\u00a0\u00bb qu&rsquo;il faut apporter, \u00ab\u00a0le fait que ce soit tellement lent d&rsquo;avoir des r\u00e9ponses quand il faut se lancer\u00a0\u00bb, a expliqu\u00e9 C\u00e9dric Villani.<\/p>\n<h3>Instance \u00e9thique<\/h3>\n<p>Le rapport de M. Villani identifie quatre domaines \u00e9conomiques particuliers o\u00f9 la France doit concentrer son effort de d\u00e9veloppement de l&rsquo;intelligence artificielle: la sant\u00e9, les transports, l&rsquo;environnement et la d\u00e9fense.<\/p>\n<p>Le rapport s&rsquo;int\u00e9resse \u00e9galement aux questions d&rsquo;\u00e9thique, tant ces technologies, qui donnent aux machines de gigantesques pouvoirs d&rsquo;analyse d\u00e9passant de loin ceux des humains, peuvent avoir des aspects inqui\u00e9tants.<\/p>\n<p>\u00ab\u00a0Il faut une instance pour \u00e9mettre des avis, donner des jugements en toute ind\u00e9pendance, qui puisse \u00eatre saisie par le gouvernement comme par les citoyens, et qui nous dise voil\u00e0 +qui est acceptable ou non acceptable+\u00a0\u00bb, a argu\u00e9 C\u00e9dric Villani.<\/p>\n<p>La remise du rapport Villani s&rsquo;accompagne de la remise d&rsquo;un autre rapport pr\u00e9par\u00e9 par France Strat\u00e9gie, l&rsquo;organe de conseil strat\u00e9gique du gouvernement, qui cherche \u00e0 \u00e9valuer les cons\u00e9quences sur le march\u00e9 du travail de l&rsquo;introduction de ces technologies qui permettront d&rsquo;automatiser \u00e0 grande \u00e9chelle des t\u00e2ches aujourd&rsquo;hui effectu\u00e9es par des humains.<\/p>\n<p>Yann Le Cun, le Fran\u00e7ais qui dirige le laboratoire d&rsquo;intelligence artificielle de Facebook, s&rsquo;est f\u00e9licit\u00e9 des propositions du rapport Villani, pour lequel il a \u00e9t\u00e9 auditionn\u00e9.<\/p>\n<p>Le chercheur &#8211; invit\u00e9 au d\u00eener \u00e0 l\u2019\u00c9lys\u00e9e mercredi soir &#8211; a salu\u00e9 en particulier les propositions visant \u00e0 faciliter l&rsquo;acc\u00e8s des chercheurs aux donn\u00e9es, notamment dans le domaine de la sant\u00e9.<\/p>\n<p>\u00ab\u00a0L&rsquo;application des techniques d&rsquo;intelligence artificielle aux donn\u00e9es m\u00e9dicales peut r\u00e9volutionner certains domaines de la sant\u00e9\u00a0\u00bb, a-t-il indiqu\u00e9 \u00e0 l&rsquo;AFP.<\/p>\n<p>\u00ab\u00a0Le gouvernement a un r\u00f4le \u00e0 jouer pour mettre \u00e0 disposition des sources de donn\u00e9es (dans ce domaine) aux chercheurs\u00a0\u00bb, a-t-il soulign\u00e9.<\/p>\n<p>Patrick Albert, ancien patron d&rsquo;Ilog, une entreprise pionni\u00e8re de l&rsquo;intelligence artificielle en France, devenu pr\u00e9sident de l&rsquo;association Hub France IA, a salu\u00e9 le travail de la mission dirig\u00e9e par l&rsquo;ancien math\u00e9maticien.<\/p>\n<p>La France doit utiliser cette synth\u00e8se exhaustive pour prendre le leadership de la politique europ\u00e9enne en mati\u00e8re d&rsquo;intelligence artificielle, le seul \u00e9chelon qui vaille face aux g\u00e9ants chinois et am\u00e9ricains, a-t-il martel\u00e9.<\/p>\n<p>L&rsquo;Europe doit en particulier faire attention \u00e0 ce que ses donn\u00e9es industrielles ne tombent pas entre les mains des Gafam (Google Amazon Facebook Apple Microsoft) d\u00e9j\u00e0 en possession des donn\u00e9es personnelles de ses citoyens, estime-t-il.<\/p>\n<p>\u00ab\u00a0Si on ne leur donne pas ces donn\u00e9es industrielles, ils ne les auront pas\u00a0\u00bb, a-t-il soulign\u00e9.<\/p>\n","protected":false},"excerpt":{"rendered":"<p>Comment la France peut-elle devenir incontournable dans l&rsquo;intelligence artificielle et garder ses cerveaux courtis\u00e9s \u00e0 l&rsquo;\u00e9tranger ? Le d\u00e9put\u00e9 math\u00e9maticien C\u00e9dric Villani (LREM) a d\u00e9voil\u00e9 des pistes mercredi soir pour tenter de r\u00e9aliser de telles ambitions. Le rapport a \u00e9t\u00e9 rendu public peu avant un d\u00eener \u00e0 l\u2019\u00c9lys\u00e9e rassemblant autour du pr\u00e9sident de la R\u00e9publique [&hellip;]<\/p>\n","protected":false},"author":1,"featured_media":3468,"comment_status":"open","ping_status":"closed","sticky":false,"template":"","format":"standard","meta":{"footnotes":""},"categories":[30],"tags":[779],"class_list":["post-3244","post","type-post","status-publish","format-standard","has-post-thumbnail","hentry","category-actualite","tag-intelligence-artificielle"],"aioseo_notices":[],"_links":{"self":[{"href":"https:\/\/www.culturalusa.com\/news\/wp-json\/wp\/v2\/posts\/3244","targetHints":{"allow":["GET"]}}],"collection":[{"href":"https:\/\/www.culturalusa.com\/news\/wp-json\/wp\/v2\/posts"}],"about":[{"href":"https:\/\/www.culturalusa.com\/news\/wp-json\/wp\/v2\/types\/post"}],"author":[{"embeddable":true,"href":"https:\/\/www.culturalusa.com\/news\/wp-json\/wp\/v2\/users\/1"}],"replies":[{"embeddable":true,"href":"https:\/\/www.culturalusa.com\/news\/wp-json\/wp\/v2\/comments?post=3244"}],"version-history":[{"count":2,"href":"https:\/\/www.culturalusa.com\/news\/wp-json\/wp\/v2\/posts\/3244\/revisions"}],"predecessor-version":[{"id":13237,"href":"https:\/\/www.culturalusa.com\/news\/wp-json\/wp\/v2\/posts\/3244\/revisions\/13237"}],"wp:featuredmedia":[{"embeddable":true,"href":"https:\/\/www.culturalusa.com\/news\/wp-json\/wp\/v2\/media\/3468"}],"wp:attachment":[{"href":"https:\/\/www.culturalusa.com\/news\/wp-json\/wp\/v2\/media?parent=3244"}],"wp:term":[{"taxonomy":"category","embeddable":true,"href":"https:\/\/www.culturalusa.com\/news\/wp-json\/wp\/v2\/categories?post=3244"},{"taxonomy":"post_tag","embeddable":true,"href":"https:\/\/www.culturalusa.com\/news\/wp-json\/wp\/v2\/tags?post=3244"}],"curies":[{"name":"wp","href":"https:\/\/api.w.org\/{rel}","templated":true}]}}