{"id":3267,"date":"2018-04-28T00:59:59","date_gmt":"2018-04-27T22:59:59","guid":{"rendered":"http:\/\/www.culturalusa.com\/news\/?p=3267"},"modified":"2018-05-17T23:29:21","modified_gmt":"2018-05-17T21:29:21","slug":"apres-emmanuel-macron-donald-trump-recoit-angela-merkel","status":"publish","type":"post","link":"https:\/\/www.culturalusa.com\/news\/actualite\/apres-emmanuel-macron-donald-trump-recoit-angela-merkel\/","title":{"rendered":"Apr\u00e8s Emmanuel Macron, Donald Trump re\u00e7oit Angela Merkel"},"content":{"rendered":"<p><img loading=\"lazy\" decoding=\"async\" src=\"https:\/\/www.culturalusa.com\/news\/wp-content\/uploads\/2017\/07\/maison-blanche.jpeg\" alt=\"\" width=\"470\" height=\"285\" class=\"aligncenter size-full wp-image-2757\" srcset=\"https:\/\/www.culturalusa.com\/news\/wp-content\/uploads\/2017\/07\/maison-blanche.jpeg 470w, https:\/\/www.culturalusa.com\/news\/wp-content\/uploads\/2017\/07\/maison-blanche-275x167.jpeg 275w\" sizes=\"auto, (max-width: 470px) 100vw, 470px\" \/>Trois jours apr\u00e8s Emmanuel Macron, le pr\u00e9sident am\u00e9ricain Donald Trump a re\u00e7u Angela Merkel \u00e0 la Maison Blanche avec beaucoup moins de d\u00e9corum mais les m\u00eames d\u00e9saccords marqu\u00e9s, du dossier nucl\u00e9aire iranien aux tarifs douaniers.<\/p>\n<p>La chanceli\u00e8re allemande assise \u00e0 ses c\u00f4t\u00e9 dans le Bureau ovale, le pr\u00e9sident am\u00e9ricain a lou\u00e9 \u00ab\u00a0une femme extraordinaire\u00a0\u00bb, assurant, en d\u00e9pit de r\u00e9els moments de tensions au cours de l&rsquo;ann\u00e9e \u00e9coul\u00e9e, avoir toujours eu d'\u00a0\u00bbexcellentes relations\u00a0\u00bb avec elle.<\/p>\n<p>Les deux dirigeants se sont bri\u00e8vement serr\u00e9 la main dans le Bureau ovale, mais leurs retrouvailles n&rsquo;ont, sans surprises, pas donn\u00e9 lieu aux embrassades, tapes dans le dos et signes ostensibles de complicit\u00e9 affich\u00e9s par le pr\u00e9sident am\u00e9ricain et son homologue fran\u00e7ais en d\u00e9but de semaine.<\/p>\n<p>La br\u00e8ve visite de Mme Merkel, au cours de laquelle une conf\u00e9rence de presse commune est pr\u00e9vue, contraste avec la \u00ab\u00a0visite d&rsquo;Etat\u00a0\u00bb \u00e0 laquelle M. Macron a eu droite, entre tapis rouge et d\u00eener fin avec tarte aux nectarines infus\u00e9e de miel de la Maison Blanche.<\/p>\n<p>Sur le fond, les discussions entre le pr\u00e9sident am\u00e9ricain, au pouvoir depuis 15 mois, et la chanceli\u00e8re allemande, qui a obtenu un quatri\u00e8me mandat \u00e0 l&rsquo;issue de plusieurs mois de tractations dont elle est ressortie affaiblie, s&rsquo;annoncent particuli\u00e8rement tendues.<\/p>\n<p>\u00ab\u00a0Il \u00e9tait important pour cette premi\u00e8re visite en dehors d&rsquo;Europe de venir aux Etats-Unis pour (&#8230;) approfondir encore les relations (entre les deux pays)\u00a0\u00bb, a soulign\u00e9 Mme Merkel, lors de br\u00e8ves remarques au cours desquels elle n&rsquo;a pas \u00e9voqu\u00e9 les points de discorde.<\/p>\n<p>L&rsquo;ancien homme d&rsquo;affaires de New York a promulgu\u00e9 des taxes de 25% sur les importations d&rsquo;acier et de 10% sur celles d&rsquo;aluminium en mars, accusant ses partenaires commerciaux de pratiques d\u00e9loyales. Il en a n\u00e9anmoins exempt\u00e9 l&rsquo;Union europ\u00e9enne jusqu&rsquo;au 1er mai.<\/p>\n<p>Concessions ?<\/p>\n<p>Or Larry Kudlow, son principal conseiller \u00e9conomique, a pr\u00e9venu jeudi que ces exemptions ne seraient prolong\u00e9es que si les Etats-Unis obtenaient des concessions, \u00e9voquant en particulier le secteur automobile.<\/p>\n<p>Ses d\u00e9clarations ont entra\u00een\u00e9 une r\u00e9ponse cinglante du ministre fran\u00e7ais de l&rsquo;Economie et des Finances Bruno Le Maire, qui a assur\u00e9 que l&rsquo;Union europ\u00e9enne saurait r\u00e9agir en cas de \u00ab\u00a0guerre commerciale\u00a0\u00bb. \u00ab\u00a0Pourquoi ferions-nous des concessions? Au nom de qui, au nom de quoi ?\u00a0\u00bb, a-t-il lanc\u00e9.<\/p>\n<p>La chanceli\u00e8re allemande, arriv\u00e9e dans la capitale f\u00e9d\u00e9rale am\u00e9ricaine jeudi dans la soir\u00e9e, se fait peu d&rsquo;illusions sur ce dossier \u00e9pineux.<\/p>\n<p>\u00ab\u00a0On doit partir du principe que les taxes douani\u00e8res seront l\u00e0 le 1er mai\u00a0\u00bb, a indiqu\u00e9 un responsable gouvernemental allemand sous couvert de l&rsquo;anonymat, \u00ab\u00a0il nous faudra voir ce que nous allons faire\u00a0\u00bb.<\/p>\n<p>L&rsquo;autre objectif de Mme Merkel est de tenter de convaincre le pr\u00e9sident am\u00e9ricain que l&rsquo;accord sur le nucl\u00e9aire iranien doit \u00eatre pr\u00e9serv\u00e9, faute de quoi T\u00e9h\u00e9ran pourrait reprendre sa qu\u00eate de l&rsquo;arme atomique et provoquer une course \u00e0 l&rsquo;armement dans une r\u00e9gion instable.<\/p>\n<p>Mais \u00e0 l&rsquo;approche de la date-butoir du 12 mai, les signaux sont peu encourageants. Le pr\u00e9sident r\u00e9publicain semble se pr\u00e9parer \u00e0 \u00ab\u00a0d\u00e9chirer\u00a0\u00bb ce texte n\u00e9goci\u00e9 par son pr\u00e9d\u00e9cesseur d\u00e9mocrate Barack Obama.<\/p>\n<p>A l&rsquo;issue de sa visite de trois jours \u00e0 Washington, Emmanuel Macron a dit avoir le sentiment que Donald Trump allait retirer les Etats-Unis de cet accord \u00ab\u00a0pour des raisons de politique int\u00e9rieure\u00a0\u00bb.<\/p>\n<p>Except\u00e9 Washington, tous les signataires &#8211;Paris, Berlin, Londres, l&rsquo;UE, P\u00e9kin et Moscou &#8212; et les inspecteurs internationaux consid\u00e8rent que T\u00e9h\u00e9ran tient ses engagements.<\/p>\n<p>\u00ab\u00a0Le principal probl\u00e8me de Merkel est qu&rsquo;elle doit \u00eatre \u00e0 la hauteur des attentes selon lesquelles elle est d\u00e9sormais le v\u00e9ritable leader du monde libre\u00a0\u00bb, souligne Mona Krewel de Cornell University. \u00ab\u00a0Trump ne devrait rien faire pour lui faciliter la t\u00e2che\u00a0\u00bb, pr\u00e9dit-elle. (AFP)<\/p>\n","protected":false},"excerpt":{"rendered":"<p>Trois jours apr\u00e8s Emmanuel Macron, le pr\u00e9sident am\u00e9ricain Donald Trump a re\u00e7u Angela Merkel \u00e0 la Maison Blanche avec beaucoup moins de d\u00e9corum mais les m\u00eames d\u00e9saccords marqu\u00e9s, du dossier nucl\u00e9aire iranien aux tarifs douaniers. La chanceli\u00e8re allemande assise \u00e0 ses c\u00f4t\u00e9 dans le Bureau ovale, le pr\u00e9sident am\u00e9ricain a lou\u00e9 \u00ab\u00a0une femme extraordinaire\u00a0\u00bb, assurant, [&hellip;]<\/p>\n","protected":false},"author":1,"featured_media":0,"comment_status":"open","ping_status":"closed","sticky":false,"template":"","format":"standard","meta":{"footnotes":""},"categories":[30],"tags":[36,574,642],"class_list":["post-3267","post","type-post","status-publish","format-standard","hentry","category-actualite","tag-angela-merkel","tag-donald-trump","tag-emmanuel-macron"],"aioseo_notices":[],"_links":{"self":[{"href":"https:\/\/www.culturalusa.com\/news\/wp-json\/wp\/v2\/posts\/3267","targetHints":{"allow":["GET"]}}],"collection":[{"href":"https:\/\/www.culturalusa.com\/news\/wp-json\/wp\/v2\/posts"}],"about":[{"href":"https:\/\/www.culturalusa.com\/news\/wp-json\/wp\/v2\/types\/post"}],"author":[{"embeddable":true,"href":"https:\/\/www.culturalusa.com\/news\/wp-json\/wp\/v2\/users\/1"}],"replies":[{"embeddable":true,"href":"https:\/\/www.culturalusa.com\/news\/wp-json\/wp\/v2\/comments?post=3267"}],"version-history":[{"count":0,"href":"https:\/\/www.culturalusa.com\/news\/wp-json\/wp\/v2\/posts\/3267\/revisions"}],"wp:attachment":[{"href":"https:\/\/www.culturalusa.com\/news\/wp-json\/wp\/v2\/media?parent=3267"}],"wp:term":[{"taxonomy":"category","embeddable":true,"href":"https:\/\/www.culturalusa.com\/news\/wp-json\/wp\/v2\/categories?post=3267"},{"taxonomy":"post_tag","embeddable":true,"href":"https:\/\/www.culturalusa.com\/news\/wp-json\/wp\/v2\/tags?post=3267"}],"curies":[{"name":"wp","href":"https:\/\/api.w.org\/{rel}","templated":true}]}}