{"id":3281,"date":"2018-05-03T00:30:51","date_gmt":"2018-05-02T22:30:51","guid":{"rendered":"http:\/\/www.culturalusa.com\/news\/?p=3281"},"modified":"2018-05-17T23:27:49","modified_gmt":"2018-05-17T21:27:49","slug":"la-hongrie-a-refuse-de-ratifier-une-declaration-euro-africaine-sur-la-migration","status":"publish","type":"post","link":"https:\/\/www.culturalusa.com\/news\/actualite\/la-hongrie-a-refuse-de-ratifier-une-declaration-euro-africaine-sur-la-migration\/","title":{"rendered":"La Hongrie a refus\u00e9 de ratifier une d\u00e9claration euro-africaine sur la migration"},"content":{"rendered":"<p><img loading=\"lazy\" decoding=\"async\" src=\"https:\/\/www.culturalusa.com\/news\/wp-content\/uploads\/2018\/05\/Peter_Szijarto.jpg\" alt=\"\" width=\"470\" height=\"313\" class=\"aligncenter size-full wp-image-3283\" srcset=\"https:\/\/www.culturalusa.com\/news\/wp-content\/uploads\/2018\/05\/Peter_Szijarto.jpg 470w, https:\/\/www.culturalusa.com\/news\/wp-content\/uploads\/2018\/05\/Peter_Szijarto-275x183.jpg 275w\" sizes=\"auto, (max-width: 470px) 100vw, 470px\" \/>La Hongrie refuse de ratifier une d\u00e9claration euro-africaine reconnaissant \u00ab\u00a0les avantages des migrations en termes de d\u00e9veloppement\u00a0\u00bb adopt\u00e9e lors d&rsquo;une conf\u00e9rence minist\u00e9rielle au Maroc r\u00e9unissant une soixantaine de pays d&rsquo;Europe et d&rsquo;Afrique.<\/p>\n<p>La \u00ab\u00a0d\u00e9claration politique de Marrakech\u00a0\u00bb a \u00e9t\u00e9 sign\u00e9e par les repr\u00e9sentants de 55 pays (27 europ\u00e9ens et 28 africains).<\/p>\n<p>Ce texte \u00ab\u00a0d\u00e9peint la migration comme un ph\u00e9nom\u00e8ne n\u00e9cessairement positif&#8230; qui contribue au d\u00e9veloppement global, nous pensons que c&rsquo;est une approche d\u00e9s\u00e9quilibr\u00e9e et nous la d\u00e9sapprouvons\u00a0\u00bb, a d\u00e9clar\u00e9 le ministre hongrois des Affaires \u00e9trang\u00e8res Peter Szijarto.<\/p>\n<p>\u00ab\u00a0Notre position est que nous devons nous concentrer sur les moyens de stopper l&rsquo;immigration ill\u00e9gale et non l&rsquo;encourager\u00a0\u00bb, a-t-il dit lors de cette conf\u00e9rence organis\u00e9e \u00e0 Marrakech.<\/p>\n<p>\u00ab\u00a0Nous ne pouvons pas nier que la migration a un aspect s\u00e9curitaire crucial: il est inacceptable que ce soit laiss\u00e9 de c\u00f4t\u00e9 dans ce document\u00a0\u00bb, a-t-il dit en \u00e9voquant notamment les attentats qui ont ensanglant\u00e9 l&rsquo;Europe ces derni\u00e8res ann\u00e9es.<\/p>\n<p>La Hongrie rejette \u00ab\u00a0l&rsquo;approche internationale actuelle (qui) se concentre sur la fa\u00e7on de g\u00e9rer la migration\u00a0\u00bb, alors qu&rsquo;il faudrait \u00ab\u00a0stopper le flux ill\u00e9gal en Europe\u00a0\u00bb, a-t-il encore insist\u00e9.<\/p>\n<p>La d\u00e9claration de Marrakech plaide pour une \u00ab\u00a0approche fond\u00e9e sur les droits de l&rsquo;Homme\u00a0\u00bb, sur la \u00ab\u00a0protection des migrants en situation vuln\u00e9rable\u00a0\u00bb et sur le d\u00e9veloppement d&rsquo;une communication permettant de lutter contre \u00ab\u00a0la x\u00e9nophobie, le racisme et les discriminations\u00a0\u00bb.<\/p>\n<p>Le texte comprend aussi un volet consacr\u00e9 \u00e0 la lutte contre l&rsquo;immigration clandestine et l&rsquo;aide au retour des migrants, points cruciaux pour les Europ\u00e9ens qui affrontent une crise migratoire sans pr\u00e9c\u00e9dent.<\/p>\n<p>\u00ab\u00a0Nous devons ensemble sortir de cet engrenage de la mobilit\u00e9 sauvage et inorganis\u00e9e pour r\u00e9tablir la confiance dans une migration positive pour nous tous\u00a0\u00bb, a soulign\u00e9 le commissaire europ\u00e9en \u00e0 la Migration Dimitri Avramopoulos.<\/p>\n<p>\u00ab\u00a0Seule une coop\u00e9ration effective&#8230; peut d\u00e9courager l&rsquo;utilisation des routes clandestines et dangereuses\u00a0\u00bb, a-t-il dit.<\/p>\n<p>La Hongrie, o\u00f9 le Premier ministre souverainiste Viktor Orban vient d&rsquo;\u00eatre r\u00e9\u00e9lu, s&rsquo;est illustr\u00e9e depuis 2015 par sa politique hostile \u00e0 l&rsquo;accueil de migrants extra-europ\u00e9ens, position qui l&rsquo;a expos\u00e9e aux critiques de ses partenaires europ\u00e9ens.<\/p>\n<p>La d\u00e9cision hongroise \u00ab\u00a0ne diminuera en rien la d\u00e9termination des autres membres europ\u00e9ens\u00a0\u00bb de trouver des r\u00e9ponses communes, a d\u00e9clar\u00e9 Didier Reynders, le ministre belge des Affaires \u00e9trang\u00e8res.<\/p>\n<p>Le dialogue men\u00e9 \u00e0 Marrakech repose sur une \u00ab\u00a0id\u00e9e partag\u00e9e sur l&rsquo;impact positif que la migration peut avoir sur le d\u00e9veloppement lorsque les politiques migratoires sont bien g\u00e9r\u00e9es\u00a0\u00bb, a-t-il ajout\u00e9.<\/p>\n<p>\u00ab\u00a0La migration est trop riche pour \u00eatre ramen\u00e9e \u00e0 l&rsquo;immigration irr\u00e9guli\u00e8re\u00a0\u00bb, a pour sa part insist\u00e9 le chef de la diplomatie marocaine Nasser Bourita en appelant les pays europ\u00e9ens \u00e0 aller \u00ab\u00a0au del\u00e0 du contr\u00f4le des fronti\u00e8res et de la lutte contre le trafic de migrants\u00a0\u00bb.<\/p>\n<p>Le Maroc, qui pilote le dossier migration au sein de l&rsquo;Union africaine, plaide pour que la \u00ab\u00a0logique d&rsquo;assistanat vertical c\u00e8de le pas \u00e0 un partenariat transversal\u00a0\u00bb entre l&rsquo;Europe et l&rsquo;Afrique, selon lui.<\/p>\n<p>Le royaume doit accueillir en d\u00e9cembre une conf\u00e9rence internationale de l&rsquo;ONU sur la migration qui devrait d\u00e9boucher sur l&rsquo;adoption d&rsquo;un Pacte mondial en cours de discussion. (AFP)<\/p>\n","protected":false},"excerpt":{"rendered":"<p>La Hongrie refuse de ratifier une d\u00e9claration euro-africaine reconnaissant \u00ab\u00a0les avantages des migrations en termes de d\u00e9veloppement\u00a0\u00bb adopt\u00e9e lors d&rsquo;une conf\u00e9rence minist\u00e9rielle au Maroc r\u00e9unissant une soixantaine de pays d&rsquo;Europe et d&rsquo;Afrique. La \u00ab\u00a0d\u00e9claration politique de Marrakech\u00a0\u00bb a \u00e9t\u00e9 sign\u00e9e par les repr\u00e9sentants de 55 pays (27 europ\u00e9ens et 28 africains). Ce texte \u00ab\u00a0d\u00e9peint la [&hellip;]<\/p>\n","protected":false},"author":1,"featured_media":0,"comment_status":"open","ping_status":"closed","sticky":false,"template":"","format":"standard","meta":{"footnotes":""},"categories":[30],"tags":[809,810],"class_list":["post-3281","post","type-post","status-publish","format-standard","hentry","category-actualite","tag-hongrie","tag-migration"],"aioseo_notices":[],"_links":{"self":[{"href":"https:\/\/www.culturalusa.com\/news\/wp-json\/wp\/v2\/posts\/3281","targetHints":{"allow":["GET"]}}],"collection":[{"href":"https:\/\/www.culturalusa.com\/news\/wp-json\/wp\/v2\/posts"}],"about":[{"href":"https:\/\/www.culturalusa.com\/news\/wp-json\/wp\/v2\/types\/post"}],"author":[{"embeddable":true,"href":"https:\/\/www.culturalusa.com\/news\/wp-json\/wp\/v2\/users\/1"}],"replies":[{"embeddable":true,"href":"https:\/\/www.culturalusa.com\/news\/wp-json\/wp\/v2\/comments?post=3281"}],"version-history":[{"count":0,"href":"https:\/\/www.culturalusa.com\/news\/wp-json\/wp\/v2\/posts\/3281\/revisions"}],"wp:attachment":[{"href":"https:\/\/www.culturalusa.com\/news\/wp-json\/wp\/v2\/media?parent=3281"}],"wp:term":[{"taxonomy":"category","embeddable":true,"href":"https:\/\/www.culturalusa.com\/news\/wp-json\/wp\/v2\/categories?post=3281"},{"taxonomy":"post_tag","embeddable":true,"href":"https:\/\/www.culturalusa.com\/news\/wp-json\/wp\/v2\/tags?post=3281"}],"curies":[{"name":"wp","href":"https:\/\/api.w.org\/{rel}","templated":true}]}}