{"id":3330,"date":"2018-05-10T11:22:58","date_gmt":"2018-05-10T09:22:58","guid":{"rendered":"http:\/\/www.culturalusa.com\/news\/?p=3330"},"modified":"2018-05-17T23:25:45","modified_gmt":"2018-05-17T21:25:45","slug":"macron-leurope-doit-garantir-lordre-multilateral-mondial","status":"publish","type":"post","link":"https:\/\/www.culturalusa.com\/news\/actualite\/macron-leurope-doit-garantir-lordre-multilateral-mondial\/","title":{"rendered":"Macron: L&rsquo;Europe doit \u00ab\u00a0garantir l&rsquo;ordre multilat\u00e9ral\u00a0\u00bb mondial"},"content":{"rendered":"<p><img loading=\"lazy\" decoding=\"async\" src=\"https:\/\/www.culturalusa.com\/news\/wp-content\/uploads\/2013\/03\/bce-fmi.jpg\" alt=\"\" width=\"467\" height=\"280\" class=\"aligncenter size-full wp-image-975\" srcset=\"https:\/\/www.culturalusa.com\/news\/wp-content\/uploads\/2013\/03\/bce-fmi.jpg 467w, https:\/\/www.culturalusa.com\/news\/wp-content\/uploads\/2013\/03\/bce-fmi-275x165.jpg 275w\" sizes=\"auto, (max-width: 467px) 100vw, 467px\" \/>L&rsquo;Europe est d\u00e9sormais \u00ab\u00a0en charge de garantir l&rsquo;ordre multilat\u00e9ral\u00a0\u00bb mondial fragilis\u00e9, a d\u00e9clar\u00e9 le pr\u00e9sident fran\u00e7ais Emmanuel Macron, au lendemain de la d\u00e9cision des Etats-Unis de sortir de l&rsquo;accord sur le nucl\u00e9aire iranien.<\/p>\n<p>\u00ab\u00a0Nous sommes \u00e0 un moment historique pour l&rsquo;Europe (qui) est en charge de garantir cet ordre multilat\u00e9ral que nous avons cr\u00e9\u00e9 \u00e0 la fin de la Deuxi\u00e8me Guerre mondiale et qui est parfois aujourd&rsquo;hui bouscul\u00e9\u00a0\u00bb, a estim\u00e9 le chef de l&rsquo;Etat fran\u00e7ais dans une interview \u00e0 la t\u00e9l\u00e9vision publique allemande.<\/p>\n<p>Le pr\u00e9sident am\u00e9ricain Donald Trump a d\u00e9cid\u00e9 de sortir les Etats-Unis de l&rsquo;accord sign\u00e9 en 2015 entre l&rsquo;Iran et les grandes puissances, en vue de contenir ses ambitions nucl\u00e9aires.<\/p>\n<p>Cette d\u00e9cision intervient apr\u00e8s plusieurs annonces similaires de Washington, comme la sortie l&rsquo;an dernier de l&rsquo;accord de Paris sur le climat ou la menace d&rsquo;instaurer des droits de douane punitifs. Elles s&rsquo;inscrivent dans la volont\u00e9 affich\u00e9e de M. Trump de rompre avec le multilat\u00e9ralisme.<\/p>\n<p>\u00ab\u00a0Il y a des \u00e9l\u00e9ments de tensions mais il y a aussi des \u00e9l\u00e9ments d&rsquo;ancrage et de liens tr\u00e8s forts\u00a0\u00bb, a soulign\u00e9 M. Macron, qui doit recevoir jeudi en Allemagne le prix Charlemagne r\u00e9compensant \u00ab\u00a0sa vision forte pour une nouvelle Europe\u00a0\u00bb.<\/p>\n<p>Avec les Etats-Unis \u00ab\u00a0sur l&rsquo;Iran, nous avons un d\u00e9saccord\u00a0\u00bb, a dit M. Macron.<\/p>\n<p>Sur le plan commercial, \u00ab\u00a0je crois que l&rsquo;Europe doit se faire respecter, nous sommes une grande puissance du commerce international\u00a0\u00bb, a poursuivi M. Macron, alors que Donald Trump menace plusieurs pays, dont ceux de l&rsquo;Union europ\u00e9enne, d&rsquo;imposer des droits de douanes sur les importations d&rsquo;acier et d&rsquo;aluminium.<\/p>\n<p>\u00ab\u00a0Nous avons des r\u00e8gles, celles de l&rsquo;Organisation mondiale du commerce, nous devons les faire respecter et les respecter mutuellement\u00a0\u00bb, a insist\u00e9 le pr\u00e9sident fran\u00e7ais.<\/p>\n<p>Son homologue allemand, Frank-Walter Steinmeier, s&rsquo;est dit il y a quelques jours \u00ab\u00a0r\u00e9ellement inquiet\u00a0\u00bb de la tournure des relations transatlantiques depuis l&rsquo;arriv\u00e9e au pouvoir de Donald Trump.<\/p>\n<p>\u00ab\u00a0Nous avons une nouvelle administration am\u00e9ricaine qui ne nous consid\u00e8re plus comme faisant partie d&rsquo;une communaut\u00e9 mondiale au sein de laquelle nous agissons ensemble, mais voit le monde fondamentalement comme une ar\u00e8ne dans laquelle chacun doit trouver son propre chemin\u00a0\u00bb, a-t-il jug\u00e9.<\/p>\n<p>Dans ce contexte, M. Macron a exhort\u00e9 dans son interview la chanceli\u00e8re Angela Merkel \u00e0 accepter des r\u00e9formes ambitieuses de Europe post-Brexit, alors que Berlin bloque depuis plusieurs semaines des suggestions faites par le chef de l&rsquo;Etat fran\u00e7ais sur la zone euro en particulier.<\/p>\n<p>\u00ab\u00a0L&rsquo;Allemagne va avoir \u00e0 formuler d&rsquo;ici au mois de juin sa r\u00e9ponse, c&rsquo;est celle-ci que j&rsquo;attends et j&rsquo;esp\u00e8re beaucoup de la chanceli\u00e8re et de son gouvernement pour \u00eatre \u00e0 la hauteur de ce moment historique\u00a0\u00bb, a-t-il dit \u00e0 la t\u00e9l\u00e9vision publique allemande.<\/p>\n<p>Le gouvernement allemand est tr\u00e8s sceptique sur les id\u00e9es de cr\u00e9er un budget de la zone euro pour soutenir les investissements ou un poste de ministre des Finances de l&rsquo;Union mon\u00e9taire. Il redoute au final de devoir payer pour les pays du Sud de l&rsquo;Europe \u00e0 ses yeux trop d\u00e9pensiers.<\/p>\n<p>Sur ce point, M. Macron a insist\u00e9 sur les r\u00e9formes \u00e9conomiques initi\u00e9es dans son pays. \u00ab\u00a0Je veux que tout le monde aie pleinement en t\u00eate que la France d&rsquo;aujourd&rsquo;hui n&rsquo;est plus celle d&rsquo;il y a un an et que parfois dans le d\u00e9bat allemand, que je suis avec beaucoup d&rsquo;attention, on a pas tout le temps int\u00e9gr\u00e9 que la France avait profond\u00e9ment chang\u00e9\u00a0\u00bb, a-t-il dit. (AFP)<\/p>\n","protected":false},"excerpt":{"rendered":"<p>L&rsquo;Europe est d\u00e9sormais \u00ab\u00a0en charge de garantir l&rsquo;ordre multilat\u00e9ral\u00a0\u00bb mondial fragilis\u00e9, a d\u00e9clar\u00e9 le pr\u00e9sident fran\u00e7ais Emmanuel Macron, au lendemain de la d\u00e9cision des Etats-Unis de sortir de l&rsquo;accord sur le nucl\u00e9aire iranien. \u00ab\u00a0Nous sommes \u00e0 un moment historique pour l&rsquo;Europe (qui) est en charge de garantir cet ordre multilat\u00e9ral que nous avons cr\u00e9\u00e9 \u00e0 [&hellip;]<\/p>\n","protected":false},"author":1,"featured_media":0,"comment_status":"open","ping_status":"closed","sticky":false,"template":"","format":"standard","meta":{"footnotes":""},"categories":[30],"tags":[812,813],"class_list":["post-3330","post","type-post","status-publish","format-standard","hentry","category-actualite","tag-multilateralisme","tag-organisation-mondiale-du-commerce"],"aioseo_notices":[],"_links":{"self":[{"href":"https:\/\/www.culturalusa.com\/news\/wp-json\/wp\/v2\/posts\/3330","targetHints":{"allow":["GET"]}}],"collection":[{"href":"https:\/\/www.culturalusa.com\/news\/wp-json\/wp\/v2\/posts"}],"about":[{"href":"https:\/\/www.culturalusa.com\/news\/wp-json\/wp\/v2\/types\/post"}],"author":[{"embeddable":true,"href":"https:\/\/www.culturalusa.com\/news\/wp-json\/wp\/v2\/users\/1"}],"replies":[{"embeddable":true,"href":"https:\/\/www.culturalusa.com\/news\/wp-json\/wp\/v2\/comments?post=3330"}],"version-history":[{"count":0,"href":"https:\/\/www.culturalusa.com\/news\/wp-json\/wp\/v2\/posts\/3330\/revisions"}],"wp:attachment":[{"href":"https:\/\/www.culturalusa.com\/news\/wp-json\/wp\/v2\/media?parent=3330"}],"wp:term":[{"taxonomy":"category","embeddable":true,"href":"https:\/\/www.culturalusa.com\/news\/wp-json\/wp\/v2\/categories?post=3330"},{"taxonomy":"post_tag","embeddable":true,"href":"https:\/\/www.culturalusa.com\/news\/wp-json\/wp\/v2\/tags?post=3330"}],"curies":[{"name":"wp","href":"https:\/\/api.w.org\/{rel}","templated":true}]}}