{"id":3528,"date":"2018-05-19T22:06:05","date_gmt":"2018-05-19T20:06:05","guid":{"rendered":"https:\/\/www.culturalusa.com\/news\/?p=3528"},"modified":"2020-10-20T18:02:03","modified_gmt":"2020-10-20T16:02:03","slug":"liran-accueille-avec-circonspection-les-engagements-de-lue","status":"publish","type":"post","link":"https:\/\/www.culturalusa.com\/news\/actualite\/liran-accueille-avec-circonspection-les-engagements-de-lue\/","title":{"rendered":"L&rsquo;Iran accueille avec circonspection les engagements de l&rsquo;UE"},"content":{"rendered":"<p>L&rsquo;Iran a dit attendre des mesures concr\u00e8tes de la part des Europ\u00e9ens pour d\u00e9cider si l&rsquo;accord sur le <strong>nucl\u00e9aire<\/strong> pouvait \u00eatre sauv\u00e9, au premier jour d&rsquo;une visite \u00e0 T\u00e9h\u00e9ran du commissaire europ\u00e9en \u00e0 l&rsquo;Energie, Miguel Arias Canete.<\/p>\n<p>M. Canete est le premier responsable occidental \u00e0 \u00eatre re\u00e7u dans la capitale iranienne depuis la d\u00e9cision des Etats-Unis de se retirer de l&rsquo;accord historique sign\u00e9 en 2015 entre T\u00e9h\u00e9ran et six grandes puissances afin de limiter le programme nucl\u00e9aire iranien.<\/p>\n<p>Washington r\u00e9imposera des sanctions \u00e9conomiques \u00e0 l&rsquo;Iran et aux entreprises \u00e9trang\u00e8res qui auraient des liens avec ce pays, for\u00e7ant ainsi certaines soci\u00e9t\u00e9s, notamment europ\u00e9ennes, \u00e0 renoncer \u00e0 leurs investissements en Iran.<\/p>\n<p>Le g\u00e9ant fran\u00e7ais de l&rsquo;\u00e9nergie Engie (ex-GDF Suez) a annonc\u00e9 samedi qu&rsquo;il se d\u00e9sengagera de ses activit\u00e9s d&rsquo;ing\u00e9nierie en Iran d&rsquo;ici au mois de novembre afin d&rsquo;\u00e9viter les sanctions. Le groupe p\u00e9trolier Total avait lui indiqu\u00e9 mercredi qu&rsquo;il ne m\u00e8nerait pas \u00e0 terme un grand projet gazier s&rsquo;il n&rsquo;obtient pas une d\u00e9rogation de Washington.<\/p>\n<p>L&rsquo;UE a indiqu\u00e9 cette semaine chercher \u00ab\u00a0des solutions pratiques pour permettre \u00e0 l&rsquo;Iran de continuer ses ventes de p\u00e9trole et de gaz, poursuivre ses transactions bancaires, maintenir les liaisons a\u00e9riennes et maritimes\u00a0\u00bb.<\/p>\n<p>L&rsquo;euro va ainsi devenir la devise pour les transactions sur le p\u00e9trole iranien, r\u00e9gl\u00e9es via des transferts entre les Banques centrales europ\u00e9ennes et la Banque centrale iranienne.<\/p>\n<p>Des assurances seront souscrites dans les Etats europ\u00e9ens importateurs pour les cargaisons, comme cela se fait en Gr\u00e8ce, en France et en Italie, a expliqu\u00e9 M. Canete \u00e0 l&rsquo;issue d&rsquo;une r\u00e9union avec le ministre du P\u00e9trole, Bijan Namdar Zanghaneh.<\/p>\n<p>Le ministre iranien a d\u00e9clar\u00e9 que l&rsquo;Iran n&rsquo;avait \u00ab\u00a0pas l&rsquo;intention de modifier le niveau actuel de ses exportations\u00a0\u00bb, dont 20% vers l&rsquo;UE et 70% vers la Chine et d&rsquo;autres pays d&rsquo;Asie. L&rsquo;Iran produit actuellement 3,8 millions de barils de p\u00e9trole par jour (mbj) et exporte environ 2,6 mbj de p\u00e9trole brut et de condensat de gaz.<\/p>\n<p>M. Zanganeh a ajout\u00e9 que l&rsquo;Iran avait aussi \u00ab\u00a0n\u00e9goci\u00e9\u00a0\u00bb avec ses clients asiatiques, en particulier la Chine et l&rsquo;Inde, et n&rsquo;avait pas re\u00e7u de signal \u00ab\u00a0n\u00e9gatif\u00a0\u00bb de leur part, selon l&rsquo;agence de presse Irna.<\/p>\n<p><strong>Beaucoup de possibilit\u00e9s<\/strong><\/p>\n<p>Pr\u00e9server l&rsquo;accord nucl\u00e9aire est \u00ab\u00a0fondamental pour la paix dans la r\u00e9gion\u00a0\u00bb, a soutenu le commissaire europ\u00e9en lors d&rsquo;une rencontre avec le vice-pr\u00e9sident iranien Ali Akbar Salehi.<\/p>\n<p>Bruxelles a lanc\u00e9 vendredi une proc\u00e9dure visant \u00e0 activer la \u00ab\u00a0loi de blocage\u00a0\u00bb afin de contrecarrer les effets extraterritoriaux des sanctions am\u00e9ricaines pour les entreprises europ\u00e9ennes voulant investir en Iran. Elle sera surtout utile pour les petites et moyennes entreprises, peu expos\u00e9es aux Etats-Unis, a soulign\u00e9 le commissaire.<\/p>\n<p>\u00ab\u00a0Pour le moment (&#8230;) nous attendons de voir si ces mesures d\u00e9bouchent sur des r\u00e9sultats tangibles\u00a0\u00bb, a d\u00e9clar\u00e9 M. Salehi. \u00ab\u00a0Dans le cas contraire, nous serons contraints de prendre une d\u00e9cision que personnellement je ne souhaite pas\u00a0\u00bb, a-t-il poursuivi.<\/p>\n<p>L&rsquo;Iran a auparavant menac\u00e9 de relancer son programme d&rsquo;enrichissement d&rsquo;uranium \u00e0 un \u00ab\u00a0niveau industriel\u00a0\u00bb. \u00ab\u00a0Nous avons beaucoup de possibilit\u00e9s et de combinaisons possibles\u00a0\u00bb pour cette d\u00e9cision, a soulign\u00e9 M. Salehi, qui dirige aussi l&rsquo;Organisation iranienne de l&rsquo;\u00e9nergie atomique (OIEA).<\/p>\n<p>\u00ab\u00a0La balle est dans le camp de l&rsquo;Union europ\u00e9enne\u00a0\u00bb, a-t-il r\u00e9sum\u00e9 lors d&rsquo;un entretien avec des journalistes accompagnant M. Canete, r\u00e9affirmant l&rsquo;opposition de l&rsquo;Iran \u00e0 toute ren\u00e9gociation de l&rsquo;accord de 2015.<\/p>\n<p><strong>Attendons quelques semaines<\/strong><\/p>\n<p>L&rsquo;accord nucl\u00e9aire de 2015 vise \u00e0 faciliter les \u00e9changes commerciaux avec l&rsquo;Iran et \u00e0 relancer son \u00e9conomie, en levant de lourdes sanctions internationales en \u00e9change d&rsquo;un engagement de T\u00e9h\u00e9ran \u00e0 limiter ses activit\u00e9s nucl\u00e9aires.<\/p>\n<p>Le pr\u00e9sident am\u00e9ricain Donald Trump juge le texte trop laxiste sur l&rsquo;aspect nucl\u00e9aire, et estime qu&rsquo;il ne s&rsquo;attaque pas aux missiles balistiques de T\u00e9h\u00e9ran. T\u00e9h\u00e9ran refuse toute n\u00e9gociation sur le programme balistique du pays.<\/p>\n<p>M. Canete doit rencontrer dimanche le chef de la diplomatie iranienne Mohammad Javad Zarif.<\/p>\n<p>M. Salehi a press\u00e9 samedi les Europ\u00e9ens \u00e0 rapidement concr\u00e9tiser leurs engagements. \u00ab\u00a0Si rien ne vient, la majorit\u00e9 de la population nous forcera \u00e0 l&rsquo;abandonner\u00a0\u00bb (l&rsquo;accord), a-t-il averti.<\/p>\n<p>\u00ab\u00a0Attendons encore quelques semaines et voyons comment tout cela se d\u00e9veloppe\u00a0\u00bb, a-t-il ajout\u00e9.<\/p>\n<p>M. Canete a reconnu que la t\u00e2che ne serait pas facile, car nombre d&rsquo;entreprises europ\u00e9ennes engag\u00e9es en Iran parlent de quitter le pays pour \u00e9viter les cons\u00e9quences des sanctions am\u00e9ricaines, comme la perte de leur licence aux Etats-Unis pour les banques. (AFP)<\/p>\n","protected":false},"excerpt":{"rendered":"<p>L&rsquo;Iran a dit attendre des mesures concr\u00e8tes de la part des Europ\u00e9ens pour d\u00e9cider si l&rsquo;accord sur le nucl\u00e9aire pouvait \u00eatre sauv\u00e9, au premier jour d&rsquo;une visite \u00e0 T\u00e9h\u00e9ran du commissaire europ\u00e9en \u00e0 l&rsquo;Energie, Miguel Arias Canete. M. Canete est le premier responsable occidental \u00e0 \u00eatre re\u00e7u dans la capitale iranienne depuis la d\u00e9cision des [&hellip;]<\/p>\n","protected":false},"author":1,"featured_media":3529,"comment_status":"open","ping_status":"closed","sticky":false,"template":"","format":"standard","meta":{"footnotes":""},"categories":[30],"tags":[441,820],"class_list":["post-3528","post","type-post","status-publish","format-standard","has-post-thumbnail","hentry","category-actualite","tag-iran","tag-nucleaire"],"aioseo_notices":[],"_links":{"self":[{"href":"https:\/\/www.culturalusa.com\/news\/wp-json\/wp\/v2\/posts\/3528","targetHints":{"allow":["GET"]}}],"collection":[{"href":"https:\/\/www.culturalusa.com\/news\/wp-json\/wp\/v2\/posts"}],"about":[{"href":"https:\/\/www.culturalusa.com\/news\/wp-json\/wp\/v2\/types\/post"}],"author":[{"embeddable":true,"href":"https:\/\/www.culturalusa.com\/news\/wp-json\/wp\/v2\/users\/1"}],"replies":[{"embeddable":true,"href":"https:\/\/www.culturalusa.com\/news\/wp-json\/wp\/v2\/comments?post=3528"}],"version-history":[{"count":0,"href":"https:\/\/www.culturalusa.com\/news\/wp-json\/wp\/v2\/posts\/3528\/revisions"}],"wp:featuredmedia":[{"embeddable":true,"href":"https:\/\/www.culturalusa.com\/news\/wp-json\/wp\/v2\/media\/3529"}],"wp:attachment":[{"href":"https:\/\/www.culturalusa.com\/news\/wp-json\/wp\/v2\/media?parent=3528"}],"wp:term":[{"taxonomy":"category","embeddable":true,"href":"https:\/\/www.culturalusa.com\/news\/wp-json\/wp\/v2\/categories?post=3528"},{"taxonomy":"post_tag","embeddable":true,"href":"https:\/\/www.culturalusa.com\/news\/wp-json\/wp\/v2\/tags?post=3528"}],"curies":[{"name":"wp","href":"https:\/\/api.w.org\/{rel}","templated":true}]}}