{"id":3531,"date":"2018-05-19T22:11:34","date_gmt":"2018-05-19T20:11:34","guid":{"rendered":"https:\/\/www.culturalusa.com\/news\/?p=3531"},"modified":"2018-05-19T22:11:34","modified_gmt":"2018-05-19T20:11:34","slug":"la-protection-des-abeilles-necessaire-a-la-securite-alimentaire","status":"publish","type":"post","link":"https:\/\/www.culturalusa.com\/news\/economie\/la-protection-des-abeilles-necessaire-a-la-securite-alimentaire\/","title":{"rendered":"La protection des abeilles n\u00e9cessaire \u00e0 la s\u00e9curit\u00e9 alimentaire"},"content":{"rendered":"<p><img loading=\"lazy\" decoding=\"async\" src=\"https:\/\/www.culturalusa.com\/news\/wp-content\/uploads\/2018\/05\/abeille.jpg\" alt=\"\" width=\"470\" height=\"300\" class=\"aligncenter size-full wp-image-3532\" srcset=\"https:\/\/www.culturalusa.com\/news\/wp-content\/uploads\/2018\/05\/abeille.jpg 470w, https:\/\/www.culturalusa.com\/news\/wp-content\/uploads\/2018\/05\/abeille-275x176.jpg 275w\" sizes=\"auto, (max-width: 470px) 100vw, 470px\" \/>L&rsquo;Organisation de l&rsquo;ONU pour l&rsquo;alimentation et l&rsquo;agriculture (FAO) et l&rsquo;Union europ\u00e9enne (UE) ont appel\u00e9 samedi \u00e0 une action mondiale pour prot\u00e9ger les pollinisateurs, en particulier les abeilles, indispensables pour assurer la s\u00e9curit\u00e9 alimentaire.<\/p>\n<p>\u00ab\u00a0Il n&rsquo;est pas possible d&rsquo;avoir une s\u00e9curit\u00e9 alimentaire si nous n&rsquo;avons pas de pollinisateurs\u00a0\u00bb, a expliqu\u00e9 Jose Graziano da Silva, directeur g\u00e9n\u00e9ral de la FAO lors d&rsquo;une conf\u00e9rence en Slov\u00e9nie en vue de la premi\u00e8re journ\u00e9e mondiale de l&rsquo;abeille, dimanche.<\/p>\n<p>Afin de souligner l&rsquo;importance de la pr\u00e9servation des abeilles et autres pollinisateurs, les Nations Unies ont, sur proposition slov\u00e8ne, proclam\u00e9 le 20 mai Journ\u00e9e mondiale des abeilles.<\/p>\n<p>Ce jour, correspondant \u00e0 l&rsquo;anniversaire d&rsquo;Anton Jansa (1734-1773), pionnier slov\u00e8ne de l&rsquo;apiculture moderne.<\/p>\n<p>\u00ab\u00a0Les pollinisateurs sont responsables de la plupart des r\u00e9coltes et de la nourriture que nous mangeons\u00a0\u00bb, a-t-il ajout\u00e9.<\/p>\n<p>Pour lutter contre l&rsquo;impact des pesticides, la r\u00e9duction des zones foresti\u00e8res et de la faune, le monde doit trouver \u00ab\u00a0des moyens pour \u00e9tendre et pr\u00e9server la biodiversit\u00e9 et parmi les pollinisateurs, les abeilles sont les plus affect\u00e9es\u00a0\u00bb selon lui.<\/p>\n<p>Les abeilles contribuent \u00e0 la pollinisation de 90% des principales cultures dans le monde, mais ces derni\u00e8res ann\u00e9es, beaucoup d&rsquo;entre elles ont disparu, victimes du \u00absyndrome d&rsquo;effondrement des colonies\u00bb, un fl\u00e9au myst\u00e9rieux imput\u00e9 en partie aux pesticides.<\/p>\n<p>Selon l&rsquo;ONU, 40% des pollinisateurs invert\u00e9br\u00e9s &#8211; abeilles et papillons en particulier- sont menac\u00e9s d&rsquo;extinction \u00e0 l&rsquo;\u00e9chelle mondiale.<\/p>\n<p>Le Commissaire \u00e0 l&rsquo;environnement de l&rsquo;Union europ\u00e9enne, Karmenu Vella, qui participait \u00e9galement \u00e0 cette conf\u00e9rence, a annonc\u00e9 que la Commission s&rsquo;appr\u00eater \u00e0 pr\u00e9senter un plan d&rsquo;action pour la protection des pollinisateurs 1er juin prochain.<\/p>\n<p>Jeudi, le tribunal de l&rsquo;Union europ\u00e9enne a confirm\u00e9 les restrictions d&rsquo;utilisation impos\u00e9es en 2013 \u00e0 trois n\u00e9onicotino\u00efdes, des insecticides consid\u00e9r\u00e9s comme nocifs pour les abeilles, qui \u00e9taient contest\u00e9es par les fabricants Bayer et Syngenta.<\/p>\n","protected":false},"excerpt":{"rendered":"<p>L&rsquo;Organisation de l&rsquo;ONU pour l&rsquo;alimentation et l&rsquo;agriculture (FAO) et l&rsquo;Union europ\u00e9enne (UE) ont appel\u00e9 samedi \u00e0 une action mondiale pour prot\u00e9ger les pollinisateurs, en particulier les abeilles, indispensables pour assurer la s\u00e9curit\u00e9 alimentaire. \u00ab\u00a0Il n&rsquo;est pas possible d&rsquo;avoir une s\u00e9curit\u00e9 alimentaire si nous n&rsquo;avons pas de pollinisateurs\u00a0\u00bb, a expliqu\u00e9 Jose Graziano da Silva, directeur g\u00e9n\u00e9ral [&hellip;]<\/p>\n","protected":false},"author":1,"featured_media":0,"comment_status":"open","ping_status":"closed","sticky":false,"template":"","format":"standard","meta":{"footnotes":""},"categories":[1],"tags":[821,822],"class_list":["post-3531","post","type-post","status-publish","format-standard","hentry","category-economie","tag-abeilles","tag-securite-alimentaire"],"aioseo_notices":[],"_links":{"self":[{"href":"https:\/\/www.culturalusa.com\/news\/wp-json\/wp\/v2\/posts\/3531","targetHints":{"allow":["GET"]}}],"collection":[{"href":"https:\/\/www.culturalusa.com\/news\/wp-json\/wp\/v2\/posts"}],"about":[{"href":"https:\/\/www.culturalusa.com\/news\/wp-json\/wp\/v2\/types\/post"}],"author":[{"embeddable":true,"href":"https:\/\/www.culturalusa.com\/news\/wp-json\/wp\/v2\/users\/1"}],"replies":[{"embeddable":true,"href":"https:\/\/www.culturalusa.com\/news\/wp-json\/wp\/v2\/comments?post=3531"}],"version-history":[{"count":0,"href":"https:\/\/www.culturalusa.com\/news\/wp-json\/wp\/v2\/posts\/3531\/revisions"}],"wp:attachment":[{"href":"https:\/\/www.culturalusa.com\/news\/wp-json\/wp\/v2\/media?parent=3531"}],"wp:term":[{"taxonomy":"category","embeddable":true,"href":"https:\/\/www.culturalusa.com\/news\/wp-json\/wp\/v2\/categories?post=3531"},{"taxonomy":"post_tag","embeddable":true,"href":"https:\/\/www.culturalusa.com\/news\/wp-json\/wp\/v2\/tags?post=3531"}],"curies":[{"name":"wp","href":"https:\/\/api.w.org\/{rel}","templated":true}]}}