{"id":3540,"date":"2018-05-21T13:27:53","date_gmt":"2018-05-21T11:27:53","guid":{"rendered":"https:\/\/www.culturalusa.com\/news\/?p=3540"},"modified":"2020-10-20T18:01:13","modified_gmt":"2020-10-20T16:01:13","slug":"italie-giuseppe-conte-pressenti-pour-diriger-le-gouvernement","status":"publish","type":"post","link":"https:\/\/www.culturalusa.com\/news\/actualite\/italie-giuseppe-conte-pressenti-pour-diriger-le-gouvernement\/","title":{"rendered":"Italie: Giuseppe Conte pressenti pour diriger le gouvernement"},"content":{"rendered":"<p>Giuseppe Conte, avocat et professeur de droit de 54 ans, inconnu du grand public et jusqu&rsquo;\u00e0 pr\u00e9sent \u00e9loign\u00e9 du monde politique italien, est pressenti pour diriger le gouvernement en gestation en Italie, selon la presse italienne.<\/p>\n<p>Luigi Di Maio et Matteo Salvini, les chefs de file du Mouvement 5 \u00e9toiles (M5S, antisyst\u00e8me) et de la Ligue (ultra droite) qui ont conclu un accord sur un programme commun, doivent pr\u00e9senter lundi en fin d&rsquo;apr\u00e8s-midi leur choix pour diriger le gouvernement.<\/p>\n<p>Les deux hommes sont rest\u00e9s tr\u00e8s discrets, mais apr\u00e8s s&rsquo;\u00eatre perdue en conjectures pendant une dizaine de jours, la presse italienne pariait lundi sur Giuseppe Conte.<\/p>\n<p>N\u00e9 en 1964 \u00e0 Volturara Appula, une minuscule commune de 500 habitants des Pouilles (sud), M. Conte a fait de brillantes \u00e9tudes de droit \u00e0 Rome.<\/p>\n<p>Avant les \u00e9lections l\u00e9gislatives du 4 mars, le M5S l&rsquo;avait pr\u00e9sent\u00e9 comme possible ministre charg\u00e9 de \u00ab\u00a0d\u00e9bureaucratiser\u00a0\u00bb l&rsquo;administration publique.<\/p>\n<p>Le public avait alors bri\u00e8vement d\u00e9couvert cet homme assez grand, arborant un \u00e9l\u00e9gant costume et une m\u00e8che rebelle brune, qui ne s&rsquo;est ensuite plus montr\u00e9 pendant les tractations gouvernementales.<\/p>\n<p>Son CV publi\u00e9 sur le site internet du M5S court sur 12 pages et mentionne des s\u00e9jours d&rsquo;\u00e9tudes et de recherches dans les universit\u00e9s les plus prestigieuses du monde entier.<\/p>\n<p>Il a enseign\u00e9 dans des universit\u00e9s en Sardaigne, \u00e0 Rome, \u00e0 Florence ou \u00e0 Malte et il donne actuellement des cours de droit priv\u00e9 \u00e0 Florence et \u00e0 la prestigieuse universit\u00e9 Luiss de Rome. Il a aussi un studio d&rsquo;avocats \u00e0 Rome.<\/p>\n<p>Il a \u00e9t\u00e9 membre du conseil d&rsquo;administration de l&rsquo;Agence spatiale italienne, consultant juridique de la Chambre de commerce de Rome, ou encore membre du comit\u00e9 de surveillance de plusieurs soci\u00e9t\u00e9s d&rsquo;assurances en faillite.<\/p>\n","protected":false},"excerpt":{"rendered":"<p>Giuseppe Conte, avocat et professeur de droit de 54 ans, inconnu du grand public et jusqu&rsquo;\u00e0 pr\u00e9sent \u00e9loign\u00e9 du monde politique italien, est pressenti pour diriger le gouvernement en gestation en Italie, selon la presse italienne. Luigi Di Maio et Matteo Salvini, les chefs de file du Mouvement 5 \u00e9toiles (M5S, antisyst\u00e8me) et de la [&hellip;]<\/p>\n","protected":false},"author":1,"featured_media":3541,"comment_status":"open","ping_status":"closed","sticky":false,"template":"","format":"standard","meta":{"footnotes":""},"categories":[30],"tags":[823,542],"class_list":["post-3540","post","type-post","status-publish","format-standard","has-post-thumbnail","hentry","category-actualite","tag-giuseppe-conte","tag-italie"],"aioseo_notices":[],"_links":{"self":[{"href":"https:\/\/www.culturalusa.com\/news\/wp-json\/wp\/v2\/posts\/3540","targetHints":{"allow":["GET"]}}],"collection":[{"href":"https:\/\/www.culturalusa.com\/news\/wp-json\/wp\/v2\/posts"}],"about":[{"href":"https:\/\/www.culturalusa.com\/news\/wp-json\/wp\/v2\/types\/post"}],"author":[{"embeddable":true,"href":"https:\/\/www.culturalusa.com\/news\/wp-json\/wp\/v2\/users\/1"}],"replies":[{"embeddable":true,"href":"https:\/\/www.culturalusa.com\/news\/wp-json\/wp\/v2\/comments?post=3540"}],"version-history":[{"count":0,"href":"https:\/\/www.culturalusa.com\/news\/wp-json\/wp\/v2\/posts\/3540\/revisions"}],"wp:featuredmedia":[{"embeddable":true,"href":"https:\/\/www.culturalusa.com\/news\/wp-json\/wp\/v2\/media\/3541"}],"wp:attachment":[{"href":"https:\/\/www.culturalusa.com\/news\/wp-json\/wp\/v2\/media?parent=3540"}],"wp:term":[{"taxonomy":"category","embeddable":true,"href":"https:\/\/www.culturalusa.com\/news\/wp-json\/wp\/v2\/categories?post=3540"},{"taxonomy":"post_tag","embeddable":true,"href":"https:\/\/www.culturalusa.com\/news\/wp-json\/wp\/v2\/tags?post=3540"}],"curies":[{"name":"wp","href":"https:\/\/api.w.org\/{rel}","templated":true}]}}