{"id":3591,"date":"2018-05-24T00:01:23","date_gmt":"2018-05-23T22:01:23","guid":{"rendered":"https:\/\/www.culturalusa.com\/news\/?p=3591"},"modified":"2020-10-20T18:00:29","modified_gmt":"2020-10-20T16:00:29","slug":"macron-se-felicite-des-engagements-des-geants-du-web","status":"publish","type":"post","link":"https:\/\/www.culturalusa.com\/news\/actualite\/macron-se-felicite-des-engagements-des-geants-du-web\/","title":{"rendered":"Macron se f\u00e9licite des engagements des g\u00e9ants du num\u00e9rique"},"content":{"rendered":"<p>Emmanuel Macron s&rsquo;est f\u00e9licit\u00e9 d&rsquo;avoir obtenu de plusieurs g\u00e9ants mondiaux du num\u00e9rique des engagements pour le \u00ab\u00a0bien commun\u00a0\u00bb, de la protection sociale \u00e0 l&rsquo;\u00e9ducation, apr\u00e8s avoir r\u00e9uni \u00e0 l&rsquo;Elys\u00e9e une soixantaine de dirigeants dont le PDG de Facebook, Mark Zuckerberg.<\/p>\n<p>R\u00e9pondant \u00e0 l&rsquo;appel du pr\u00e9sident fran\u00e7ais, plusieurs groupes ont annonc\u00e9 mercredi des mesures sociales et \u00e9ducatives ou des investissements, dont Uber et Deliveroo qui offriront \u00e0 leurs chauffeurs et coursiers en Europe une protection sociale priv\u00e9e, IBM qui va embaucher 1.400 personnes en France, et Microsoft qui va recruter une centaine d&rsquo;experts en intelligence artificielle (IA). Facebook va renforcer ses investissements en France consacr\u00e9s \u00e0 l&rsquo;intelligence artificielle.<\/p>\n<p>Facebook AI Research a promis de financer 48 bourses et 8 th\u00e8ses consacr\u00e9es \u00e0 l&rsquo;IA dans 4 universit\u00e9s fran\u00e7aises, soit le double de celles annonc\u00e9es en janvier 2018 dans le cadre d&rsquo;une premi\u00e8re enveloppe de 10 millions d&rsquo;euros. Facebook a \u00e9galement doubl\u00e9 le nombre de serveurs &#8211; au nombre de 20 d\u00e9sormais &#8211; qui seront offerts \u00e0 des instituts de recherche fran\u00e7ais d&rsquo;ici 2022.<\/p>\n<p>Le chef de l&rsquo;Etat avait invit\u00e9 pour un d\u00e9jeuner \u00e0 huis clos le gratin de la high-tech mondiale: outre Mark Zuckerberg, Satya Nadella (Microsoft), Dara Khosrowshahi (Uber), Ginni Rometty (IBM), Bill McDermott (SAP), Alex Karp (Palantir) ainsi que des patrons fran\u00e7ais (Free, Orange, Les Echos, RATP, SNCF, Sanofi, BNP Paribas, Thales, OpenClassrooms&#8230;) aux c\u00f4t\u00e9s du pr\u00e9sident rwandais Paul Kagame. Il a aussi re\u00e7u en t\u00eate-\u00e0-t\u00eate Mark Zuckerberg et les dirigeants d&rsquo;Uber, Microsoft et IBM.<\/p>\n<p>Au cours du d\u00e9jeuner, il a f\u00e9licit\u00e9 les patrons pour leur r\u00e9ussite mais leur a aussi demand\u00e9 de contribuer aux charges communes et abord\u00e9 des sujets d\u00e9licats comme la taxation, la lutte contre les contenus ill\u00e9gaux ou encore la protection des donn\u00e9es.<\/p>\n<p>\u00ab\u00a0Je suis favorable \u00e0 l&rsquo;innovation et en m\u00eame temps je suis pour le travail pour le bien commun et pour une r\u00e9gulation dure\u00a0\u00bb, en particulier sur le retrait de la propagande jihadiste et le cyber-harc\u00e8lement, a expliqu\u00e9 le pr\u00e9sident de la R\u00e9publique lors d&rsquo;une conf\u00e9rence de presse avec le pr\u00e9sident rwandais Paul Kagame.<\/p>\n<p>Il s&rsquo;est dit aussi d\u00e9termin\u00e9 \u00e0 plaider \u00e0 Bruxelles pour une taxation des g\u00e9ants du net \u00e0 3% du chiffre d&rsquo;affaires. \u00ab\u00a0J&rsquo;irai au bout de ce combat\u00a0\u00bb, a-t-il promis.<\/p>\n<p>\u00ab\u00a0L&rsquo;absence de r\u00e8gles pour le bien commun n&rsquo;est pas bonne pour les leaders de la tech, car quand il n&rsquo;y a plus de r\u00e8gle, c&rsquo;est le citoyen qui finit par dire que \u00e7a ne va plus\u00a0\u00bb, a-t-il averti, leur demandant de ne pas \u00eatre des \u00ab\u00a0passagers clandestins\u00a0\u00bb de la collectivit\u00e9.<\/p>\n<p>Momentum<\/p>\n<p>Ce sommet organis\u00e9 par l&rsquo;Elys\u00e9e a lieu en pleine mont\u00e9e des critiques contre les g\u00e9ants d&rsquo;internet sur le pillage de donn\u00e9es, les fausses nouvelles, les comportements pr\u00e9dateurs ou l&rsquo;\u00e9vasion fiscale.<\/p>\n<p>Mark Zuckerberg, d\u00e9j\u00e0 interrog\u00e9 par le Congr\u00e8s am\u00e9ricain, a ainsi d\u00fb s&rsquo;excuser mardi devant le Parlement europ\u00e9en pour le manque de protection des donn\u00e9es de ses utilisateurs, apr\u00e8s le scandale de la firme britannique Cambridge Analytica.<\/p>\n<p>Favorable aux entrepreneurs, le pr\u00e9sident fran\u00e7ais a multipli\u00e9 les appels aux chefs d&rsquo;entreprise depuis son \u00e9lection pour leur demander d&rsquo;investir en France ou d\u00e9fendre l&rsquo;environnement. Mardi encore, il les a appel\u00e9s \u00e0 embaucher des jeunes de banlieues.<\/p>\n<p>Pour lui, de tels sommets cr\u00e9ent des \u00ab\u00a0momentum\u00a0\u00bb qui d\u00e9clenchent des d\u00e9cisions. \u00ab\u00a0C&rsquo;est un catalyseur: le pr\u00e9sident met un poids politique, les si\u00e8ges aux Etats-Unis valident les annonces. Cela entra\u00eene les autres, les patrons ne veulent pas \u00eatre moins-disant que leurs voisins\u00a0\u00bb, expliquent les conseillers de l&rsquo;Elys\u00e9e.<\/p>\n<p>Dans l&rsquo;apr\u00e8s-midi, les dirigeants se sont retrouv\u00e9s \u00e0 Matignon pour des ateliers consacr\u00e9s \u00e0 l&rsquo;avenir du travail, la diversit\u00e9 et l&rsquo;\u00e9ducation, en pr\u00e9sence de plusieurs ministres.<\/p>\n<p>Rendant compte de ces travaux, Dara Khosrowshahi (Uber), Ginni Rometty (IBM), Bill McDermott (SAP), ont lanc\u00e9 des appels \u00e0 des efforts d&rsquo;\u00e9ducation associant le priv\u00e9 et le public, pour \u00e9viter que la r\u00e9volution num\u00e9rique ne laisse \u00e0 la tra\u00eene une partie de la population.<\/p>\n<p>\u00ab\u00a0Nous devons repenser notre syst\u00e8me \u00e9ducatif, former les formateurs\u00a0\u00bb pour \u00eatre \u00e0 la fois \u00ab\u00a0en mesure de profiter\u00a0\u00bb des progr\u00e8s num\u00e9riques, mais aussi \u00ab\u00a0d&rsquo;apprendre \u00e0 les questionner\u00a0\u00bb, a acquiesc\u00e9 Edouard Philippe.<\/p>\n<p>La plupart des invit\u00e9s de l&rsquo;Elys\u00e9e se retrouveront jeudi \u00e0 VivaTech \u00e0 la Porte de Versailles, un raout international o\u00f9 sont attendus des milliers de start ups et pr\u00e8s de 80.000 visiteurs.<\/p>\n<p>Emmanuel Macron y prononcera un discours dans la matin\u00e9e avant de s&rsquo;envoler pour Saint-P\u00e9tersbourg. (AFP)<\/p>\n","protected":false},"excerpt":{"rendered":"<p>Emmanuel Macron s&rsquo;est f\u00e9licit\u00e9 d&rsquo;avoir obtenu de plusieurs g\u00e9ants mondiaux du num\u00e9rique des engagements pour le \u00ab\u00a0bien commun\u00a0\u00bb, de la protection sociale \u00e0 l&rsquo;\u00e9ducation, apr\u00e8s avoir r\u00e9uni \u00e0 l&rsquo;Elys\u00e9e une soixantaine de dirigeants dont le PDG de Facebook, Mark Zuckerberg. R\u00e9pondant \u00e0 l&rsquo;appel du pr\u00e9sident fran\u00e7ais, plusieurs groupes ont annonc\u00e9 mercredi des mesures sociales et [&hellip;]<\/p>\n","protected":false},"author":1,"featured_media":3592,"comment_status":"open","ping_status":"closed","sticky":false,"template":"","format":"standard","meta":{"footnotes":""},"categories":[30],"tags":[829,642,828,969],"class_list":["post-3591","post","type-post","status-publish","format-standard","has-post-thumbnail","hentry","category-actualite","tag-elysee","tag-emmanuel-macron","tag-geants-du-web","tag-numerique"],"aioseo_notices":[],"_links":{"self":[{"href":"https:\/\/www.culturalusa.com\/news\/wp-json\/wp\/v2\/posts\/3591","targetHints":{"allow":["GET"]}}],"collection":[{"href":"https:\/\/www.culturalusa.com\/news\/wp-json\/wp\/v2\/posts"}],"about":[{"href":"https:\/\/www.culturalusa.com\/news\/wp-json\/wp\/v2\/types\/post"}],"author":[{"embeddable":true,"href":"https:\/\/www.culturalusa.com\/news\/wp-json\/wp\/v2\/users\/1"}],"replies":[{"embeddable":true,"href":"https:\/\/www.culturalusa.com\/news\/wp-json\/wp\/v2\/comments?post=3591"}],"version-history":[{"count":0,"href":"https:\/\/www.culturalusa.com\/news\/wp-json\/wp\/v2\/posts\/3591\/revisions"}],"wp:featuredmedia":[{"embeddable":true,"href":"https:\/\/www.culturalusa.com\/news\/wp-json\/wp\/v2\/media\/3592"}],"wp:attachment":[{"href":"https:\/\/www.culturalusa.com\/news\/wp-json\/wp\/v2\/media?parent=3591"}],"wp:term":[{"taxonomy":"category","embeddable":true,"href":"https:\/\/www.culturalusa.com\/news\/wp-json\/wp\/v2\/categories?post=3591"},{"taxonomy":"post_tag","embeddable":true,"href":"https:\/\/www.culturalusa.com\/news\/wp-json\/wp\/v2\/tags?post=3591"}],"curies":[{"name":"wp","href":"https:\/\/api.w.org\/{rel}","templated":true}]}}