{"id":3629,"date":"2018-06-11T10:53:53","date_gmt":"2018-06-11T08:53:53","guid":{"rendered":"https:\/\/www.culturalusa.com\/news\/?p=3629"},"modified":"2020-11-04T14:11:00","modified_gmt":"2020-11-04T13:11:00","slug":"angela-merkel-reste-opposee-aux-idees-de-macron-sur-la-zone-euro","status":"publish","type":"post","link":"https:\/\/www.culturalusa.com\/news\/economie\/angela-merkel-reste-opposee-aux-idees-de-macron-sur-la-zone-euro\/","title":{"rendered":"Angela Merkel reste oppos\u00e9e aux id\u00e9es de Macron sur la zone euro"},"content":{"rendered":"<p>La chanceli\u00e8re allemande Merkel a indiqu\u00e9 \u00eatre oppos\u00e9e \u00e0 l&rsquo;une des id\u00e9es phares de r\u00e9forme de la zone euro du pr\u00e9sident fran\u00e7ais qui veut la doter d&rsquo;un important budget d&rsquo;investissements.<\/p>\n<p>\u00ab\u00a0Je ne dis pas que ce qu&rsquo;il n&rsquo;aura rien de ce qu&rsquo;il veut\u00a0\u00bb, a-t-elle dit \u00e0 la t\u00e9l\u00e9vision allemande, mais M. Macron a fait des propositions \u00ab\u00a0dont il sait depuis longtemps qu&rsquo;elles ne sont pas les bonnes selon moi\u00a0\u00bb.<\/p>\n<p>Elle a insist\u00e9 en particulier sur son id\u00e9e \u00ab\u00a0d&rsquo;investir 1 ou 2% du PIB dans la zone euro\u00a0\u00bb, soit des centaines de milliards d&rsquo;euros.<\/p>\n<p>Dans un entretien la semaine pass\u00e9e, Mme Merkel avait conc\u00e9d\u00e9 un budget \u00ab\u00a0limit\u00e9\u00a0\u00bb \u00e0 quelques dizaines de milliards, alors que l&rsquo;Allemagne craint avant tout une mutualisation des dettes des membres de l&rsquo;Euro.<\/p>\n<p>La France et l&rsquo;Allemagne tentent de finaliser des propositions communes pour la r\u00e9forme de la zone euro, \u00e0 l&rsquo;occasion d&rsquo;un conseil des ministres franco-allemands le 19 juin, avant le sommet de l&rsquo;UE dix jours plus tard.<\/p>\n<p>Paris et Berlin restent \u00ab\u00a0d\u00e9termin\u00e9s\u00a0\u00bb \u00e0 trouver rapidement un compromis sur la r\u00e9forme de la zone euro, a d\u00e9clar\u00e9 dimanche \u00e0 l&rsquo;AFP une source gouvernementale fran\u00e7aise, apr\u00e8s une entrevue marathon des ministres des Finances des deux pays \u00e0 Paris.<\/p>\n<p>Revenant dimanche soir sur un autre grand chantier de r\u00e9formes en vue du sommet de l&rsquo;Union europ\u00e9enne, Mme Merkel a de nouveau martel\u00e9 la n\u00e9cessit\u00e9 d&rsquo;une politique d&rsquo;asile commune et d&rsquo;un partage du fardeau migratoire au nom des le\u00e7ons de la crise de 2015, une position rejet\u00e9e par nombre de pays europ\u00e9ens, en particulier ceux de l&rsquo;Est qui ne veulent pas voir s&rsquo;imposer de demandeurs d&rsquo;asile.<\/p>\n<p>\u00ab\u00a0Si nous voulons agir ensemble, alors nous avons besoin d&rsquo;un standard d&rsquo;asile commun, et si nous voulons renforcer la libert\u00e9 de circulation, alors il nous faut un vrai syst\u00e8me de garde-fronti\u00e8res europ\u00e9ens\u00a0\u00bb, a-t-elle dit.<\/p>\n<p>Ces r\u00e9formes sont essentielles, \u00ab\u00a0m\u00eame si cela ne plait pas \u00e0 certains qui ont une fronti\u00e8re ext\u00e9rieure de l&rsquo;UE\u00a0\u00bb.<\/p>\n<p>\u00ab\u00a0Je vais y jeter toutes mes forces, car sinon l&rsquo;Europe est menac\u00e9e\u00a0\u00bb, a signifi\u00e9 Mme Merkel. (AFP)<\/p>\n","protected":false},"excerpt":{"rendered":"<p>La chanceli\u00e8re allemande Merkel a indiqu\u00e9 \u00eatre oppos\u00e9e \u00e0 l&rsquo;une des id\u00e9es phares de r\u00e9forme de la zone euro du pr\u00e9sident fran\u00e7ais qui veut la doter d&rsquo;un important budget d&rsquo;investissements. \u00ab\u00a0Je ne dis pas que ce qu&rsquo;il n&rsquo;aura rien de ce qu&rsquo;il veut\u00a0\u00bb, a-t-elle dit \u00e0 la t\u00e9l\u00e9vision allemande, mais M. Macron a fait des [&hellip;]<\/p>\n","protected":false},"author":1,"featured_media":4142,"comment_status":"open","ping_status":"closed","sticky":false,"template":"","format":"standard","meta":{"footnotes":""},"categories":[1],"tags":[136],"class_list":["post-3629","post","type-post","status-publish","format-standard","has-post-thumbnail","hentry","category-economie","tag-zone-euro"],"aioseo_notices":[],"_links":{"self":[{"href":"https:\/\/www.culturalusa.com\/news\/wp-json\/wp\/v2\/posts\/3629","targetHints":{"allow":["GET"]}}],"collection":[{"href":"https:\/\/www.culturalusa.com\/news\/wp-json\/wp\/v2\/posts"}],"about":[{"href":"https:\/\/www.culturalusa.com\/news\/wp-json\/wp\/v2\/types\/post"}],"author":[{"embeddable":true,"href":"https:\/\/www.culturalusa.com\/news\/wp-json\/wp\/v2\/users\/1"}],"replies":[{"embeddable":true,"href":"https:\/\/www.culturalusa.com\/news\/wp-json\/wp\/v2\/comments?post=3629"}],"version-history":[{"count":0,"href":"https:\/\/www.culturalusa.com\/news\/wp-json\/wp\/v2\/posts\/3629\/revisions"}],"wp:featuredmedia":[{"embeddable":true,"href":"https:\/\/www.culturalusa.com\/news\/wp-json\/wp\/v2\/media\/4142"}],"wp:attachment":[{"href":"https:\/\/www.culturalusa.com\/news\/wp-json\/wp\/v2\/media?parent=3629"}],"wp:term":[{"taxonomy":"category","embeddable":true,"href":"https:\/\/www.culturalusa.com\/news\/wp-json\/wp\/v2\/categories?post=3629"},{"taxonomy":"post_tag","embeddable":true,"href":"https:\/\/www.culturalusa.com\/news\/wp-json\/wp\/v2\/tags?post=3629"}],"curies":[{"name":"wp","href":"https:\/\/api.w.org\/{rel}","templated":true}]}}