{"id":3632,"date":"2018-06-11T11:05:29","date_gmt":"2018-06-11T09:05:29","guid":{"rendered":"https:\/\/www.culturalusa.com\/news\/?p=3632"},"modified":"2020-09-26T18:54:07","modified_gmt":"2020-09-26T16:54:07","slug":"vladimir-poutine-est-pret-a-rencontrer-trump-des-que-possible","status":"publish","type":"post","link":"https:\/\/www.culturalusa.com\/news\/monde\/vladimir-poutine-est-pret-a-rencontrer-trump-des-que-possible\/","title":{"rendered":"Vladimir Poutine est pr\u00eat \u00e0 rencontrer Trump d\u00e8s que possible"},"content":{"rendered":"<p>Le pr\u00e9sident russe V. Poutine a annonc\u00e9 qu&rsquo;il \u00e9tait pr\u00eat \u00e0 rencontrer son homologue am\u00e9ricain \u00ab\u00a0d\u00e8s que\u00a0\u00bb Donald Trump sera dispos\u00e9 \u00e0 un sommet entre les deux hommes.<\/p>\n<p>\u00ab\u00a0D\u00e8s que la partie am\u00e9ricaine sera pr\u00eate, cette r\u00e9union aura lieu, en fonction de mon emploi du temps bien entendu\u00a0\u00bb, a affirm\u00e9 M. Poutine \u00e0 des journalistes lors d&rsquo;un d\u00e9placement en Chine.<\/p>\n<p>\u00ab\u00a0Le pr\u00e9sident am\u00e9ricain a lui-m\u00eame dit et r\u00e9p\u00e9t\u00e9 qu&rsquo;il consid\u00e9rait utile une telle rencontre. Je peux le confirmer. C&rsquo;est vrai\u00a0\u00bb, a ajout\u00e9 le pr\u00e9sident russe.<\/p>\n<p>Il a ajout\u00e9 qu&rsquo;il n&rsquo;avait pas discut\u00e9 avec Donald Trump du lieu o\u00f9 pourrait se d\u00e9rouler une telle rencontre, mais que \u00ab\u00a0beaucoup\u00a0\u00bb de pays \u00e9taient pr\u00eats \u00e0 l&rsquo;accueillir, notamment l&rsquo;Autriche.<\/p>\n<p>\u00ab\u00a0C&rsquo;est juste une question technique\u00a0\u00bb, a-t-il estim\u00e9.<\/p>\n<p>\u00ab\u00a0Il est important pour des rencontres de ce type, quand elles ont lieu, d&rsquo;avoir un contenu concret\u00a0\u00bb, a-t-il poursuivi.<\/p>\n<p>Selon le Wall Street Journal, le pr\u00e9sident russe a demand\u00e9 au chancelier autrichien Sebastian Kurz, lors d&rsquo;une visite \u00e0 Vienne en d\u00e9but de semaine, d&rsquo;aider \u00e0 organiser un sommet du type que Washington envisage.<\/p>\n<p>En d\u00e9pit des sanctions europ\u00e9ennes contre la Russie, l&rsquo;Autriche est rest\u00e9e proche de Moscou et, \u00e0 l&rsquo;inverse de plusieurs autres pays europ\u00e9ens, n&rsquo;a pas expuls\u00e9 de diplomate russe \u00e0 la suite de l&#8217;empoisonnement en mars au Royaume-Uni d&rsquo;un ancien agent secret russe et de sa fille. (AFP)<\/p>\n","protected":false},"excerpt":{"rendered":"<p>Le pr\u00e9sident russe V. Poutine a annonc\u00e9 qu&rsquo;il \u00e9tait pr\u00eat \u00e0 rencontrer son homologue am\u00e9ricain \u00ab\u00a0d\u00e8s que\u00a0\u00bb Donald Trump sera dispos\u00e9 \u00e0 un sommet entre les deux hommes. \u00ab\u00a0D\u00e8s que la partie am\u00e9ricaine sera pr\u00eate, cette r\u00e9union aura lieu, en fonction de mon emploi du temps bien entendu\u00a0\u00bb, a affirm\u00e9 M. Poutine \u00e0 des journalistes [&hellip;]<\/p>\n","protected":false},"author":1,"featured_media":3633,"comment_status":"open","ping_status":"closed","sticky":false,"template":"","format":"standard","meta":{"footnotes":""},"categories":[1372],"tags":[832],"class_list":["post-3632","post","type-post","status-publish","format-standard","has-post-thumbnail","hentry","category-monde","tag-trump-et-poutine"],"aioseo_notices":[],"_links":{"self":[{"href":"https:\/\/www.culturalusa.com\/news\/wp-json\/wp\/v2\/posts\/3632","targetHints":{"allow":["GET"]}}],"collection":[{"href":"https:\/\/www.culturalusa.com\/news\/wp-json\/wp\/v2\/posts"}],"about":[{"href":"https:\/\/www.culturalusa.com\/news\/wp-json\/wp\/v2\/types\/post"}],"author":[{"embeddable":true,"href":"https:\/\/www.culturalusa.com\/news\/wp-json\/wp\/v2\/users\/1"}],"replies":[{"embeddable":true,"href":"https:\/\/www.culturalusa.com\/news\/wp-json\/wp\/v2\/comments?post=3632"}],"version-history":[{"count":0,"href":"https:\/\/www.culturalusa.com\/news\/wp-json\/wp\/v2\/posts\/3632\/revisions"}],"wp:featuredmedia":[{"embeddable":true,"href":"https:\/\/www.culturalusa.com\/news\/wp-json\/wp\/v2\/media\/3633"}],"wp:attachment":[{"href":"https:\/\/www.culturalusa.com\/news\/wp-json\/wp\/v2\/media?parent=3632"}],"wp:term":[{"taxonomy":"category","embeddable":true,"href":"https:\/\/www.culturalusa.com\/news\/wp-json\/wp\/v2\/categories?post=3632"},{"taxonomy":"post_tag","embeddable":true,"href":"https:\/\/www.culturalusa.com\/news\/wp-json\/wp\/v2\/tags?post=3632"}],"curies":[{"name":"wp","href":"https:\/\/api.w.org\/{rel}","templated":true}]}}