{"id":3658,"date":"2018-06-16T15:58:48","date_gmt":"2018-06-16T13:58:48","guid":{"rendered":"https:\/\/www.culturalusa.com\/news\/?p=3658"},"modified":"2020-09-26T18:52:40","modified_gmt":"2020-09-26T16:52:40","slug":"pres-de-90-des-allemands-veulent-plus-dexpulsions-de-migrants","status":"publish","type":"post","link":"https:\/\/www.culturalusa.com\/news\/monde\/pres-de-90-des-allemands-veulent-plus-dexpulsions-de-migrants\/","title":{"rendered":"Pr\u00e8s de 90% des Allemands veulent plus d&rsquo;expulsions de Migrants"},"content":{"rendered":"<p>Pr\u00e8s de 90% des Allemands veulent une acc\u00e9l\u00e9ration des expulsions d&rsquo;\u00e9trangers en situation irr\u00e9guli\u00e8re, selon un sondage publi\u00e9 vendredi en pleine fronde gouvernementale de la droite conservatrice sur la politique migratoire contre la chanceli\u00e8re Angela Merkel.<\/p>\n<p>Chaque camp restant sur ses positions, aucune r\u00e9union de conciliation n&rsquo;est pr\u00e9vue pour r\u00e9gler le conflit opposant Mme Merkel \u00e0 son ministre de l&rsquo;Int\u00e9rieur Horst Seehofer, chef de file de l&rsquo;aile la plus \u00e0 droite de la fragile coalition gouvernementale qui veut imposer un tour de vis \u00e0 la politique d&rsquo;accueil des demandeurs d&rsquo;asile.<\/p>\n<p>86% des Allemands sont favorables \u00e0 l&rsquo;acc\u00e9l\u00e9ration des expulsions des migrants d\u00e9bout\u00e9s de leur demande d&rsquo;asile, selon le sondage de r\u00e9f\u00e9rence de la cha\u00eene publique ARD, le Deutschlandtrend, r\u00e9alis\u00e9 en d\u00e9but de semaine, au d\u00e9but du conflit politique mena\u00e7ant la chanceli\u00e8re.<\/p>\n<p>Et 62% des personnes interrog\u00e9es consid\u00e8rent que les \u00e9trangers sans papiers arrivant aux fronti\u00e8res de l&rsquo;Allemagne doivent \u00eatre refoul\u00e9s, une mesure voulue par M. Seehofer et rejet\u00e9e par Mme Merkel dans le conflit politique qui les oppose.<\/p>\n<p>Le ministre de l&rsquo;Int\u00e9rieur veut en outre refouler \u00e0 la fronti\u00e8re les demandeurs d&rsquo;asile arrivant en Allemagne bien qu&rsquo;ils aient \u00e9t\u00e9 enregistr\u00e9s par un autre pays dans la base de donn\u00e9es de l&rsquo;UE. La chanceli\u00e8re refuse cette mesure unilat\u00e9rale et pr\u00f4ne une solution coordonn\u00e9e \u00e0 l&rsquo;\u00e9chelle europ\u00e9enne lors du sommet de la fin juin.<\/p>\n<p>Lundi, la CSU, le parti de M. Seehofer, doit d\u00e9cider si le ministre imposera ses vues par d\u00e9cret, ce qui pourrait amener \u00e0 son limogeage voire \u00e0 une chute du gouvernement Merkel.<\/p>\n<p>M. Seehofer a par ailleurs limog\u00e9 la patronne de l&rsquo;Office pour les migrants et les r\u00e9fugi\u00e9s (Bamf), Jutta Cordt, a indiqu\u00e9 vendredi soir une porte-parole du minist\u00e8re de l&rsquo;Int\u00e9rieur, dont d\u00e9pend l&rsquo;Office.<\/p>\n<p>Le Bamf \u00e9tait depuis plusieurs semaines au coeur d&rsquo;un scandale autour du droit d&rsquo;asile, l&rsquo;une de ses antennes \u00e0 Br\u00eame \u00e9tant soup\u00e7onn\u00e9e d&rsquo;avoir ind\u00fbment favoris\u00e9 plus de 1.200 demandes d&rsquo;asile.<\/p>\n<p>La justice a ouvert une enqu\u00eate pour \u00ab\u00a0corruption\u00a0\u00bb et \u00ab\u00a0d\u00e9p\u00f4t en bande organis\u00e9e de demandes d&rsquo;asile abusives\u00a0\u00bb.<\/p>\n<p>Signe des interrogations que suscite la crise gouvernementale pour l&rsquo;avenir de la chanceli\u00e8re, le canular vendredi d&rsquo;un magazine satirique annon\u00e7ant la fin de la coalition au pouvoir a \u00e9t\u00e9 repris par de nombreux m\u00e9dias. Pour r\u00e9ussir, un journaliste du magazine Titanic a maquill\u00e9 son compte certifi\u00e9 en compte d&rsquo;une cha\u00eene de t\u00e9l\u00e9vision respect\u00e9e.<\/p>\n<p>Apr\u00e8s les l\u00e9gislatives de septembre, marqu\u00e9es par le score historique de l&rsquo;extr\u00eame droite, la chanceli\u00e8re a mis six mois \u00e0 former une fragile coalition r\u00e9unissant son parti, la CDU, les conservateurs bavarois de M. Seehofer et les sociaux-d\u00e9mocrates du SPD.<\/p>\n<p>Le vice-chancelier Olaf Scholz, un social-d\u00e9mocrate, a appel\u00e9 ses partenaires \u00e0 mettre fin au conflit: \u00ab\u00a0la t\u00e2che de gouverner notre pays n&rsquo;est pas un nouvel \u00e9pisode de Games of Thrones mais une mission bien r\u00e9elle\u00a0\u00bb, a-t-il tweet\u00e9. (AFP)<\/p>\n","protected":false},"excerpt":{"rendered":"<p>Pr\u00e8s de 90% des Allemands veulent une acc\u00e9l\u00e9ration des expulsions d&rsquo;\u00e9trangers en situation irr\u00e9guli\u00e8re, selon un sondage publi\u00e9 vendredi en pleine fronde gouvernementale de la droite conservatrice sur la politique migratoire contre la chanceli\u00e8re Angela Merkel. Chaque camp restant sur ses positions, aucune r\u00e9union de conciliation n&rsquo;est pr\u00e9vue pour r\u00e9gler le conflit opposant Mme Merkel [&hellip;]<\/p>\n","protected":false},"author":1,"featured_media":3660,"comment_status":"open","ping_status":"closed","sticky":false,"template":"","format":"standard","meta":{"footnotes":""},"categories":[1372],"tags":[615,835],"class_list":["post-3658","post","type-post","status-publish","format-standard","has-post-thumbnail","hentry","category-monde","tag-allemagne","tag-expulsions-de-migrants"],"aioseo_notices":[],"_links":{"self":[{"href":"https:\/\/www.culturalusa.com\/news\/wp-json\/wp\/v2\/posts\/3658","targetHints":{"allow":["GET"]}}],"collection":[{"href":"https:\/\/www.culturalusa.com\/news\/wp-json\/wp\/v2\/posts"}],"about":[{"href":"https:\/\/www.culturalusa.com\/news\/wp-json\/wp\/v2\/types\/post"}],"author":[{"embeddable":true,"href":"https:\/\/www.culturalusa.com\/news\/wp-json\/wp\/v2\/users\/1"}],"replies":[{"embeddable":true,"href":"https:\/\/www.culturalusa.com\/news\/wp-json\/wp\/v2\/comments?post=3658"}],"version-history":[{"count":0,"href":"https:\/\/www.culturalusa.com\/news\/wp-json\/wp\/v2\/posts\/3658\/revisions"}],"wp:featuredmedia":[{"embeddable":true,"href":"https:\/\/www.culturalusa.com\/news\/wp-json\/wp\/v2\/media\/3660"}],"wp:attachment":[{"href":"https:\/\/www.culturalusa.com\/news\/wp-json\/wp\/v2\/media?parent=3658"}],"wp:term":[{"taxonomy":"category","embeddable":true,"href":"https:\/\/www.culturalusa.com\/news\/wp-json\/wp\/v2\/categories?post=3658"},{"taxonomy":"post_tag","embeddable":true,"href":"https:\/\/www.culturalusa.com\/news\/wp-json\/wp\/v2\/tags?post=3658"}],"curies":[{"name":"wp","href":"https:\/\/api.w.org\/{rel}","templated":true}]}}